{"id":62516,"date":"2022-06-06T00:20:50","date_gmt":"2022-06-06T00:20:50","guid":{"rendered":"https:\/\/puntoapunto.com.ar\/?p=334145"},"modified":"2022-06-06T00:20:50","modified_gmt":"2022-06-06T00:20:50","slug":"el-presidente-agarro-la-lapicera-sale-matias-kulfas-entra-daniel-scioli","status":"publish","type":"post","link":"http:\/\/cordobadirecto.com\/index.php\/2022\/06\/06\/el-presidente-agarro-la-lapicera-sale-matias-kulfas-entra-daniel-scioli\/","title":{"rendered":"El Presidente agarr\u00f3 la lapicera: sale Mat\u00edas Kulfas, entra Daniel Scioli"},"content":{"rendered":"<p><strong>Daniel Scioli,<\/strong> embajador argentino en Brasil, <strong>ser\u00e1 el reemplazante del saliente ministro de Desarrollo Productivo, Mat\u00edas Kulfas.<\/strong><\/p>\n<div class=\"g g-35\">\n<div class=\"g-single a-29\"><a class=\"gofollow\" data-track=\"MjksMzUsMSw2MA==\" href=\"https:\/\/www.harmoniechateau.com.ar\/\" target=\"_blank\" rel=\"noopener\"><img src=\"http:\/\/cordobadirecto.com\/wp-content\/uploads\/2022\/06\/el-presidente-agarro-la-lapicera-sale-matias-kulfas-entra-daniel-scioli.gif\"><\/a><\/div>\n<\/div>\n<p>La decisi\u00f3n llega tras el pedido de renuncia del&nbsp;presidente<strong> Alberto Fern\u00e1ndez a Kulfas<\/strong>, luego de darse a conocer una difusi\u00f3n en&nbsp;<i>off<\/i>&nbsp;presuntamente realizada por su cartera en la que atacan a Energ\u00eda Argentina por la licitaci\u00f3n de los ca\u00f1os y las v\u00e1lvulas del Gasoducto N\u00e9stor Kirchner.<\/p>\n<p>A trav\u00e9s de su cuenta de Twitter, Fern\u00e1ndez consider\u00f3 \u00ab\u00e9ticamente reprochable hablar en off en desmedro de otro\u00bb y dijo que \u00e9l no avalaba \u00abesos procederes\u00bb, en alusi\u00f3n al informe difundido sobre la empresa estatal Energ\u00eda Argentina y la licitaci\u00f3n para adquirir los insumos necesarios para el trazado del gasoducto.<\/p>\n<blockquote class=\"twitter-tweet\" data-width=\"500\" data-dnt=\"true\" readability=\"10.038461538462\">\n<p lang=\"es\" dir=\"ltr\">Es \u00e9ticamente reprochable hablar en off en desmedro de otro. As\u00ed siempre lo he expresado p\u00fablicamente. <br \/>No avalo esos procederes y comparto el malestar expresado por <a href=\"https:\/\/twitter.com\/CFKArgentina?ref_src=twsrc%5Etfw\">@CFKArgentina<\/a> <br \/>El debate que debamos dar, d\u00e9moslo con responsabilidad.<\/p>\n<p>\u2014 Alberto Fern\u00e1ndez (@alferdez) <a href=\"https:\/\/twitter.com\/alferdez\/status\/1533128775956840448?ref_src=twsrc%5Etfw\">June 4, 2022<\/a><\/p>\n<\/blockquote>\n<p>Durante algunas horas las versiones del reemplazante de Kulfas apuntaran a Sergio Massa y Victoria Tolosa Paz, finalmente la elecci\u00f3n del Presidente se inclin\u00f3 hacia la figura del el exgobernador bonaerense. La renovaci\u00f3n del Gabinete sumar\u00e1 adem\u00e1s a <strong>Agust\u00edn Rossi en la Agencia Federal de Inteligencia.<\/strong><\/p>\n<p class=\"com-paragraph --s\">La jura de Scioli al cargo se concretar\u00e1 luego del viaje del presidente a la Cumbre de las Am\u00e9ricas, que se realizar\u00e1 esta semana en Los \u00c1ngeles, Estados Unidos.<\/p>\n<p class=\"com-paragraph --s\">Exvicepresidente, exgobernador de la provincia de Buenos Aires y excandidato a presidente,&nbsp;Scioli cumple funciones como embajador en Brasil desde agosto de 2020,&nbsp;pocos meses despu\u00e9s de la llegada de Fern\u00e1ndez al poder.<\/p>\n","protected":false},"excerpt":{"rendered":"<p>Daniel Scioli, embajador argentino en Brasil, ser\u00e1 el reemplazante del saliente ministro de Desarrollo Productivo, Mat\u00edas Kulfas. La decisi\u00f3n llega tras el pedido de renuncia del&nbsp;presidente Alberto Fern\u00e1ndez a Kulfas, luego de darse a conocer una difusi\u00f3n en&nbsp;off&nbsp;presuntamente realizada por su cartera en la que atacan a Energ\u00eda Argentina por la licitaci\u00f3n de los ca\u00f1os [&hellip;]<\/p>\n","protected":false},"author":1,"featured_media":62517,"comment_status":"closed","ping_status":"closed","sticky":false,"template":"","format":"standard","meta":[],"categories":[23,25],"tags":[],"_links":{"self":[{"href":"http:\/\/cordobadirecto.com\/index.php\/wp-json\/wp\/v2\/posts\/62516"}],"collection":[{"href":"http:\/\/cordobadirecto.com\/index.php\/wp-json\/wp\/v2\/posts"}],"about":[{"href":"http:\/\/cordobadirecto.com\/index.php\/wp-json\/wp\/v2\/types\/post"}],"author":[{"embeddable":true,"href":"http:\/\/cordobadirecto.com\/index.php\/wp-json\/wp\/v2\/users\/1"}],"replies":[{"embeddable":true,"href":"http:\/\/cordobadirecto.com\/index.php\/wp-json\/wp\/v2\/comments?post=62516"}],"version-history":[{"count":0,"href":"http:\/\/cordobadirecto.com\/index.php\/wp-json\/wp\/v2\/posts\/62516\/revisions"}],"wp:featuredmedia":[{"embeddable":true,"href":"http:\/\/cordobadirecto.com\/index.php\/wp-json\/wp\/v2\/media\/62517"}],"wp:attachment":[{"href":"http:\/\/cordobadirecto.com\/index.php\/wp-json\/wp\/v2\/media?parent=62516"}],"wp:term":[{"taxonomy":"category","embeddable":true,"href":"http:\/\/cordobadirecto.com\/index.php\/wp-json\/wp\/v2\/categories?post=62516"},{"taxonomy":"post_tag","embeddable":true,"href":"http:\/\/cordobadirecto.com\/index.php\/wp-json\/wp\/v2\/tags?post=62516"}],"curies":[{"name":"wp","href":"https:\/\/api.w.org\/{rel}","templated":true}]}}