{"id":62635,"date":"2022-06-05T22:02:09","date_gmt":"2022-06-05T22:02:09","guid":{"rendered":"https:\/\/www.ole.com.ar\/autos\/recorrido-dakar-2023_0_cb8x9Tm91u.html"},"modified":"2022-06-05T22:02:09","modified_gmt":"2022-06-05T22:02:09","slug":"como-sera-el-recorrido-en-el-dakar-2023","status":"publish","type":"post","link":"http:\/\/cordobadirecto.com\/index.php\/2022\/06\/05\/como-sera-el-recorrido-en-el-dakar-2023\/","title":{"rendered":"\u00bfC\u00f3mo ser\u00e1 el recorrido en el Dakar 2023?"},"content":{"rendered":"<p>Cuando falta medio a\u00f1o para que se ponga en marcha la pr\u00f3xima gran aventura, la organizaci\u00f3n comunic\u00f3 las caracter\u00edsticas de un nuevo Dakar, que ser\u00e1 la primera fecha del Campeonato del Mundo FIA-FIM de rally-raid 2023.<\/p>\n<div class=\"sp__SM\">\n<div class=\"content-new \">\n<span class=\"tit-mobile\">Mir\u00e1 tambi\u00e9n<\/span><\/p>\n<div class=\"mg\">\n<div class=\"wrap-figure\">\n<picture>\n<a href=\"https:\/\/www.ole.com.ar\/autos\/josito-di-palma-gano-buenos-aires_0_cJb7YyAWis.html\" target=\"_self\" rel=\"noopener\"><br \/>\n<img class=\"img-responsive\" alt=\"No tuvo rivales\" src=\"http:\/\/cordobadirecto.com\/wp-content\/uploads\/2022\/06\/como-sera-el-recorrido-en-el-dakar-2023.jpg\" loading=\"lazy\"><br \/>\n<\/a>\n<\/picture>\n<\/div>\n<\/div><\/div>\n<\/div>\n<p>Para el Dakar del a\u00f1o que viene, <mark>la competencia cruzar\u00e1 de orilla a orilla a Arabia Saudita, ya que se pondr\u00e1 en marcha el 31 de diciembre en las playas del Mar Rojo y llegar\u00e1 a su fin el 15 de enero sobre el Golfo P\u00e9rsico, en Dammam.<\/mark><\/p>\n<p>Esta diagonal, que cruzar\u00e1 el pa\u00eds de lado a lado, <mark>ser\u00e1 un circuito completo de 14 etapas que dirigir\u00e1n la carrera primero hacia las regiones monta\u00f1osas del noroeste,<\/mark> antes de ir al sudeste para una inmersi\u00f3n de tres d\u00edas en el oc\u00e9ano de dunas del Empty Quarter.<\/p>\n<p>La playa y la vuelta a la convivencia tendr\u00e1n protagonismo desde la llegada de los participantes a Arabia Saud\u00ed, <mark>ya que el flamante formato de Gran Salida prev\u00e9 reunir en un mismo campamento a toda la caravana del Dakar durante la segunda parte de las verificaciones t\u00e9cnicas y administrativas (la primera ser\u00e1 en el circuito de Castellet a finales de noviembre). <\/mark>Se redise\u00f1aron las infraestructuras para la ocasi\u00f3n con el objetivo de integrar m\u00e1s espacios de entretenimiento, convivencia e interacci\u00f3n.<\/p>\n<p>El concepto de Sea Camp se trata de recrear un trozo de desierto a la orilla del mar. <mark>La aventura ya habr\u00e1 iniciado. 1 + 14 = 15 D\u00cdAS DE CARRERA El Dakar 2023 destaca por su duraci\u00f3n: 14 etapas a las que se suma un pr\u00f3logo para dar como resultado 15 d\u00edas de acci\u00f3n. El trayecto incluye un 70 % de especiales in\u00e9ditas.<\/mark><\/p>\n<p><mark>El formato tambi\u00e9n es el m\u00e1s denso que haya tenido el rally en su etapa m\u00e1s moderna, ya que las especiales programadas rozan en su gran mayor\u00eda los 450 kil\u00f3metros<\/mark>, mientras que se disminuy\u00f3 la distancia de los tramos de enlace con la idea de recortar el tiempo necesario para recorrer estas secciones y regresar al vivac.<\/p>\n<div class=\"sp__SM\">\n<div class=\"content-new \">\n<span class=\"tit-mobile\">Mir\u00e1 tambi\u00e9n<\/span><\/p>\n<div class=\"mg\">\n<div class=\"wrap-figure\">\n<picture>\n<a href=\"https:\/\/www.ole.com.ar\/autos\/aleix-espargaro-blooper-festejo-gp_0_LMMY1hkvX6.html\" target=\"_self\" rel=\"noopener\"><br \/>\n<img class=\"img-responsive\" alt=\"Video: el ins\u00f3lito blooper de Aleix Espargar\u00f3 que lo dej\u00f3 sin podio\" src=\"http:\/\/cordobadirecto.com\/wp-content\/uploads\/2022\/06\/como-sera-el-recorrido-en-el-dakar-2023-1.jpg\" loading=\"lazy\"><br \/>\n<\/a>\n<\/picture>\n<\/div>\n<\/div><\/div>\n<\/div>\n<div class=\"entry-tags\">\n<h2>TEMAS QUE APARECEN EN ESTA NOTA<\/h2>\n<\/p><\/div>\n","protected":false},"excerpt":{"rendered":"<p>Cuando falta medio a\u00f1o para que se ponga en marcha la pr\u00f3xima gran aventura, la organizaci\u00f3n comunic\u00f3 las caracter\u00edsticas de un nuevo Dakar, que ser\u00e1 la primera fecha del Campeonato del Mundo FIA-FIM de rally-raid 2023. Mir\u00e1 tambi\u00e9n Para el Dakar del a\u00f1o que viene, la competencia cruzar\u00e1 de orilla a orilla a Arabia Saudita, [&hellip;]<\/p>\n","protected":false},"author":1,"featured_media":62636,"comment_status":"closed","ping_status":"closed","sticky":false,"template":"","format":"standard","meta":[],"categories":[21],"tags":[],"_links":{"self":[{"href":"http:\/\/cordobadirecto.com\/index.php\/wp-json\/wp\/v2\/posts\/62635"}],"collection":[{"href":"http:\/\/cordobadirecto.com\/index.php\/wp-json\/wp\/v2\/posts"}],"about":[{"href":"http:\/\/cordobadirecto.com\/index.php\/wp-json\/wp\/v2\/types\/post"}],"author":[{"embeddable":true,"href":"http:\/\/cordobadirecto.com\/index.php\/wp-json\/wp\/v2\/users\/1"}],"replies":[{"embeddable":true,"href":"http:\/\/cordobadirecto.com\/index.php\/wp-json\/wp\/v2\/comments?post=62635"}],"version-history":[{"count":0,"href":"http:\/\/cordobadirecto.com\/index.php\/wp-json\/wp\/v2\/posts\/62635\/revisions"}],"wp:featuredmedia":[{"embeddable":true,"href":"http:\/\/cordobadirecto.com\/index.php\/wp-json\/wp\/v2\/media\/62636"}],"wp:attachment":[{"href":"http:\/\/cordobadirecto.com\/index.php\/wp-json\/wp\/v2\/media?parent=62635"}],"wp:term":[{"taxonomy":"category","embeddable":true,"href":"http:\/\/cordobadirecto.com\/index.php\/wp-json\/wp\/v2\/categories?post=62635"},{"taxonomy":"post_tag","embeddable":true,"href":"http:\/\/cordobadirecto.com\/index.php\/wp-json\/wp\/v2\/tags?post=62635"}],"curies":[{"name":"wp","href":"https:\/\/api.w.org\/{rel}","templated":true}]}}