{"id":62989,"date":"2022-06-05T15:14:03","date_gmt":"2022-06-05T15:14:03","guid":{"rendered":"https:\/\/www.ole.com.ar\/autos\/aleix-espargaro-blooper-festejo-gp_0_LMMY1hkvX6.html"},"modified":"2022-06-05T15:14:03","modified_gmt":"2022-06-05T15:14:03","slug":"video-el-insolito-blooper-de-aleix-espargaro-que-lo-dejo-sin-podio","status":"publish","type":"post","link":"http:\/\/cordobadirecto.com\/index.php\/2022\/06\/05\/video-el-insolito-blooper-de-aleix-espargaro-que-lo-dejo-sin-podio\/","title":{"rendered":"Video: el ins\u00f3lito blooper de Aleix Espargar\u00f3 que lo dej\u00f3 sin podio"},"content":{"rendered":"<p><strong><a alt=\"aleix-espargaro\" class=\"slug\" href=\"https:\/\/www.ole.com.ar\/tema\/aleix-espargaro.html\" target=\"_blank\" title=\"aleix-espargaro\" rel=\"noopener\">Aleix Espargar\u00f3<\/a><\/strong> fue protagonista de uno de esos errores imperdonables que inevitablemente quedan para el recuerdo y <strong>cada tanto los volvemos a ver en alg\u00fan compilado de los bloopers m\u00e1s divertidos del mundo del deporte.<\/strong> Es que en plena final del GP de Catalunya de<strong><a alt=\"motogp\" class=\"slug\" href=\"https:\/\/www.ole.com.ar\/tema\/motogp.html\" target=\"_blank\" title=\"motogp\" rel=\"noopener\"> MotoGP<\/a><\/strong>, el piloto local, quien hab\u00eda hecho la pole el d\u00eda anterior, <strong>pens\u00f3 que la carrera ya hab\u00eda terminado y comenz\u00f3 a celebrar ante su p\u00fablico.<\/strong><\/p>\n<p>Sin embargo,<strong> lo que el nacido en&nbsp;Granollers no sab\u00eda -hasta el momento- es que a\u00fan \u00a1faltaba una vuelta para el final!<\/strong> Mientras en el box se agarraban la cabeza, lleg\u00f3 el tan esperado aviso de que a\u00fan restaba un giro, por lo que&nbsp;Espargar\u00f3 intent\u00f3 volver r\u00e1pidamente a la carrera,<strong> pero ya era tarde: lo que podr\u00eda haber sido un segundo lugar, un podio ante su gente, finalmente fue un quinto puesto con sabor a poco.&nbsp;<\/strong><\/p>\n<p>&#8220;La pizarra estaba muy cerca de la curva y<strong> no me ha dado tiempo a ver la informaci\u00f3n, de modo que he mirado a la torre y he visto \u2018vueltas 1\u2019, as\u00ed que he hecho una vuelta y he cortado gas<\/strong>. No me he acordado de que aqu\u00ed, en Montmel\u00f3, la \u00faltima vuelta es la \u20180\u2019. Iba muy concentrado y no me he fijado ni en la bandera de cuadros ni en nada&#8221;, se justific\u00f3 el piloto del Aprilia Racing Factory. <\/p>\n<div class=\"sp__SM\">\n<div class=\"content-new \">\n<span class=\"tit-mobile\">Mir\u00e1 tambi\u00e9n<\/span><\/p>\n<div class=\"mg\">\n<div class=\"wrap-figure\">\n<picture>\n<a href=\"https:\/\/www.ole.com.ar\/autos\/valentino-rossi-retiro-46-motogp_0_ZPayCeoU8t.html\" target=\"_self\" rel=\"noopener\"><br \/>\n<img class=\"img-responsive\" alt=\"Retiraron el 46 de Valentino Rossi\" src=\"http:\/\/cordobadirecto.com\/wp-content\/uploads\/2022\/06\/video-el-insolito-blooper-de-aleix-espargaro-que-lo-dejo-sin-podio.jpg\" loading=\"lazy\"><br \/>\n<\/a>\n<\/picture>\n<\/div>\n<\/div><\/div>\n<\/div>\n<p><strong>&#8220;En ese momento vi en una pantalla grande que mostraba a Massimo Rivola poni\u00e9ndose las manos a la cabeza, como si el motor se hubiera roto.<\/strong> He visto que todos los dem\u00e1s pilotos tiraban y apret\u00e9 a tope. Me imaginaba que estar\u00eda el 12\u00ba. <strong>En tema de puntos tampoco ha sido una p\u00e9rdida descomunal, pero ten\u00eda los 20 puntos asegurados. <\/strong>Es uno de los d\u00edas m\u00e1s dif\u00edciles&#8221;, sigui\u00f3. <\/p>\n<p>Y, a\u00fan lament\u00e1ndose por lo sucedido, agreg\u00f3: <strong>&#8220;Lo \u00fanico que puedo hacer es pedir disculpas al equipo, porque la culpa ha sido m\u00eda, al 100%.<\/strong> Estos errores son inaceptables en esta categor\u00eda. En Alemania intentar\u00e9 ganar. He hecho un fin de semana perfecto. Era el quinto podio seguido. E<strong>n fin, es lo que hay. S\u00ed, es uno de los momentos m\u00e1s dif\u00edciles de mi carrera deportiva&#8221;. <\/strong><\/p>\n<div class=\"sp__SM\">\n<div class=\"content-new \">\n<span class=\"tit-mobile\">Mir\u00e1 tambi\u00e9n<\/span><\/p>\n<div class=\"mg\">\n<div class=\"wrap-figure\">\n<picture>\n<a href=\"https:\/\/www.ole.com.ar\/autos\/bagnaia-pole-francia_0_ZxCa1UmM9o.html\" target=\"_self\" rel=\"noopener\"><br \/>\n<img class=\"img-responsive\" alt=\"Pole para Pecco en Le Mans\" src=\"http:\/\/cordobadirecto.com\/wp-content\/uploads\/2022\/06\/video-el-insolito-blooper-de-aleix-espargaro-que-lo-dejo-sin-podio-1.jpg\" loading=\"lazy\"><br \/>\n<\/a>\n<\/picture>\n<\/div>\n<\/div><\/div>\n<\/div>\n<h2><strong>\u200bQuartararo festej\u00f3<\/strong><br \/><\/h2>\n<p><strong><a alt=\"fabio-quartararo\" class=\"slug\" href=\"https:\/\/www.ole.com.ar\/tema\/fabio-quartararo.html\" target=\"_blank\" title=\"fabio-quartararo\" rel=\"noopener\">Fabio Quartararo<\/a> <\/strong>(Yamaha), quien lideraba la carrera en el momento del error de Espargar\u00f3 y quien finalmente se qued\u00f3 con la victoria en Montmel\u00f3, tambi\u00e9n se refiri\u00f3 a lo sucedido: <strong>&#8220;He escuchado lo que le ha pasado. Es una pena para \u00e9l, pero un poquito mejor para nosotros. Sabemos que Aleix ser\u00e1 el chico para luchar durante todo el campeonato&#8221;.<\/strong><\/p>\n<div class=\"sp__SM\">\n<div class=\"content-new \">\n<span class=\"tit-mobile\">Mir\u00e1 tambi\u00e9n<\/span><\/p>\n<div class=\"mg\">\n<div class=\"wrap-figure\">\n<picture>\n<a href=\"https:\/\/www.ole.com.ar\/autos\/enea-bastianini-domino-viernes_0_iag7Y8fYcZ.html\" target=\"_self\" rel=\"noopener\"><br \/>\n<img class=\"img-responsive\" alt=\"Bastianini, el m\u00e1s veloz del viernes\" src=\"http:\/\/cordobadirecto.com\/wp-content\/uploads\/2022\/06\/video-el-insolito-blooper-de-aleix-espargaro-que-lo-dejo-sin-podio-2.jpg\" loading=\"lazy\"><br \/>\n<\/a>\n<\/picture>\n<\/div>\n<\/div><\/div>\n<\/div>\n<div class=\"entry-tags\">\n<h2>TEMAS QUE APARECEN EN ESTA NOTA<\/h2>\n<\/p><\/div>\n","protected":false},"excerpt":{"rendered":"<p>Aleix Espargar\u00f3 fue protagonista de uno de esos errores imperdonables que inevitablemente quedan para el recuerdo y cada tanto los volvemos a ver en alg\u00fan compilado de los bloopers m\u00e1s divertidos del mundo del deporte. Es que en plena final del GP de Catalunya de MotoGP, el piloto local, quien hab\u00eda hecho la pole el [&hellip;]<\/p>\n","protected":false},"author":1,"featured_media":62990,"comment_status":"closed","ping_status":"closed","sticky":false,"template":"","format":"standard","meta":[],"categories":[21],"tags":[],"_links":{"self":[{"href":"http:\/\/cordobadirecto.com\/index.php\/wp-json\/wp\/v2\/posts\/62989"}],"collection":[{"href":"http:\/\/cordobadirecto.com\/index.php\/wp-json\/wp\/v2\/posts"}],"about":[{"href":"http:\/\/cordobadirecto.com\/index.php\/wp-json\/wp\/v2\/types\/post"}],"author":[{"embeddable":true,"href":"http:\/\/cordobadirecto.com\/index.php\/wp-json\/wp\/v2\/users\/1"}],"replies":[{"embeddable":true,"href":"http:\/\/cordobadirecto.com\/index.php\/wp-json\/wp\/v2\/comments?post=62989"}],"version-history":[{"count":0,"href":"http:\/\/cordobadirecto.com\/index.php\/wp-json\/wp\/v2\/posts\/62989\/revisions"}],"wp:featuredmedia":[{"embeddable":true,"href":"http:\/\/cordobadirecto.com\/index.php\/wp-json\/wp\/v2\/media\/62990"}],"wp:attachment":[{"href":"http:\/\/cordobadirecto.com\/index.php\/wp-json\/wp\/v2\/media?parent=62989"}],"wp:term":[{"taxonomy":"category","embeddable":true,"href":"http:\/\/cordobadirecto.com\/index.php\/wp-json\/wp\/v2\/categories?post=62989"},{"taxonomy":"post_tag","embeddable":true,"href":"http:\/\/cordobadirecto.com\/index.php\/wp-json\/wp\/v2\/tags?post=62989"}],"curies":[{"name":"wp","href":"https:\/\/api.w.org\/{rel}","templated":true}]}}