{"id":64081,"date":"2022-06-15T04:52:48","date_gmt":"2022-06-15T04:52:48","guid":{"rendered":"https:\/\/lmdiario.com.ar\/contenido\/343977\/relevan-que-las-ventas-minoristas-cayeron-13-interanual-en-cordoba"},"modified":"2022-06-15T04:52:48","modified_gmt":"2022-06-15T04:52:48","slug":"relevan-que-las-ventas-minoristas-cayeron-13-interanual-en-cordoba","status":"publish","type":"post","link":"http:\/\/cordobadirecto.com\/index.php\/2022\/06\/15\/relevan-que-las-ventas-minoristas-cayeron-13-interanual-en-cordoba\/","title":{"rendered":"Relevan que las ventas minoristas cayeron 1,3% interanual en C\u00f3rdoba"},"content":{"rendered":"<div readability=\"32\"> <img loading=\"lazy\" alt=\"almac\u00e9n\" class=\"img-responsive lazyload\" data-alto-grande=\"932\" data-ancho-grande=\"1600\" data-sizes=\"auto\" data-src=\"\/download\/multimedia.normal.b4438d162f61911d.616c6d6163c3a96e5f6e6f726d616c2e6a7067.jpg\" data-srcset=\"\/download\/multimedia.normal.b4438d162f61911d.616c6d6163c3a96e5f6e6f726d616c2e6a7067.jpg 800w, \/download\/multimedia.grande.ac11059bb42fffa5.616c6d6163c3a96e5f6772616e64652e6a7067.jpg 1600w, \/download\/multimedia.miniatura.832e4fceb0cfde48.616c6d6163c3a96e5f6d696e6961747572612e6a7067.jpg 240w\" height=\"466\" src=\"data:,\" width=\"800\"> <\/p>\n<p> <span>Alimentos y bebidas se vendieron un 1% menos que en abril de 2021.<\/span> <\/p>\n<\/p><\/div>\n<div readability=\"102\">\n<p>Las ventas minoristas de los comercios pymes de la provincia de C\u00f3rdoba finalizaron abril con una <strong>ca\u00edda del 1,3% frente a igual mes del a\u00f1o anterior,<\/strong> de acuerdo con los datos relevados por la Federaci\u00f3n Comercial de C\u00f3rdoba (Fedecom), y sus C\u00e1maras y Centros Comerciales adheridos.&nbsp;<\/p>\n<p>Vale recordar que en abril de 2021, respecto a abril de 2020, <strong>las ventas hab\u00edan aumentado 48,9%.&nbsp;<\/strong><\/p>\n<p>\u201cPese a que en la mayor\u00eda de los casos se han negociado paritarias, <strong>el poder adquisitivo de las familias se ve afectado constantemente por las subas de la inflaci\u00f3n<\/strong>. Ni qu\u00e9 hablar del nivel de afectaci\u00f3n que sufren aquellas familias que no tienen ingresos actualizados, sino que son cuentapropistas o informales\u201d, refiri\u00f3 Ezequiel Cerezo, presidente de Fedecom, al dar a conocer el resultado del relevamiento.<\/p>\n<p>\u201cSeguimos observando que las familias, debido a la incertidumbre que generan los precios, concentran sus gastos en aquellos art\u00edculos o elementos que consideran imprescindible o muy necesario, porque no saben lo que van a costar m\u00e1s adelante o para cu\u00e1nto les alcanzar\u00e1\u201d, agreg\u00f3.<\/p>\n<p>De acuerdo con el detalle del relevamiento, los 11 rubros monitoreados por la entidad mostraron ca\u00eddas en la comparaci\u00f3n interanual, siempre respecto a las cantidades vendidas. El detalle del desempe\u00f1o fue el siguiente:<\/p>\n<p><strong>Alimentos y bebidas (-1,0%);<\/strong><\/p>\n<p>Art\u00edculos deportivos y de recreaci\u00f3n (-1,2%);<\/p>\n<p>Calzados y marroquiner\u00eda 0,3%;<\/p>\n<p>Electrodom\u00e9sticos y art\u00edculos electr\u00f3nicos (-1,5%);&nbsp;<\/p>\n<p>Farmacia (-1,8%);<\/p>\n<p>Ferreter\u00eda, materiales el\u00e9ctricos y materiales para la construcci\u00f3n (-1,3%);<\/p>\n<p>Indumentaria (-1,6%);&nbsp;<\/p>\n<p>Jugueter\u00eda y librer\u00edas (-0,9%);&nbsp;<\/p>\n<p>Muebles y decoraci\u00f3n (-1,7%);&nbsp;<\/p>\n<p><strong>Neum\u00e1ticos y repuestos (-1,9%);<\/strong><\/p>\n<p>Perfumer\u00eda y cosm\u00e9tica (-1,2%).<\/p>\n<p>\u201cOtro indicador que muestra las dificultades de las familias es el incremento en el proporcional de pago de consumos con tarjeta de cr\u00e9dito. En abril, el 79% de las transacciones se realizaron con tarjeta de cr\u00e9dito, y <strong>s\u00f3lo un 21% al contado\u201d<\/strong>, agreg\u00f3 Cerezo al recordar que en marzo el 57% de las ventas fueron con cr\u00e9dito.<\/p>\n<\/p><\/div>\n","protected":false},"excerpt":{"rendered":"<p>Alimentos y bebidas se vendieron un 1% menos que en abril de 2021. Las ventas minoristas de los comercios pymes de la provincia de C\u00f3rdoba finalizaron abril con una ca\u00edda del 1,3% frente a igual mes del a\u00f1o anterior, de acuerdo con los datos relevados por la Federaci\u00f3n Comercial de C\u00f3rdoba (Fedecom), y sus C\u00e1maras [&hellip;]<\/p>\n","protected":false},"author":1,"featured_media":0,"comment_status":"open","ping_status":"closed","sticky":false,"template":"","format":"standard","meta":[],"categories":[23,25],"tags":[],"_links":{"self":[{"href":"http:\/\/cordobadirecto.com\/index.php\/wp-json\/wp\/v2\/posts\/64081"}],"collection":[{"href":"http:\/\/cordobadirecto.com\/index.php\/wp-json\/wp\/v2\/posts"}],"about":[{"href":"http:\/\/cordobadirecto.com\/index.php\/wp-json\/wp\/v2\/types\/post"}],"author":[{"embeddable":true,"href":"http:\/\/cordobadirecto.com\/index.php\/wp-json\/wp\/v2\/users\/1"}],"replies":[{"embeddable":true,"href":"http:\/\/cordobadirecto.com\/index.php\/wp-json\/wp\/v2\/comments?post=64081"}],"version-history":[{"count":0,"href":"http:\/\/cordobadirecto.com\/index.php\/wp-json\/wp\/v2\/posts\/64081\/revisions"}],"wp:attachment":[{"href":"http:\/\/cordobadirecto.com\/index.php\/wp-json\/wp\/v2\/media?parent=64081"}],"wp:term":[{"taxonomy":"category","embeddable":true,"href":"http:\/\/cordobadirecto.com\/index.php\/wp-json\/wp\/v2\/categories?post=64081"},{"taxonomy":"post_tag","embeddable":true,"href":"http:\/\/cordobadirecto.com\/index.php\/wp-json\/wp\/v2\/tags?post=64081"}],"curies":[{"name":"wp","href":"https:\/\/api.w.org\/{rel}","templated":true}]}}