{"id":64108,"date":"2022-06-14T22:17:16","date_gmt":"2022-06-14T22:17:16","guid":{"rendered":"https:\/\/cordoba.gob.ar\/?p=26657"},"modified":"2022-06-14T22:17:16","modified_gmt":"2022-06-14T22:17:16","slug":"segunda-cumbre-mundial-de-la-economia-circular-experiencias-circulares-contadas-en-primera-persona","status":"publish","type":"post","link":"http:\/\/cordobadirecto.com\/index.php\/2022\/06\/14\/segunda-cumbre-mundial-de-la-economia-circular-experiencias-circulares-contadas-en-primera-persona\/","title":{"rendered":"Segunda Cumbre Mundial de la Econom\u00eda Circular: Experiencias Circulares contadas en primera persona"},"content":{"rendered":"<div><img src=\"http:\/\/cordobadirecto.com\/wp-content\/uploads\/2022\/06\/segunda-cumbre-mundial-de-la-economia-circular-experiencias-circulares-contadas-en-primera-persona.jpg\" class=\"ff-og-image-inserted\"><\/div>\n<ul>\n<li><strong>M\u00e1s de 70 expositores de diferentes empresas, pymes, ONG, emprendimientos y startups dar\u00e1n sus testimonios y relatar\u00e1n sus propias experiencias.<\/strong><\/li>\n<li><strong>Se llevar\u00e1 a cabo de manera paralela a la Cumbre Mundial de Econom\u00eda Circular, los d\u00edas 15 y 16 de junio de 9 a 18 horas.<\/strong><\/li>\n<\/ul>\n<hr>\n<p>La Ciudad de C\u00f3rdoba ser\u00e1 nuevamente anfitriona de la Cumbre Mundial de Econom\u00eda Circular.<\/p>\n<p>En este segundo a\u00f1o, adem\u00e1s de paneles por ejes tem\u00e1ticos, se llevar\u00e1n a cabo ponencias de Experiencias Circulares, donde distintas empresas, emprendedores, cooperativas y ONG mostrar\u00e1n su camino de transici\u00f3n hacia la econom\u00eda circular.<\/p>\n<p>Cada uno de ellos compartir\u00e1 sus experiencias en la aplicaci\u00f3n de este tipo de econom\u00eda, casos de \u00e9xito, pero tambi\u00e9n sus fracasos para poder aprender, vincularse, articular y trabajar todos juntos por un mundo mejor.<\/p>\n<p>La Econom\u00eda Circular es un nuevo paradigma que pretende transformar el modelo productivo y de consumo actual, para pasar de una econom\u00eda lineal de extracci\u00f3n, producci\u00f3n, consumo y desperdicio, a una circular, eficiente y responsable con el uso de los recursos.<\/p>\n<p>El objetivo de esta iniciativa que funcionar\u00e1 de manera paralela es compartir ideas y experiencias innovadoras con el fin de generar y articular nuevos modelos de negocios que favorezcan el desarrollo sostenible, aumentando la competitividad y mejorando la calidad de vida de todos los ciudadanos.<\/p>\n<p>Se desarrollar\u00e1n dos jornadas de intercambio, charlas, y debate de experiencias circulares con distintos sectores productivos.<\/p>\n<p>Tambi\u00e9n, se hablar\u00e1 sobre la transici\u00f3n llevada a cabo por grandes empresas para incorporar la circularidad en sus procesos.<\/p>\n<p>Se conversar\u00e1 sobre los mercados y las pr\u00e1cticas que dan respuesta a los modelos de negocios emergentes en una econom\u00eda circular.<\/p>\n<p>Adem\u00e1s, se profundizar\u00e1 en aspectos claves para la transici\u00f3n circular como lo son las alianzas p\u00fablico-privadas, se descubrir\u00e1n innovaciones tecnol\u00f3gicas; grandes pilares de esta nueva forma de producir y consumir.<\/p>\n<p>A la vez, se debatir\u00e1 sobre el rol fundamental de los actores pol\u00edticos en la transici\u00f3n circular y se conocer\u00e1n en primera persona grandes proyectos de educaci\u00f3n ambiental.<\/p>\n<p>En la primera jornada 37 expositores relatar\u00e1n sus experiencias divididos en bloques con tem\u00e1ticas diferenciadas. El primero de ellos ser\u00e1 el de \u201cSustentabilidad en la cultura corporativa\u201d.<\/p>\n<p>Dentro de este grupo de expositores habr\u00e1 representantes de empresas internacionales, como Coca Cola, quien es ejemplo de innovaci\u00f3n en su apuesta por el reciclaje y la econom\u00eda circular.<\/p>\n<p>Ellos expondr\u00e1n sobre su experiencia de trabajo en la sostenibilidad de los envases, eliminando el pl\u00e1stico innecesario o dif\u00edcil de reciclar y reduciendo el uso de materia prima de origen f\u00f3sil.<\/p>\n<p>Tambi\u00e9n dentro de este bloque, TETRAPAK, empresa multinacional fundada en Suecia, contar\u00e1 sobre su proceso de dise\u00f1o y producci\u00f3n de soluciones de envasado de cart\u00f3n y procesamiento para la Industria alimentaria.<\/p>\n<p>En cuanto al bloque de Econom\u00eda circular en proyectos del Sector Automotriz, representantes de la firma Toyota hablar\u00e1n sobre sus veh\u00edculos de \u00faltima generaci\u00f3n que contribuyen a reducir el impacto ambiental a trav\u00e9s de la utilizaci\u00f3n de tecnolog\u00edas de propulsi\u00f3n alternativas.<\/p>\n<p>Habr\u00e1 un espacio en donde EPEC, HINS Energ\u00eda, y el jefe del Departamento de Qu\u00edmica Anal\u00edtica y Ambiente del Instituto Nacional de Tecnolog\u00eda Industrial hablar\u00e1n sobre las \u201cEnerg\u00edas Circulares\u201d.<\/p>\n<p>Adem\u00e1s, habr\u00e1 un bloque dedicado a la \u201cInfraestructura de la calidad para la econom\u00eda circular: aporte de las normas t\u00e9cnicas, la acreditaci\u00f3n y la metrolog\u00eda a la confianza en productos y servicios circulares\u201d, en donde har\u00e1n sus aportes representantes del Instituto Colombiano de Normas T\u00e9cnicas y Certificaci\u00f3n, de la Comisi\u00f3n Panamericana de Normas T\u00e9cnicas, del Organismo Argentino de Acreditaci\u00f3n, del Sistema Interamericano de Metrolog\u00eda y del Centro Nacional de Metrolog\u00eda de M\u00e9xico, entre otros.<\/p>\n<p>Le seguir\u00e1n bloques sobre \u201cTecnolog\u00eda e innovaci\u00f3n en econom\u00eda circular\u201d, \u201cCarbono neutro: un compromiso con el ambiente, Soluciones ambientales en ferrocarriles argentinos\u201d, \u201cBlockchain, Smart Contract y Criptomonedas , \u201cEcodise\u00f1o y consumo en la cultura actual\u201d, y \u201dArquitectura Legislativa como base necesaria para el desarrollo de la Econom\u00eda circular\u201d con important\u00edsimos expositores.<\/p>\n<p>La primera jornada concluye con el bloque \u201cCircularidad en la ciudad\u201d, donde diferentes a\u00e9reas de la Municipalidad de C\u00f3rdoba relataran su experiencia. Aqu\u00ed se podr\u00e1 escuchar al presidente del Ente Municipal BioC\u00f3rdoba, al secretario de Gesti\u00f3n Ambiental y Sostenibilidad de la Municipalidad de C\u00f3rdoba, al presidente de la Corporaci\u00f3n Intercomunal para la Gesti\u00f3n Sustentable de los Residuos S\u00f3lidos Urbanos del \u00c1rea Metropolitana de C\u00f3rdoba (CORMECorporacla presidenta del Consejo Deliberante de la ciudad de C\u00f3rdoba, al director general de Ambiente y a la presidenta del C\u00f3rdoba Obras y Servicios (COYS).<\/p>\n<p>El segundo d\u00eda estar\u00e1 compuesto por 13 nuevos paneles de charlas y discusi\u00f3n, con 37 expositores. Ese d\u00eda se podr\u00e1n escuchar oradores en los bloques de: \u201cLa pol\u00edtica como camino para construir futuro\u201d, \u201cAvances hacia la Econom\u00eda Circular en el sector empresarial\u201d , \u201cEducaci\u00f3n para la inclusi\u00f3n y la sostenibilidad\u201d y \u201cEstrategias para una econom\u00eda circular: de la teor\u00eda a la pr\u00e1ctica\u201d.<\/p>\n<p>Adem\u00e1s, el bloque \u201cConstruyendo entornos m\u00e1s sustentables\u201d, donde empresas constructoras locales e internacionales, al igual que empresas de materiales de la construcci\u00f3n expondr\u00e1n sus experiencias en cuanto a soluciones habitacionales con desarrollo social, econ\u00f3mico y del medio ambiente, o sobre la implementaci\u00f3n del Sistema Socioproductivo 3C.<\/p>\n<p>Otra de las experiencias que ocupar\u00e1 la grilla del jueves 16 es \u201cInnovaciones en la recolecci\u00f3n y reciclaje de residuos para una ciudad limpia y un ambiente saludable\u201d. Aqu\u00ed, expondr\u00e1n el caso \u201cAprovechamiento mediante Reciclaje Qu\u00edmico de desechos pl\u00e1sticos en POL SRL: Obtenci\u00f3n de Combustible Pirol\u00edtico Mixoil\u201d.<\/p>\n<p>En este panel contar\u00e1n adem\u00e1s sus vivencias el director de Higiene Urbana de la Municipalidad de C\u00f3rdoba, y representantes de URBACOR, LUSA y LAM.<\/p>\n<p>Representantes de Universidades Blas Pascal , UPC, y UNC, dir\u00e1n presente en el bloque \u201cEl rol del sector acad\u00e9mico en el cambio de paradigma\u201d, contando sus experiencias.<\/p>\n<p>El jefe Comunal de Villa Ciudad Parque y el presidente de CANNAVA (Sociedad estatal del gobierno de la provincia de Jujuy, dedicada a la producci\u00f3n p\u00fablica de derivados medicinales de cannabis de grado farmac\u00e9utico), estar\u00e1n presentes, disertando sobre sus casos en el bloque referido a \u201cCannabis: Salud y Estado\u201d.<\/p>\n<p>Pasado el mediod\u00eda se llevar\u00e1 a cabo el bloque destinado a \u201cReciclaje y sustentabilidad: una historia sobre ruedas. En este caso, Edmundo Ramos, ingeniero electromec\u00e1nico hablar\u00e1 sobre la creaci\u00f3n y funcionamiento de su auto que funciona \u201ca basura\u201d.<\/p>\n<p>Para cerrar la tarde, representantes de las bodegas Santa Julia y Mir\u00e1s , y de la Corporaci\u00f3n Vitivin\u00edcola Argentina (COVIAR) hablar\u00e1n sobre su experiencia en \u201cVitivinicultura org\u00e1nica y productiva\u201d.<\/p>\n<p>Tambi\u00e9n estar\u00e1 el bloque sobre \u201cEl pl\u00e1stico y su versatilidad en la econom\u00eda circular\u201d, que contar\u00e1 con la presencia de empresas como Ecoplas, Madera pl\u00e1stica, C\u00e1mara Argentina de la Industria de Reciclados Pl\u00e1sticos, la Escuela municipal de Econom\u00eda Circular y Ecolif, empresa cordobesa que ofrece \u201csustentabilidad\u201d mediante el servicio de fabricaci\u00f3n de productos de pl\u00e1stico reciclado a entidades, empresas o emprendimientos.<\/p>\n<p>Uno de los \u00faltimos bloques de la tarde ser\u00e1 \u201cResiduos org\u00e1nicos y agr\u00edcolas como materia prima para la producci\u00f3n\u201d.<\/p>\n<p>La jornada cerrar\u00e1 con la presentaci\u00f3n del libro \u201cEl c\u00edrculo verde. Qui\u00e9nes mueven la econom\u00eda circular en C\u00f3rdoba\u201d cuyo autor es el periodista Ary Garbovetzky, el libro es producido por La Voz del Interior, y cuenta con aval de Fundaci\u00f3n Avina.<\/p>\n<p>Para poder conocer el cronograma completo con d\u00edas y horarios, hacer click en el siguiente <a href=\"file:\/\/\/C:\/Users\/usuario\/Downloads\/GRILLA%20EXPERIENCIAS%20CIRCULARES%202022.pdf\">link<\/a>.<\/p>\n","protected":false},"excerpt":{"rendered":"<p>M\u00e1s de 70 expositores de diferentes empresas, pymes, ONG, emprendimientos y startups dar\u00e1n sus testimonios y relatar\u00e1n sus propias experiencias. Se llevar\u00e1 a cabo de manera paralela a la Cumbre Mundial de Econom\u00eda Circular, los d\u00edas 15 y 16 de junio de 9 a 18 horas. La Ciudad de C\u00f3rdoba ser\u00e1 nuevamente anfitriona de la [&hellip;]<\/p>\n","protected":false},"author":1,"featured_media":64109,"comment_status":"closed","ping_status":"closed","sticky":false,"template":"","format":"standard","meta":[],"categories":[44],"tags":[],"_links":{"self":[{"href":"http:\/\/cordobadirecto.com\/index.php\/wp-json\/wp\/v2\/posts\/64108"}],"collection":[{"href":"http:\/\/cordobadirecto.com\/index.php\/wp-json\/wp\/v2\/posts"}],"about":[{"href":"http:\/\/cordobadirecto.com\/index.php\/wp-json\/wp\/v2\/types\/post"}],"author":[{"embeddable":true,"href":"http:\/\/cordobadirecto.com\/index.php\/wp-json\/wp\/v2\/users\/1"}],"replies":[{"embeddable":true,"href":"http:\/\/cordobadirecto.com\/index.php\/wp-json\/wp\/v2\/comments?post=64108"}],"version-history":[{"count":0,"href":"http:\/\/cordobadirecto.com\/index.php\/wp-json\/wp\/v2\/posts\/64108\/revisions"}],"wp:featuredmedia":[{"embeddable":true,"href":"http:\/\/cordobadirecto.com\/index.php\/wp-json\/wp\/v2\/media\/64109"}],"wp:attachment":[{"href":"http:\/\/cordobadirecto.com\/index.php\/wp-json\/wp\/v2\/media?parent=64108"}],"wp:term":[{"taxonomy":"category","embeddable":true,"href":"http:\/\/cordobadirecto.com\/index.php\/wp-json\/wp\/v2\/categories?post=64108"},{"taxonomy":"post_tag","embeddable":true,"href":"http:\/\/cordobadirecto.com\/index.php\/wp-json\/wp\/v2\/tags?post=64108"}],"curies":[{"name":"wp","href":"https:\/\/api.w.org\/{rel}","templated":true}]}}