{"id":64118,"date":"2022-06-15T06:11:48","date_gmt":"2022-06-15T06:11:48","guid":{"rendered":"http:\/\/cordobadirecto.com\/index.php\/2022\/06\/15\/economia-se-reaviva-debate-por-contrataciones-directas-diario-alfil\/"},"modified":"2022-06-15T06:11:48","modified_gmt":"2022-06-15T06:11:48","slug":"economia-se-reaviva-debate-por-contrataciones-directas-diario-alfil","status":"publish","type":"post","link":"http:\/\/cordobadirecto.com\/index.php\/2022\/06\/15\/economia-se-reaviva-debate-por-contrataciones-directas-diario-alfil\/","title":{"rendered":"<b>Econom\u00eda<\/b>: se reaviva debate por contrataciones directas &#8211; Diario Alfil"},"content":{"rendered":"<p>Un <b>nuevo<\/b> expediente gener\u00f3 revuelo en la comisi\u00f3n de <b>Econom\u00eda<\/b> y reaviv\u00f3 &#8230; en cuesti\u00f3n es el ex ministro de Finanzas de <b>C\u00f3rdoba<\/b>, \u00c1ngel Elettore. <\/p>\n","protected":false},"excerpt":{"rendered":"<p>Un nuevo expediente gener\u00f3 revuelo en la comisi\u00f3n de Econom\u00eda y reaviv\u00f3 &#8230; en cuesti\u00f3n es el ex ministro de Finanzas de C\u00f3rdoba, \u00c1ngel Elettore.<\/p>\n","protected":false},"author":1,"featured_media":0,"comment_status":"closed","ping_status":"closed","sticky":false,"template":"","format":"standard","meta":[],"categories":[40],"tags":[],"_links":{"self":[{"href":"http:\/\/cordobadirecto.com\/index.php\/wp-json\/wp\/v2\/posts\/64118"}],"collection":[{"href":"http:\/\/cordobadirecto.com\/index.php\/wp-json\/wp\/v2\/posts"}],"about":[{"href":"http:\/\/cordobadirecto.com\/index.php\/wp-json\/wp\/v2\/types\/post"}],"author":[{"embeddable":true,"href":"http:\/\/cordobadirecto.com\/index.php\/wp-json\/wp\/v2\/users\/1"}],"replies":[{"embeddable":true,"href":"http:\/\/cordobadirecto.com\/index.php\/wp-json\/wp\/v2\/comments?post=64118"}],"version-history":[{"count":0,"href":"http:\/\/cordobadirecto.com\/index.php\/wp-json\/wp\/v2\/posts\/64118\/revisions"}],"wp:attachment":[{"href":"http:\/\/cordobadirecto.com\/index.php\/wp-json\/wp\/v2\/media?parent=64118"}],"wp:term":[{"taxonomy":"category","embeddable":true,"href":"http:\/\/cordobadirecto.com\/index.php\/wp-json\/wp\/v2\/categories?post=64118"},{"taxonomy":"post_tag","embeddable":true,"href":"http:\/\/cordobadirecto.com\/index.php\/wp-json\/wp\/v2\/tags?post=64118"}],"curies":[{"name":"wp","href":"https:\/\/api.w.org\/{rel}","templated":true}]}}