{"id":64121,"date":"2022-06-15T22:04:57","date_gmt":"2022-06-15T22:04:57","guid":{"rendered":"http:\/\/cordobadirecto.com\/index.php\/2022\/06\/15\/2-cumbre-mundial-de-economia-circular-llaryora-abrio-el-evento-la-radio-102-9\/"},"modified":"2022-06-15T22:04:57","modified_gmt":"2022-06-15T22:04:57","slug":"2-cumbre-mundial-de-economia-circular-llaryora-abrio-el-evento-la-radio-102-9","status":"publish","type":"post","link":"http:\/\/cordobadirecto.com\/index.php\/2022\/06\/15\/2-cumbre-mundial-de-economia-circular-llaryora-abrio-el-evento-la-radio-102-9\/","title":{"rendered":"2* Cumbre Mundial de <b>Econom\u00eda<\/b> Circular \u2013 Llaryora abri\u00f3 el evento &#8211; La Radio 102.9"},"content":{"rendered":"<p>&#8230; apertura en el evento que tiene como anfitri\u00f3n a la ciudad de <b>C\u00f3rdoba<\/b>, &#8230; La <b>Econom\u00eda<\/b> Circular es un <b>nuevo<\/b> paradigma que busca redefinir los&nbsp;&#8230; <\/p>\n","protected":false},"excerpt":{"rendered":"<p>&#8230; apertura en el evento que tiene como anfitri\u00f3n a la ciudad de C\u00f3rdoba, &#8230; La Econom\u00eda Circular es un nuevo paradigma que busca redefinir los&nbsp;&#8230;<\/p>\n","protected":false},"author":1,"featured_media":0,"comment_status":"closed","ping_status":"closed","sticky":false,"template":"","format":"standard","meta":[],"categories":[40],"tags":[],"_links":{"self":[{"href":"http:\/\/cordobadirecto.com\/index.php\/wp-json\/wp\/v2\/posts\/64121"}],"collection":[{"href":"http:\/\/cordobadirecto.com\/index.php\/wp-json\/wp\/v2\/posts"}],"about":[{"href":"http:\/\/cordobadirecto.com\/index.php\/wp-json\/wp\/v2\/types\/post"}],"author":[{"embeddable":true,"href":"http:\/\/cordobadirecto.com\/index.php\/wp-json\/wp\/v2\/users\/1"}],"replies":[{"embeddable":true,"href":"http:\/\/cordobadirecto.com\/index.php\/wp-json\/wp\/v2\/comments?post=64121"}],"version-history":[{"count":0,"href":"http:\/\/cordobadirecto.com\/index.php\/wp-json\/wp\/v2\/posts\/64121\/revisions"}],"wp:attachment":[{"href":"http:\/\/cordobadirecto.com\/index.php\/wp-json\/wp\/v2\/media?parent=64121"}],"wp:term":[{"taxonomy":"category","embeddable":true,"href":"http:\/\/cordobadirecto.com\/index.php\/wp-json\/wp\/v2\/categories?post=64121"},{"taxonomy":"post_tag","embeddable":true,"href":"http:\/\/cordobadirecto.com\/index.php\/wp-json\/wp\/v2\/tags?post=64121"}],"curies":[{"name":"wp","href":"https:\/\/api.w.org\/{rel}","templated":true}]}}