{"id":64126,"date":"2022-06-15T23:25:01","date_gmt":"2022-06-15T23:25:01","guid":{"rendered":"https:\/\/cordoba.gob.ar\/?p=26734"},"modified":"2022-06-15T23:25:01","modified_gmt":"2022-06-15T23:25:01","slug":"cumbre-mundial-de-economia-circular-crean-la-mesa-de-movilidad-sostenible-para-la-promocion-de-vehiculos-electricos","status":"publish","type":"post","link":"http:\/\/cordobadirecto.com\/index.php\/2022\/06\/15\/cumbre-mundial-de-economia-circular-crean-la-mesa-de-movilidad-sostenible-para-la-promocion-de-vehiculos-electricos\/","title":{"rendered":"Cumbre Mundial de Econom\u00eda Circular: crean la Mesa de Movilidad Sostenible para la promoci\u00f3n de veh\u00edculos el\u00e9ctricos"},"content":{"rendered":"<div><img src=\"http:\/\/cordobadirecto.com\/wp-content\/uploads\/2022\/06\/cumbre-mundial-de-economia-circular-crean-la-mesa-de-movilidad-sostenible-para-la-promocion-de-vehiculos-electricos.jpg\" class=\"ff-og-image-inserted\"><\/div>\n<ul>\n<li><strong>Incentivar\u00e1, adem\u00e1s, la aplicaci\u00f3n e implementaci\u00f3n de la tarifa para movilidad el\u00e9ctrica e impulsar\u00e1 acciones para garantizar el acceso a energ\u00eda asequible, segura, sostenible y moderna.<\/strong><\/li>\n<\/ul>\n<hr>\n<p>En el marco de la 2\u00b0 Jornada de Movilidad El\u00e9ctrica y Sostenible, que se desarrolla en la Cumbre Mundial de Econom\u00eda Circular, entidades p\u00fablicas y privadas firmaron un convenio marco para la conformaci\u00f3n de la Mesa de Movilidad Sostenible.<\/p>\n<p>Conforman la Mesa la Municipalidad de C\u00f3rdoba, el Concejo Deliberante de la Ciudad de C\u00f3rdoba, la Empresa Provincial de Energ\u00eda de C\u00f3rdoba (EPEC), la Agencia para el Desarrollo Econ\u00f3mico de la Ciudad de C\u00f3rdoba (ADEC), la Asociaci\u00f3n de F\u00e1brica de Automotores, la C\u00e1mara de Comercio Automotor de C\u00f3rdoba, la Asociaci\u00f3n de Concesionarios de la Rep\u00fablica Argentina Regional C\u00f3rdoba y la Asociaci\u00f3n de Industriales Metal\u00fargicos de la Rep\u00fablica Argentina (ADIMRA).<\/p>\n<p>Considerando que en el pa\u00eds se producen veh\u00edculos el\u00e9ctricos sustentables, el espacio interinstitucional tendr\u00e1 como principal finalidad aportar mancomunadamente a la promoci\u00f3n de los mismos para mitigar el da\u00f1o al ambiental y reducir los efectos del cambio clim\u00e1tico.<\/p>\n<p><em>\u201cCon este acuerdo queremos generar las condiciones institucionales para que C\u00f3rdoba empiece a ser un faro en Argentina y a recorrer un camino distinto, adoptando en cada uno de los sectores productivos el concepto de Econom\u00eda Circular, modificar sus productos, su idiosincrasia, su cultura, para liderar este proceso que va a generar inversiones y puestos de trabajo\u201d<\/em>, expres\u00f3 el intendente Mart\u00edn Llaryora.<\/p>\n<p>Por su parte, el presidente de EPEC, Luis Giovine, destac\u00f3:<em> \u201cLa movilidad el\u00e9ctrica es no contaminante, pero al circuito de la sustentabilidad hay que verla de punta a punta. No se puede hablar de sustentabilidad si las fuentes de generaci\u00f3n no lo son. Pretendemos, a trav\u00e9s de la firma de este convenio, convocar a todos los participantes y protagonistas de la movilidad el\u00e9ctrica en una mesa para definir las potencialidades y ver las necesidades\u201d.<\/em><\/p>\n<p><em>\u201cEs un gusto celebrar la firma de este acuerdo que pone en manifiesto el trabajo entre diferentes instituciones y el comienzo de un espacio de gobernanza, poniendo a disposici\u00f3n el capital social de ADEC, y fortaleciendo la participaci\u00f3n en espacios de distintas disciplinas\u201d<\/em>, fueron las palabras de Hern\u00e1n Soneyro, vicepresidente de ADEC.<\/p>\n<p>A su tiempo, el presidente de la Asociaci\u00f3n de Concesionarios de la Rep\u00fablica Argentina Regional C\u00f3rdoba, Sebasti\u00e1n Parra, resalt\u00f3 el trabajo conjunto <em>\u201ccon todos los actores p\u00fablicos y la cadena de valor. El desaf\u00edo va a ser construir acciones concretas que aceleren la transformaci\u00f3n de la movilidad sustentable\u201d.<\/em><\/p>\n<p>Finalmente, el gerente general de la Asociaci\u00f3n de F\u00e1brica de Automotores, Eduardo Rastrelli, dijo: <em>\u201cEsta firma es el primer hito para generar una agenda a futuro. Tenemos retos desafiantes para la movilidad, donde cada uno tiene un granito de arena para aportar en una provincia que tiene un gran ADN automotriz\u201d.<\/em><\/p>\n<p>El acuerdo, adem\u00e1s, impulsar\u00e1 la aplicaci\u00f3n e implementaci\u00f3n de la tarifa para movilidad el\u00e9ctrica contemplada dentro del cuadro tarifario de la empresa EPEC, con la consecuente disminuci\u00f3n de la cantidad de energ\u00eda necesaria para satisfacer los requerimientos de los servicios destinados a la poblaci\u00f3n, asegurando igual o superior nivel de calidad de vida, disminuyendo al mismo tiempo los impactos ambientales negativos.<\/p>\n<p>La acci\u00f3n se alinea con los Objetivos de Desarrollo Sostenible (ODS) 7, 11, 13 y 17 de la Agenda 2030, los que proponen garantizar el acceso a una energ\u00eda asequible, segura, sostenible y moderna para todos los ciudadanos.<\/p>\n<p>Adem\u00e1s de los expositores, participaron del evento el Ministro de Servicios P\u00fablicos de la Provincia de C\u00f3rdoba, Fabi\u00e1n L\u00f3pez; su par de Ciencia y Tecnolog\u00eda, Pablo De Chiara; el Ministro de Industria, Comercio y Miner\u00eda, Eduardo Accastello; el Viceintendente, Daniel Passerini; el presidente de la C\u00e1mara de Comercio Automotor de C\u00f3rdoba, Ariel Ruiz; y la presidenta presidenta de Comisi\u00f3n de las Autopartistas de la Asociaci\u00f3n de Industriales Metalurgicos de la Rep\u00fablica Argentina, Isabel Mart\u00ednez.<\/p>\n","protected":false},"excerpt":{"rendered":"<p>Incentivar\u00e1, adem\u00e1s, la aplicaci\u00f3n e implementaci\u00f3n de la tarifa para movilidad el\u00e9ctrica e impulsar\u00e1 acciones para garantizar el acceso a energ\u00eda asequible, segura, sostenible y moderna. En el marco de la 2\u00b0 Jornada de Movilidad El\u00e9ctrica y Sostenible, que se desarrolla en la Cumbre Mundial de Econom\u00eda Circular, entidades p\u00fablicas y privadas firmaron un convenio [&hellip;]<\/p>\n","protected":false},"author":1,"featured_media":64127,"comment_status":"closed","ping_status":"closed","sticky":false,"template":"","format":"standard","meta":[],"categories":[44],"tags":[],"_links":{"self":[{"href":"http:\/\/cordobadirecto.com\/index.php\/wp-json\/wp\/v2\/posts\/64126"}],"collection":[{"href":"http:\/\/cordobadirecto.com\/index.php\/wp-json\/wp\/v2\/posts"}],"about":[{"href":"http:\/\/cordobadirecto.com\/index.php\/wp-json\/wp\/v2\/types\/post"}],"author":[{"embeddable":true,"href":"http:\/\/cordobadirecto.com\/index.php\/wp-json\/wp\/v2\/users\/1"}],"replies":[{"embeddable":true,"href":"http:\/\/cordobadirecto.com\/index.php\/wp-json\/wp\/v2\/comments?post=64126"}],"version-history":[{"count":0,"href":"http:\/\/cordobadirecto.com\/index.php\/wp-json\/wp\/v2\/posts\/64126\/revisions"}],"wp:featuredmedia":[{"embeddable":true,"href":"http:\/\/cordobadirecto.com\/index.php\/wp-json\/wp\/v2\/media\/64127"}],"wp:attachment":[{"href":"http:\/\/cordobadirecto.com\/index.php\/wp-json\/wp\/v2\/media?parent=64126"}],"wp:term":[{"taxonomy":"category","embeddable":true,"href":"http:\/\/cordobadirecto.com\/index.php\/wp-json\/wp\/v2\/categories?post=64126"},{"taxonomy":"post_tag","embeddable":true,"href":"http:\/\/cordobadirecto.com\/index.php\/wp-json\/wp\/v2\/tags?post=64126"}],"curies":[{"name":"wp","href":"https:\/\/api.w.org\/{rel}","templated":true}]}}