{"id":64128,"date":"2022-06-15T23:08:32","date_gmt":"2022-06-15T23:08:32","guid":{"rendered":"https:\/\/cordoba.gob.ar\/?p=26729"},"modified":"2022-06-15T23:08:32","modified_gmt":"2022-06-15T23:08:32","slug":"la-ciudad-tendra-otro-fin-de-semana-de-gran-movimiento-turistico","status":"publish","type":"post","link":"http:\/\/cordobadirecto.com\/index.php\/2022\/06\/15\/la-ciudad-tendra-otro-fin-de-semana-de-gran-movimiento-turistico\/","title":{"rendered":"La ciudad tendr\u00e1 otro fin de semana de gran movimiento tur\u00edstico"},"content":{"rendered":"<div><img src=\"http:\/\/cordobadirecto.com\/wp-content\/uploads\/2022\/06\/la-ciudad-tendra-otro-fin-de-semana-de-gran-movimiento-turistico.jpg\" class=\"ff-og-image-inserted\"><\/div>\n<ul>\n<li><strong>Con un nivel de reservas hoteleras que supera el 90%, se espera ocupaci\u00f3n plena.<\/strong><\/li>\n<\/ul>\n<hr>\n<p>La ciudad recibir\u00e1 a turistas que llegar\u00e1n desde diferentes partes del pa\u00eds en la temporada m\u00e1s fr\u00eda del a\u00f1o, con un potente abanico de atractivos, en el marco de la propuesta \u201cC\u00f3rdoba Capital del invierno\u201d.<\/p>\n<p>A d\u00edas del fin de semana extra largo de junio, hay buenas expectativas en el sector que incluye hoteler\u00eda, gastronom\u00eda, espect\u00e1culos, entretenimiento y todos sus derivados.<\/p>\n<p>Seg\u00fan datos aportados por el Observatorio Tur\u00edstico se prev\u00e9 otro excelente fin de semana tur\u00edstico de ocupaci\u00f3n plena, el cual ya cuenta con un nivel de reservas hoteleras previas que ronda el 90%, lo que impactar\u00e1 en un alto movimiento econ\u00f3mico en la ciudad.<\/p>\n<p>Cabe recordar que la ciudad de C\u00f3rdoba tuvo r\u00e9cord hist\u00f3rico de ocupaci\u00f3n plena en los recientes fines de semana largo.<\/p>\n<p>Al respecto, el secretario de Gobierno, Miguel Siciliano, expres\u00f3: <em>\u201cC\u00f3rdoba empieza a lucir mejor, comienza a ser la capital de turismo del interior del pa\u00eds. Con el intendente y con todo el equipo de la Municipalidad, estamos obsesionados con esto porque cuando la gente llega a los hoteles, trabajan tambi\u00e9n los taxis, los remis, bares, artistas\u201d.<\/em><\/p>\n<p>Y a\u00f1adi\u00f3: <em>\u201cEl turismo es una de las principales industrias que puede desarrollar una ciudad como la de C\u00f3rdoba. Con Mart\u00edn Llaryora, estamos convencidos que s\u00ed podemos lograr que nuestra capital sea pionera\u201d.<\/em><\/p>\n<p>Cabe agregar que, a las cifras registradas para el pr\u00f3ximo fin de semana de junio, se observa que en muchos alojamientos, el alza de la ocupaci\u00f3n comienza a observarse los d\u00edas previos, en coincidencia con la realizaci\u00f3n de la Segunda Edici\u00f3n de la Cumbre Mundial de Econom\u00eda Circular, la cual cuenta con la presencia de referentes y personalidades de todo el mundo.<\/p>\n<p>Por su parte, Jos\u00e9 Gonz\u00e1lez, presidente de la C\u00e1mara de Turismo afirm\u00f3: <em>\u201cEstamos contentos de poder trabajar mano a mano con el municipio, que nos trae ideas innovadoras todo el tiempo y hace mover al sector privado en un mont\u00f3n de experiencias nuevas que hac\u00eda mucho tiempo la ciudad de C\u00f3rdoba no ten\u00eda\u201d.<\/em><\/p>\n<p>Con respecto al gasto promedio por persona, se estima que ser\u00e1 de $3400 para aquellos que visitan la ciudad por el d\u00eda, y de $9800 para los que pernoctan en la ciudad.<\/p>\n<p>En este sentido, Fernando Desbots, presidente de la FEHGRA (Federaci\u00f3n Empresaria Hotelera Gastron\u00f3mica de la Rep\u00fablica Argentina) expres\u00f3: <em>\u201cEsto es el resultado del trabajo en conjunto que se hace desde hace mucho tiempo con el municipio sobre las pol\u00edticas tur\u00edsticas de la ciudad. Est\u00e1n todas las entidades del turismo trabajando en pos de tener la mejor temporada, no solamente de la de invierno 2022, sino todas las que vienen\u201d.<\/em><\/p>\n<p><strong>Gran abanico de propuestas para disfrutar en \u201cC\u00f3rdoba Capital del invierno\u201d<\/strong><\/p>\n<p>Del 17 al 20 de junio, y en el marco de la propuesta tur\u00edstica lanzada recientemente, la Municipalidad de C\u00f3rdoba dispondr\u00e1 de visitas guiadas gratuitas que invitar\u00e1n a descubrir dos de los tradicionales barrios de la ciudad: Nueva C\u00f3rdoba y G\u00fcemes.<\/p>\n<p>Un recorrido de cinco cuadras por el coraz\u00f3n del coqueto barrio de Nueva C\u00f3rdoba dejar\u00e1 ver las reminiscencias de la Belle Epoque de comienzos del siglo XX y las nuevas tendencias vanguardistas de hoy. La \u201cCaminata por Nueva C\u00f3rdoba\u201d ser\u00e1 el viernes 17 a las 17 hs.<\/p>\n<p>En tanto, la \u201cCaminata por G\u00fcemes\u201d llevar\u00e1 a los visitantes a un recorridos por la calle Belgrano y su inconfundible bohemia, que ser\u00e1n el escenario para despuntar historias y an\u00e9cdotas de los cien bares en 80 manzanas. El recorrido finaliza en el colorido Paseo de las Artes. La cita ser\u00e1 el s\u00e1bado 18 y domingo 19 a las 17 hs.<\/p>\n<p>En ambos casos los recorridos son gratuitos y salen desde la Oficina de Informaci\u00f3n Tur\u00edstica G\u00fcemes, ubicada en Av. Velez Sarsfield esq. Bv San Juan.<\/p>\n<p>Tambi\u00e9n y para el deleite de los o\u00eddos presentes, en el coraz\u00f3n de la Manzana Jesu\u00edtica habr\u00e1 conciertos de m\u00fasica barroca y m\u00e1s recorridos guiados en el Colegio Monserrat.<\/p>\n<p>Todo se podr\u00e1 complementar con salidas para disfrutar de la variada gastronom\u00eda en los diferentes bares, confiter\u00edas, restaurantes y pubs de la ciudad; o con la m\u00fasica y teatro a cargo de los Elencos Estables Municipales; o de los parques y paseos al aire libre en espacios como el Parque Sarmiento, el Jard\u00edn Bot\u00e1nico o la Costanera del r\u00edo Suqu\u00eda; o salir de compras en los centros comerciales m\u00e1s importantes de la provincia.<\/p>\n<p>La programaci\u00f3n completa se puede ver en la web oficial de turismo, <a href=\"https:\/\/turismo.cordoba.gob.ar\/fin-de-semana-extra-largo-en-la-ciudad\/\">aqu\u00ed<\/a>.<\/p>\n","protected":false},"excerpt":{"rendered":"<p>Con un nivel de reservas hoteleras que supera el 90%, se espera ocupaci\u00f3n plena. La ciudad recibir\u00e1 a turistas que llegar\u00e1n desde diferentes partes del pa\u00eds en la temporada m\u00e1s fr\u00eda del a\u00f1o, con un potente abanico de atractivos, en el marco de la propuesta \u201cC\u00f3rdoba Capital del invierno\u201d. A d\u00edas del fin de semana [&hellip;]<\/p>\n","protected":false},"author":1,"featured_media":64129,"comment_status":"closed","ping_status":"closed","sticky":false,"template":"","format":"standard","meta":[],"categories":[44],"tags":[],"_links":{"self":[{"href":"http:\/\/cordobadirecto.com\/index.php\/wp-json\/wp\/v2\/posts\/64128"}],"collection":[{"href":"http:\/\/cordobadirecto.com\/index.php\/wp-json\/wp\/v2\/posts"}],"about":[{"href":"http:\/\/cordobadirecto.com\/index.php\/wp-json\/wp\/v2\/types\/post"}],"author":[{"embeddable":true,"href":"http:\/\/cordobadirecto.com\/index.php\/wp-json\/wp\/v2\/users\/1"}],"replies":[{"embeddable":true,"href":"http:\/\/cordobadirecto.com\/index.php\/wp-json\/wp\/v2\/comments?post=64128"}],"version-history":[{"count":0,"href":"http:\/\/cordobadirecto.com\/index.php\/wp-json\/wp\/v2\/posts\/64128\/revisions"}],"wp:featuredmedia":[{"embeddable":true,"href":"http:\/\/cordobadirecto.com\/index.php\/wp-json\/wp\/v2\/media\/64129"}],"wp:attachment":[{"href":"http:\/\/cordobadirecto.com\/index.php\/wp-json\/wp\/v2\/media?parent=64128"}],"wp:term":[{"taxonomy":"category","embeddable":true,"href":"http:\/\/cordobadirecto.com\/index.php\/wp-json\/wp\/v2\/categories?post=64128"},{"taxonomy":"post_tag","embeddable":true,"href":"http:\/\/cordobadirecto.com\/index.php\/wp-json\/wp\/v2\/tags?post=64128"}],"curies":[{"name":"wp","href":"https:\/\/api.w.org\/{rel}","templated":true}]}}