{"id":64219,"date":"2022-06-16T05:03:06","date_gmt":"2022-06-16T05:03:06","guid":{"rendered":"https:\/\/lmdiario.com.ar\/contenido\/343443\/matias-kulfas-estan-garantizados-los-dolares-para-el-plan-de-produccion"},"modified":"2022-06-16T05:03:06","modified_gmt":"2022-06-16T05:03:06","slug":"matias-kulfas-estan-garantizados-los-dolares-para-el-plan-de-produccion","status":"publish","type":"post","link":"http:\/\/cordobadirecto.com\/index.php\/2022\/06\/16\/matias-kulfas-estan-garantizados-los-dolares-para-el-plan-de-produccion\/","title":{"rendered":"Mat\u00edas Kulfas: \u201cEst\u00e1n garantizados los d\u00f3lares para el plan de producci\u00f3n\u201d"},"content":{"rendered":"<div readability=\"33\"> <img loading=\"lazy\" alt=\"Planta Nissan by Tw M.Kulfas\" class=\"img-responsive lazyload\" data-sizes=\"auto\" data-src=\"\/download\/multimedia.normal.b09444dbb7e1c93b.506c616e7461204e697373616e206279205477204d2e4b756c6661735f6e6f726d616c2e77656270.webp\" data-srcset=\"\/download\/multimedia.normal.b09444dbb7e1c93b.506c616e7461204e697373616e206279205477204d2e4b756c6661735f6e6f726d616c2e77656270.webp 1000w, \/download\/multimedia.miniatura.9f706d963a2ba01a.506c616e7461204e697373616e206279205477204d2e4b756c6661735f6d696e6961747572612e77656270.webp 400w\" height=\"666\" src=\"data:,\" width=\"1000\"> <\/p>\n<p> <span>Mat\u00edas Kulfas destac\u00f3 los \u201ccambios en la pol\u00edtica industrial para potenciar y reactivar la producci\u00f3n local\u201d.<\/span> <span>Foto: gentileza<\/span> <\/p>\n<\/p><\/div>\n<div readability=\"99.061589403974\">\n<p>El ministro de Desarrollo Productivo, <strong>Mat\u00edas Kulfas, afirm\u00f3 este viernes en C\u00f3rdoba que \u201cest\u00e1n garantizados los d\u00f3lares para el plan de producci\u00f3n\u201d de este a\u00f1o, <\/strong>como el caso del sector autopartista, y dijo que uno de los motivos de <strong>la escasez de divisas tiene que ver con el \u201ccrecimiento que demanda m\u00e1s insumos y bienes que Argentina no produce\u201d.<\/strong><\/p>\n<p>Kulfas fue uno de los funcionarios que hoy acompa\u00f1\u00f3 al presidente Alberto Fern\u00e1ndez en la actividad que realiz\u00f3 la compa\u00f1\u00eda automotriz Nissan, en su planta industrial de Santa Isabel en la ciudad de C\u00f3rdoba, para anunciar el aumento de producci\u00f3n de la pick-up Nissan Frontier y la creaci\u00f3n de 550 nuevos empleos.<\/p>\n<p>En declaraciones formuladas a Radio Nacional C\u00f3rdoba, el funcionario <strong>resalt\u00f3 el anuncio de Nissan de \u201cfabricar m\u00e1s de 50.000 veh\u00edculos por a\u00f1o y de aumentar los componentes nacionales\u201d en la matriz productiva, lo que a la vez va a permitir el \u201ccrecimiento del empleo y la distribuci\u00f3n de ingresos en el sector autopartista\u201d.<\/strong><\/p>\n<p>C\u00f3rdoba es una provincia muy pujante, que hoy est\u00e1 con un gran crecimiento industrial y generando empleo, pero el sector de la industria automotriz estaba \u201cmuy mal\u201d como consecuencia de la pandemia de coronavirus, que, en el caso de Argentina, <strong>en 2019 tuvo una producci\u00f3n muy baja de 300.000 veh\u00edculos, y \u201ceste a\u00f1o estimamos que va a ser el doble, unas 600.000 unidades fabricadas en el pa\u00eds\u201d<\/strong>, afirm\u00f3.<\/p>\n<p>El ministro dijo que cuando empez\u00f3 el gobierno de Alberto Fern\u00e1ndez <strong>\u201cde cada 100 autos que se patentaban en Argentina, solo 27 eran de producci\u00f3n nacional. Hoy son 60 los patentados que se fabrican&#8221; <\/strong>en el pa\u00eds, ponder\u00f3.<\/p>\n<p>Kulfas destac\u00f3 que ese nuevo contexto<strong> es el resultado de los \u201ccambios en la pol\u00edtica industrial para potenciar y reactivar la producci\u00f3n local\u201d.<\/strong><\/p>\n<p>Asimismo, consider\u00f3 muy importante la recuperaci\u00f3n de la industria en un marco de crisis no prevista causada por la pandemia de coronavirus y la guerra entre Rusia y Ucrania que, seg\u00fan dijo, <strong>\u201chizo que la inflaci\u00f3n creciera en el mundo que, en el caso de Argentina, se sum\u00f3 a la inflaci\u00f3n que se viene arrastrando\u201d<\/strong> de la gesti\u00f3n del macrismo.<\/p>\n<h3>Divisas para importar insumos&nbsp;<\/h3>\n<p>Sobre la falta de d\u00f3lares para cumplir con la demanda de insumos para el sector productivo, <strong>Kulfas dijo que si bien la moneda estadounidense no sobra, \u201clos que hay los utilizamos para la producci\u00f3n\u201d, y que para garantizar la disponibilidad el Banco Central de la Rep\u00fablica Argentina est\u00e1 revisando algunas normas para que \u201ca los autopartistas no les falte para producir\u201d.<\/strong><\/p>\n<p>&#8220;En 2019, los industriales planteaban que se estaban fundiendo por intereses alt\u00edsimos de cr\u00e9ditos que no pod\u00edan pagar y cerraron m\u00e1s de 25.000 pymes, <strong>hoy nos est\u00e1n diciendo lo contrario, queremos m\u00e1s d\u00f3lares o m\u00e1s insumos para producir m\u00e1s, m\u00e1s mano de obra calificada\u201d<\/strong>, remarc\u00f3.<\/p>\n<p><span><strong>Fuente: T\u00e9lam&nbsp;<\/strong><\/span><\/p>\n<p><span><strong>Noticia relacionada&nbsp;<\/strong><\/span><\/p>\n<\/p><\/div>\n","protected":false},"excerpt":{"rendered":"<p>Mat\u00edas Kulfas destac\u00f3 los \u201ccambios en la pol\u00edtica industrial para potenciar y reactivar la producci\u00f3n local\u201d. Foto: gentileza El ministro de Desarrollo Productivo, Mat\u00edas Kulfas, afirm\u00f3 este viernes en C\u00f3rdoba que \u201cest\u00e1n garantizados los d\u00f3lares para el plan de producci\u00f3n\u201d de este a\u00f1o, como el caso del sector autopartista, y dijo que uno de los [&hellip;]<\/p>\n","protected":false},"author":1,"featured_media":0,"comment_status":"open","ping_status":"closed","sticky":false,"template":"","format":"standard","meta":[],"categories":[23,25],"tags":[],"_links":{"self":[{"href":"http:\/\/cordobadirecto.com\/index.php\/wp-json\/wp\/v2\/posts\/64219"}],"collection":[{"href":"http:\/\/cordobadirecto.com\/index.php\/wp-json\/wp\/v2\/posts"}],"about":[{"href":"http:\/\/cordobadirecto.com\/index.php\/wp-json\/wp\/v2\/types\/post"}],"author":[{"embeddable":true,"href":"http:\/\/cordobadirecto.com\/index.php\/wp-json\/wp\/v2\/users\/1"}],"replies":[{"embeddable":true,"href":"http:\/\/cordobadirecto.com\/index.php\/wp-json\/wp\/v2\/comments?post=64219"}],"version-history":[{"count":0,"href":"http:\/\/cordobadirecto.com\/index.php\/wp-json\/wp\/v2\/posts\/64219\/revisions"}],"wp:attachment":[{"href":"http:\/\/cordobadirecto.com\/index.php\/wp-json\/wp\/v2\/media?parent=64219"}],"wp:term":[{"taxonomy":"category","embeddable":true,"href":"http:\/\/cordobadirecto.com\/index.php\/wp-json\/wp\/v2\/categories?post=64219"},{"taxonomy":"post_tag","embeddable":true,"href":"http:\/\/cordobadirecto.com\/index.php\/wp-json\/wp\/v2\/tags?post=64219"}],"curies":[{"name":"wp","href":"https:\/\/api.w.org\/{rel}","templated":true}]}}