{"id":64222,"date":"2022-06-16T05:10:14","date_gmt":"2022-06-16T05:10:14","guid":{"rendered":"http:\/\/cordobadirecto.com\/index.php\/2022\/06\/16\/abonizio-y-la-maquina-invisible-regresan-desde-rosario-para-tocar-en-la-plata-y-capital\/"},"modified":"2022-06-16T05:10:14","modified_gmt":"2022-06-16T05:10:14","slug":"abonizio-y-la-maquina-invisible-regresan-desde-rosario-para-tocar-en-la-plata-y-capital","status":"publish","type":"post","link":"http:\/\/cordobadirecto.com\/index.php\/2022\/06\/16\/abonizio-y-la-maquina-invisible-regresan-desde-rosario-para-tocar-en-la-plata-y-capital\/","title":{"rendered":"Abonizio y La M\u00e1quina Invisible regresan desde Rosario para tocar en La Plata y Capital"},"content":{"rendered":"<figure class=\"mb-3\"><img loading=\"lazy\" src=\"http:\/\/cordobadirecto.com\/wp-content\/uploads\/2022\/06\/abonizio-y-la-maquina-invisible-regresan-desde-rosario-para-tocar-en-la-plata-y-capital.jpg\" width=\"100%\" height=\"100%\" alt=\"Adrian Abonizio y La mquina invisible salen de Rosario Foto Sebastin Granata\"><figcaption> Adrian Abonizio y La m\u00e1quina invisible salen de Rosario \/ Foto: Sebasti\u00e1n Granata <\/figcaption><\/figure>\n<p><strong>&#8220;Ciudad Malandrina&#8221;<\/strong>, la nueva exploraci\u00f3n tanguera que el compositor y cantante <strong>Adri\u00e1n Abonizio<\/strong> comparti\u00f3 con el joven quinteto <strong>La M\u00e1quina Invisible<\/strong>, volver\u00e1 a salir de Rosario para presentarse ma\u00f1ana en La Plata y el 6 de julio en el porte\u00f1o Caf\u00e9 Berl\u00edn.<\/p>\n<p>La actuaci\u00f3n de ma\u00f1ana a las 21 ser\u00e1 en el marco del <strong>&#8220;Ciclo Mistongo&#8221;<\/strong> que tiene por sede a La Bicicleter\u00eda (117 esquina 40), de La Plata.<\/p>\n<p>En tanto, el recital en la sala del barrio porte\u00f1o de Villa Devoto enclavada en Av. San Mart\u00edn 6656, ser\u00e1 el mi\u00e9rcoles 6 de julio a las 20.30.<\/p>\n<p><strong>&#8220;En el buen tango hay que pensar y discernir, chocarse con el mundo y comprobar que queda de esta coincidencia llamada Vida versus Muerte. Como todo existencialismo leg\u00edtimo, el tango te obliga a vivir, porque m\u00e1s all\u00e1 de su aspecto sombr\u00edo, siempre apuesta a que ma\u00f1ana salga el sol&#8221;<\/strong>, sostuvo el artista reconocido por sus composiciones para la denominada Trova Rosarina.<\/p>\n<p>Para concretar este regreso al tango, Abonizio se uni\u00f3 con los j\u00f3venes <strong>Guido Gavazza, Manuel Mart\u00ednez Serra, Pablo Galimberti, Facundo Jaime <\/strong>y<strong> Mauro Rodr\u00edguez<\/strong>, integrantes de la banda rosarina de tango La M\u00e1quina Invisible. <\/p>\n","protected":false},"excerpt":{"rendered":"<p>Adrian Abonizio y La m\u00e1quina invisible salen de Rosario \/ Foto: Sebasti\u00e1n Granata &#8220;Ciudad Malandrina&#8221;, la nueva exploraci\u00f3n tanguera que el compositor y cantante Adri\u00e1n Abonizio comparti\u00f3 con el joven quinteto La M\u00e1quina Invisible, volver\u00e1 a salir de Rosario para presentarse ma\u00f1ana en La Plata y el 6 de julio en el porte\u00f1o Caf\u00e9 Berl\u00edn. [&hellip;]<\/p>\n","protected":false},"author":1,"featured_media":64223,"comment_status":"closed","ping_status":"closed","sticky":false,"template":"","format":"standard","meta":[],"categories":[20],"tags":[],"_links":{"self":[{"href":"http:\/\/cordobadirecto.com\/index.php\/wp-json\/wp\/v2\/posts\/64222"}],"collection":[{"href":"http:\/\/cordobadirecto.com\/index.php\/wp-json\/wp\/v2\/posts"}],"about":[{"href":"http:\/\/cordobadirecto.com\/index.php\/wp-json\/wp\/v2\/types\/post"}],"author":[{"embeddable":true,"href":"http:\/\/cordobadirecto.com\/index.php\/wp-json\/wp\/v2\/users\/1"}],"replies":[{"embeddable":true,"href":"http:\/\/cordobadirecto.com\/index.php\/wp-json\/wp\/v2\/comments?post=64222"}],"version-history":[{"count":0,"href":"http:\/\/cordobadirecto.com\/index.php\/wp-json\/wp\/v2\/posts\/64222\/revisions"}],"wp:featuredmedia":[{"embeddable":true,"href":"http:\/\/cordobadirecto.com\/index.php\/wp-json\/wp\/v2\/media\/64223"}],"wp:attachment":[{"href":"http:\/\/cordobadirecto.com\/index.php\/wp-json\/wp\/v2\/media?parent=64222"}],"wp:term":[{"taxonomy":"category","embeddable":true,"href":"http:\/\/cordobadirecto.com\/index.php\/wp-json\/wp\/v2\/categories?post=64222"},{"taxonomy":"post_tag","embeddable":true,"href":"http:\/\/cordobadirecto.com\/index.php\/wp-json\/wp\/v2\/tags?post=64222"}],"curies":[{"name":"wp","href":"https:\/\/api.w.org\/{rel}","templated":true}]}}