{"id":64256,"date":"2022-06-15T21:49:00","date_gmt":"2022-06-15T21:49:00","guid":{"rendered":"http:\/\/cordobadirecto.com\/index.php\/2022\/06\/15\/zelenski-participara-de-las-proximas-cumbres-del-g7-y-otan\/"},"modified":"2022-06-15T21:49:00","modified_gmt":"2022-06-15T21:49:00","slug":"zelenski-participara-de-las-proximas-cumbres-del-g7-y-otan","status":"publish","type":"post","link":"http:\/\/cordobadirecto.com\/index.php\/2022\/06\/15\/zelenski-participara-de-las-proximas-cumbres-del-g7-y-otan\/","title":{"rendered":"Zelenski participar\u00e1 de las pr\u00f3ximas cumbres del G7 y OTAN"},"content":{"rendered":"<figure class=\"mb-3\"><img loading=\"lazy\" src=\"http:\/\/cordobadirecto.com\/wp-content\/uploads\/2022\/06\/zelenski-participara-de-las-proximas-cumbres-del-g7-y-otan.jpg\" width=\"100%\" height=\"100%\" alt=\"El mandatario ucraniano fue invitado por la OTAN y el G7 a participar de sus cumbres Foto AFP\"><figcaption> El mandatario ucraniano fue invitado por la OTAN y el G7 a participar de sus cumbres. Foto: AFP <\/figcaption><\/figure>\n<p>El presidente de Ucrania, Vlad\u00edmir Zelenski, dijo este mi\u00e9rcoles que acept\u00f3 las invitaciones para participar en las cumbres del Grupo de los Siete (G7) en Alemania y de la OTAN en Madrid, que se celebrar\u00e1n a finales de este mes.<\/p>\n<p><strong>&#8220;Acept\u00e9 con gratitud la invitaci\u00f3n de mis socios para participar en eventos internacionales clave: del canciller federal Olaf Scholz en la cumbre del G7 en Alemania y del secretario general de la OTAN Jens Stoltenberg en la cumbre de la OTAN en Madrid&#8221;<\/strong>, escribi\u00f3 Zelenski en su cuenta de Twitter.<\/p>\n<p>Por su parte, <strong>Stoltenberg, confirm\u00f3 que Zelenski, intervendr\u00e1 en la cumbre de l\u00edderes de la OTAN de finales de junio<\/strong>, aunque no ha revelado si acudir\u00e1 en persona o participar\u00e1 por videoconferencia, inform\u00f3 la agencia DPA.<\/p>\n<p><strong>&#8220;Estar\u00e1 invitado a la cumbre de Madrid para que se dirija a todos los l\u00edderes. Es bienvenido a acudir en persona, y si no es posible, lo har\u00e1 a trav\u00e9s de videoconferencia&#8221;, afirm\u00f3 Stoltenberg <\/strong>en rueda de prensa desde la sede de la OTAN antes de la reuni\u00f3n de ministros de Defensa de este mi\u00e9rcoles y jueves.<\/p>\n<p>De acudir a Madrid, ser\u00eda la primera vez que el presidente ucraniano realiza un viaje al exterior desde la intervenci\u00f3n de las tropas rusas en Ucrania ordenada el pasado 24 de febrero por Vladimir Putin.<\/p>\n<figure class=\"mb-3\"><img loading=\"lazy\" src=\"http:\/\/cordobadirecto.com\/wp-content\/uploads\/2022\/06\/zelenski-participara-de-las-proximas-cumbres-del-g7-y-otan-1.jpg\" width=\"100%\" height=\"100%\" alt=\"El secretario general de la OTAN se mostr entusiasmado con que Zelenski se presente en persona Foto AFP\"><figcaption> El secretario general de la OTAN se mostr\u00f3 entusiasmado con que Zelenski se presente en persona. Foto: AFP <\/figcaption><\/figure>\n<p>En este sentido, el ex primer ministro noruego ha recordado que Zelenski ya particip\u00f3 en la \u00faltima cumbre de l\u00edderes euroatl\u00e1nticos cuando intervino telem\u00e1ticamente en la reuni\u00f3n extraordinaria organizada pocas semanas despu\u00e9s de la agresi\u00f3n rusa.<\/p>\n<p><strong>Stoltenberg ha querido reiterar el apoyo a Kiev, se\u00f1alando que los lideres est\u00e1n &#8220;extremadamente comprometidos&#8221; con Ucrania <\/strong>y que mostrar\u00e1n su solidaridad con hechos &#8220;y no solo palabras&#8221;.<\/p>\n<p>Fuentes aliadas confirman planes para facilitar la presencia de Zelenski en Madrid, que ver\u00edan como un acto importante de diplomacia p\u00fablica y una imagen potente de la OTAN ante Mosc\u00fa.<\/p>\n<p>En todo caso, recuerdan que la decisi\u00f3n de viajar a Madrid corresponde al mandatario ucraniano y apuntan que la tomar\u00e1 en el \u00faltimo momento, dependiendo de la situaci\u00f3n en el pa\u00eds. <\/p>\n","protected":false},"excerpt":{"rendered":"<p>El mandatario ucraniano fue invitado por la OTAN y el G7 a participar de sus cumbres. Foto: AFP El presidente de Ucrania, Vlad\u00edmir Zelenski, dijo este mi\u00e9rcoles que acept\u00f3 las invitaciones para participar en las cumbres del Grupo de los Siete (G7) en Alemania y de la OTAN en Madrid, que se celebrar\u00e1n a finales [&hellip;]<\/p>\n","protected":false},"author":1,"featured_media":64257,"comment_status":"closed","ping_status":"closed","sticky":false,"template":"","format":"standard","meta":[],"categories":[24],"tags":[],"_links":{"self":[{"href":"http:\/\/cordobadirecto.com\/index.php\/wp-json\/wp\/v2\/posts\/64256"}],"collection":[{"href":"http:\/\/cordobadirecto.com\/index.php\/wp-json\/wp\/v2\/posts"}],"about":[{"href":"http:\/\/cordobadirecto.com\/index.php\/wp-json\/wp\/v2\/types\/post"}],"author":[{"embeddable":true,"href":"http:\/\/cordobadirecto.com\/index.php\/wp-json\/wp\/v2\/users\/1"}],"replies":[{"embeddable":true,"href":"http:\/\/cordobadirecto.com\/index.php\/wp-json\/wp\/v2\/comments?post=64256"}],"version-history":[{"count":0,"href":"http:\/\/cordobadirecto.com\/index.php\/wp-json\/wp\/v2\/posts\/64256\/revisions"}],"wp:featuredmedia":[{"embeddable":true,"href":"http:\/\/cordobadirecto.com\/index.php\/wp-json\/wp\/v2\/media\/64257"}],"wp:attachment":[{"href":"http:\/\/cordobadirecto.com\/index.php\/wp-json\/wp\/v2\/media?parent=64256"}],"wp:term":[{"taxonomy":"category","embeddable":true,"href":"http:\/\/cordobadirecto.com\/index.php\/wp-json\/wp\/v2\/categories?post=64256"},{"taxonomy":"post_tag","embeddable":true,"href":"http:\/\/cordobadirecto.com\/index.php\/wp-json\/wp\/v2\/tags?post=64256"}],"curies":[{"name":"wp","href":"https:\/\/api.w.org\/{rel}","templated":true}]}}