{"id":64261,"date":"2022-06-16T14:38:52","date_gmt":"2022-06-16T14:38:52","guid":{"rendered":"https:\/\/cordoba.gob.ar\/?p=26758"},"modified":"2022-06-16T14:38:52","modified_gmt":"2022-06-16T14:38:52","slug":"segunda-cumbre-de-economia-circular-las-experiencias-circulares-transmiten-ideas-innovadoras-y-sustentables","status":"publish","type":"post","link":"http:\/\/cordobadirecto.com\/index.php\/2022\/06\/16\/segunda-cumbre-de-economia-circular-las-experiencias-circulares-transmiten-ideas-innovadoras-y-sustentables\/","title":{"rendered":"Segunda Cumbre de Econom\u00eda Circular: las experiencias circulares transmiten ideas innovadoras y sustentables"},"content":{"rendered":"<div><img src=\"http:\/\/cordobadirecto.com\/wp-content\/uploads\/2022\/06\/segunda-cumbre-de-economia-circular-las-experiencias-circulares-transmiten-ideas-innovadoras-y-sustentables.jpg\" class=\"ff-og-image-inserted\"><\/div>\n<p>A lo largo de la primera jornada de Experiencias Circulares, 37 expositores relataron sus experiencias.<\/p>\n<p>Hoy jueves se desarrollan 13 nuevos paneles de charlas y discusi\u00f3n, con 37 nuevos expositores.<\/p>\n<p>Se podr\u00e1n escuchar oradores en los bloques de: \u201cLa pol\u00edtica como camino para construir futuro\u201d, \u201cAvances hacia la Econom\u00eda Circular en el sector empresarial\u201d, \u201cEducaci\u00f3n para la inclusi\u00f3n y la sostenibilidad\u201d y \u201cEstrategias para una econom\u00eda circular: de la teor\u00eda a la pr\u00e1ctica\u201d.<\/p>\n<p>Adem\u00e1s, el bloque \u201cConstruyendo entornos m\u00e1s sustentables\u201d, las empresas constructoras locales e internacionales, al igual que empresas de materiales de la construcci\u00f3n, expondr\u00e1n sus experiencias en cuanto a soluciones habitacionales con desarrollo social, econ\u00f3mico y del medio ambiente y sobre la implementaci\u00f3n del Sistema Socioproductivo 3C.<\/p>\n<p>Otra de las experiencias que ocupar\u00e1 la grilla es \u201cInnovaciones en la recolecci\u00f3n y reciclaje de residuos para una ciudad limpia y un ambiente saludable\u201d. Aqu\u00ed, expondr\u00e1n el caso \u201cAprovechamiento mediante Reciclaje Qu\u00edmico de desechos pl\u00e1sticos en POL SRL: Obtenci\u00f3n de Combustible Pirol\u00edtico Mixoil\u201d.<\/p>\n<p>Este panel cuenta adem\u00e1s sus vivencias el director de Higiene Urbana de la Municipalidad de C\u00f3rdoba, y representantes de URBACOR, LUSA y LAM.<\/p>\n<p>Representantes de Universidades Blas Pascal, UPC, y UNC dir\u00e1n presente en el bloque \u201cEl rol del sector acad\u00e9mico en el cambio de paradigma\u201d, contando sus experiencias.<\/p>\n<p>El jefe Comunal de Villa Ciudad Parque y el presidente de CANNAVA (Sociedad estatal del gobierno de la provincia de Jujuy, dedicada a la producci\u00f3n p\u00fablica de derivados medicinales de cannabis de grado farmac\u00e9utico), estar\u00e1n presentes, disertando sobre sus casos en el bloque referido a \u201cCannabis: Salud y Estado\u201d.<\/p>\n<p>Pasado el mediod\u00eda, se llevar\u00e1 a cabo el bloque destinado a \u201cReciclaje y sustentabilidad: una historia sobre ruedas. En este caso, Edmundo Ramos, ingeniero electromec\u00e1nico hablar\u00e1 sobre la creaci\u00f3n y funcionamiento de su auto que funciona \u201ca basura\u201d.<\/p>\n<p>Para cerrar la tarde, representantes de las bodegas Santa Julia y Mir\u00e1s, y de la Corporaci\u00f3n Vitivin\u00edcola Argentina (COVIAR) hablar\u00e1n sobre su experiencia en \u201cVitivinicultura org\u00e1nica y productiva\u201d.<\/p>\n<p>Tambi\u00e9n, estar\u00e1 el bloque sobre \u201cEl pl\u00e1stico y su versatilidad en la econom\u00eda circular\u201d, que contar\u00e1 con la presencia de empresas como Ecoplas, Madera pl\u00e1stica, C\u00e1mara Argentina de la Industria de Reciclados Pl\u00e1sticos, la Escuela municipal de Econom\u00eda Circular y Ecolif, empresa cordobesa que ofrece \u201csustentabilidad\u201d mediante el servicio de fabricaci\u00f3n de productos de pl\u00e1stico reciclado a entidades, empresas o emprendimientos.<\/p>\n<p>Uno de los \u00faltimos bloques de la tarde ser\u00e1 \u201cResiduos org\u00e1nicos y agr\u00edcolas como materia prima para la producci\u00f3n\u201d.<\/p>\n<p>La jornada cerrar\u00e1 con la presentaci\u00f3n del libro \u201cEl c\u00edrculo verde. Qui\u00e9nes mueven la econom\u00eda circular en C\u00f3rdoba\u201d cuyo autor es el periodista Ary Garbovetzky. El libro fue producido por La Voz del Interior, y cuenta con el aval de Fundaci\u00f3n Avina.<\/p>\n<p>Para poder conocer el cronograma completo con d\u00edas y horarios, hacer click <a href=\"https:\/\/cordoba.gob.ar\/wp-content\/uploads\/2022\/06\/GRILLA-EXPERIENCIAS-CIRCULARES-2022.pdf\">en el siguiente link.<\/a><\/p>\n","protected":false},"excerpt":{"rendered":"<p>A lo largo de la primera jornada de Experiencias Circulares, 37 expositores relataron sus experiencias. Hoy jueves se desarrollan 13 nuevos paneles de charlas y discusi\u00f3n, con 37 nuevos expositores. Se podr\u00e1n escuchar oradores en los bloques de: \u201cLa pol\u00edtica como camino para construir futuro\u201d, \u201cAvances hacia la Econom\u00eda Circular en el sector empresarial\u201d, \u201cEducaci\u00f3n [&hellip;]<\/p>\n","protected":false},"author":1,"featured_media":64262,"comment_status":"closed","ping_status":"closed","sticky":false,"template":"","format":"standard","meta":[],"categories":[44],"tags":[],"_links":{"self":[{"href":"http:\/\/cordobadirecto.com\/index.php\/wp-json\/wp\/v2\/posts\/64261"}],"collection":[{"href":"http:\/\/cordobadirecto.com\/index.php\/wp-json\/wp\/v2\/posts"}],"about":[{"href":"http:\/\/cordobadirecto.com\/index.php\/wp-json\/wp\/v2\/types\/post"}],"author":[{"embeddable":true,"href":"http:\/\/cordobadirecto.com\/index.php\/wp-json\/wp\/v2\/users\/1"}],"replies":[{"embeddable":true,"href":"http:\/\/cordobadirecto.com\/index.php\/wp-json\/wp\/v2\/comments?post=64261"}],"version-history":[{"count":0,"href":"http:\/\/cordobadirecto.com\/index.php\/wp-json\/wp\/v2\/posts\/64261\/revisions"}],"wp:featuredmedia":[{"embeddable":true,"href":"http:\/\/cordobadirecto.com\/index.php\/wp-json\/wp\/v2\/media\/64262"}],"wp:attachment":[{"href":"http:\/\/cordobadirecto.com\/index.php\/wp-json\/wp\/v2\/media?parent=64261"}],"wp:term":[{"taxonomy":"category","embeddable":true,"href":"http:\/\/cordobadirecto.com\/index.php\/wp-json\/wp\/v2\/categories?post=64261"},{"taxonomy":"post_tag","embeddable":true,"href":"http:\/\/cordobadirecto.com\/index.php\/wp-json\/wp\/v2\/tags?post=64261"}],"curies":[{"name":"wp","href":"https:\/\/api.w.org\/{rel}","templated":true}]}}