{"id":64270,"date":"2022-06-16T22:35:00","date_gmt":"2022-06-16T22:35:00","guid":{"rendered":"http:\/\/cordobadirecto.com\/index.php\/2022\/06\/16\/lideres-europeos-visitaron-ucrania-en-apoyo-a-su-ingreso-a-la-union-europea\/"},"modified":"2022-06-16T22:35:00","modified_gmt":"2022-06-16T22:35:00","slug":"lideres-europeos-visitaron-ucrania-en-apoyo-a-su-ingreso-a-la-union-europea","status":"publish","type":"post","link":"http:\/\/cordobadirecto.com\/index.php\/2022\/06\/16\/lideres-europeos-visitaron-ucrania-en-apoyo-a-su-ingreso-a-la-union-europea\/","title":{"rendered":"L\u00edderes europeos visitaron Ucrania en apoyo a su ingreso a la Uni\u00f3n Europea"},"content":{"rendered":"<figure class=\"mb-3\"><img loading=\"lazy\" src=\"http:\/\/cordobadirecto.com\/wp-content\/uploads\/2022\/06\/lideres-europeos-visitaron-ucrania-en-apoyo-a-su-ingreso-a-la-union-europea.jpg\" width=\"100%\" height=\"100%\" alt=\"Es la primera vez que los lderes de estos tres pases acuden a Kiev Foto AFP\"><figcaption> Es la primera vez que los l\u00edderes de estos tres pa\u00edses acuden a Kiev. (Foto: AFP). <\/figcaption><\/figure>\n<p>Los l\u00edderes de Francia, Alemania, Italia y Rumania visitaron este jueves Ucrania de manera inesperada y denunciaron la &#8220;brutalidad&#8221; de la invasi\u00f3n rusa, en una se\u00f1al de fuerte apoyo al Gobierno local, mientras que Rusia insisti\u00f3 en que las entregas de armas de Occidente a Kiev no cambiar\u00e1n el curso de un conflicto que sufre el pueblo ucraniano.<\/p>\n<p><strong>El viaje del presidente franc\u00e9s, Emmanuel Macron; el canciller alem\u00e1n, Olaf Scholz; el primer ministro italiano, Mario Draghi, y el presidente rumano, Klaus Iohannis,<\/strong> llega antes de tres importantes citas este mes en Europa: una cumbre de la Uni\u00f3n Europea la semana pr\u00f3xima que abordar\u00e1 la candidatura de Ucrania; una del G7 y otra de la OTAN.<\/p>\n<p>En el d\u00eda 113 de invasi\u00f3n rusa a Ucrania, los gobernantes de las tres principales econom\u00edas del bloque europeo, acompa\u00f1ados por Iohannis, se reunieron en Kiev con el presidente ucraniano, Volodimir Zelenski, y visitaron la localidad suburbana de Irpin, donde deploraron la devastaci\u00f3n que sufri\u00f3 por ataques de Rusia, que la ocup\u00f3.<\/p>\n<p>Los cinco dieron luego una conferencia de prensa conjunta en la que los l\u00edderes visitantes dijeron apoyar una candidatura &#8220;inmediata&#8221; de Ucrania a la UE, en una fuerte se\u00f1al de apoyo al Gobierno de Zelenski antes de la cumbre europea del 23 y 24 de junio en Bruselas.<\/p>\n<div class=\"video_repositive\"> <a class=\"video_sticky\" href=\"javascript:void();\" onclick=\"removeStuckVideo(true);\"><i class=\"far fa-window-close\"><\/i><\/a> <\/p>\n<div id=\"npD6jrMOtY4\" class=\"video_telam\" readability=\"6\">\n<div class=\"feature_article_inner\" readability=\"32\">\n<p><h2 class=\"text-center\">L\u00edderes europeos en Ucrania apoyaron su ingreso a la Uni\u00f3n Europea<\/h2>\n<\/p><\/div>\n<p>VER VIDEO <i class=\"fas fa-play\"><\/i><\/p>\n<\/p><\/div><\/div>\n<p>&#8220;Los cuatro apoyamos el estatuto de candidato inmediato&#8221; para la adhesi\u00f3n, declar\u00f3 Macron.<\/p>\n<p>Zelenski dijo que Ucrania estaba &#8220;decidida a trabajar&#8221; para convertirse en &#8220;miembro de pleno derecho&#8221; del bloque europeo.<\/p>\n<p>&#8220;Los ucranianos ya se ganaron el derecho de emprender este camino y alcanzar el estatus de candidato&#8221; a una adhesi\u00f3n&#8221;, dijo, inform\u00f3 la agencia de noticias AFP.<\/p>\n<p><strong>Macron, Scholz y Draghi llegaron juntos a la capital ucraniana<\/strong>, en un tren especial que parti\u00f3 desde la vecina Polonia, dijeron la televisi\u00f3n alemana ZDF y el diario italiano La Repubblica, que public\u00f3 una fotograf\u00eda de los tres en el convoy.<\/p>\n<p>Sentados alrededor de una mesa en lo que es descrito por el diario italiano como un vag\u00f3n especial, los tres dirigentes aparecen en plena discusi\u00f3n con vasos de agua y una carpeta enfrente.<\/p>\n<p>Apenas arribados, fueron a Irpin, que qued\u00f3 destruida por combates librados en las primeras semanas de la guerra y donde murieron muchos civiles.<\/p>\n<p>All\u00ed, Macron conden\u00f3 la &#8220;barbarie&#8221; de los ataques rusos, reiter\u00f3 que hab\u00eda indicios de cr\u00edmenes de guerra y elogi\u00f3 el coraje de las fuerzas ucranianos que defendieron la cercana capital.<\/p>\n<figure class=\"mb-3\"><img loading=\"lazy\" src=\"http:\/\/cordobadirecto.com\/wp-content\/uploads\/2022\/06\/lideres-europeos-visitaron-ucrania-en-apoyo-a-su-ingreso-a-la-union-europea-1.jpg\" width=\"100%\" height=\"100%\" alt=\"El encuentro no fue anunciado por razones de seguridad Foto AFP\"><figcaption> El encuentro no fue anunciado por razones de seguridad. (Foto: AFP). <\/figcaption><\/figure>\n<p>Draghi dijo que los aliados de Ucrania reconstruir\u00e1n &#8220;todo&#8221; con ayuda europea.<\/p>\n<p>&#8220;Destruyeron las guarder\u00edas, los parques infantiles y todo ser\u00e1 reconstruido&#8221;, dijo.<\/p>\n<p>El viaje tiene un gran peso simb\u00f3lico, ya que los Gobiernos de Alemania, Italia y Francia est\u00e1n en el centro de las cr\u00edticas tanto por continuar interactuando con el presidente ruso, Vladimir Putin, como por no entregar a Kiev la escala de armamento que reclama para defenderse de Rusia.<\/p>\n<p>Entre otros resultados del viaje, Scholz anunci\u00f3 este jueves que Zelenski &#8220;acept\u00f3 una invitaci\u00f3n&#8221; para participar en la pr\u00f3xima cumbre del G7, que se celebrar\u00e1 a fines de junio en la sure\u00f1a regi\u00f3n alemana de Baviera.<\/p>\n<p><strong>Rusia, por su parte, dijo que esperaba que el encuentro de este jueves en Kiev con Zelenski no centrara su agenda exclusivamente en el apoyo militar a Ucrania<\/strong>, seg\u00fan declar\u00f3 el portavoz del Kremlin, Dmitri Peskov, citado por la agencia de noticias Sputnik.<\/p>\n<p>&#8220;Me gustar\u00eda esperar que los l\u00edderes de estos tres Estados, as\u00ed como el presidente de Ruman\u00eda, (&#8230;) no se centren solo en apoyar a Ucrania mediante el suministro de armas. Es absolutamente in\u00fatil, prolongar\u00e1 el sufrimiento de la poblaci\u00f3n y causar\u00e1 nuevos da\u00f1os a este pa\u00eds&#8221;, dijo Peskov ante la prensa.<\/p>\n<p>Por otra parte, en relaci\u00f3n a este punto, el Kremlin lament\u00f3 el <a href=\"https:\/\/www.telam.com.ar\/notas\/202206\/595603-estados-unidos-aliados-entrega-de-armas-ucrania.html\" target=\"_blank\" rel=\"noopener\">incremento en la entrega de armas que Estados Unidos <\/a>viene haciendo con Ucrania, y argument\u00f3 que el mismo &#8220;no hace m\u00e1s que perjudicar al pueblo ucraniano&#8221;.<\/p>\n<p>&#8220;Estados Unidos est\u00e1 prolongando los problemas de Ucrania, este mal periodo para el pa\u00eds, para su pueblo&#8221;, dijo Peskov.<\/p>\n<p>Mosc\u00fa ha dicho en otras oportunidades que la entrega masiva de armas a Ucrania de parte de Estados Unidos en particular y de Occidente en general, no modificar\u00e1 el &#8220;resultado final&#8221; de la invasi\u00f3n militar, pero s\u00ed &#8220;prolongar\u00e1 el padecimiento&#8221; del pueblo ucraniano.<\/p>\n<figure class=\"mb-3\"><img loading=\"lazy\" src=\"http:\/\/cordobadirecto.com\/wp-content\/uploads\/2022\/06\/lideres-europeos-visitaron-ucrania-en-apoyo-a-su-ingreso-a-la-union-europea-2.jpg\" width=\"100%\" height=\"100%\" alt=\"Draghi Zelensky Macron y Scholz Foto AFP\"><figcaption> Draghi, Zelensky, Macron y Scholz. Foto: AFP <\/figcaption><\/figure>\n<h2 class>La intervenci\u00f3n de la ONU<\/h2>\n<p><strong>En Ginebra, en tanto, la Alta Comisionada de Derechos Humanos de la ONU, Michelle Bachelet<\/strong>, advirti\u00f3 que la magnitud de la destrucci\u00f3n en la ciudad ucraniana de Mariupol indica que se cometieron graves violaciones del derecho internacional el mes y medio que fue cercada y bombardeada por Rusia antes de conquistarla, en abril.<\/p>\n<p>&#8220;Los horrores infligidos a la poblaci\u00f3n civil dejar\u00e1n un rastro indeleble, incluso en las pr\u00f3ximas generaciones&#8221;, dijo la expresidenta chilena ante el Consejo de Derechos Humanos de la ONU.<\/p>\n<p><strong>Mariupol, en el sur de Ucrania, a orillas del mar de Azov, qued\u00f3 casi completamente en ruinas<\/strong> y con apenas 100.000 de los 450.000 habitantes que ten\u00eda antes de la guerra. Ucrania estima que murieron 20.000 y que el resto se fue. Los \u00faltimos soldados ucranianos se rindieron el mes pasado tras atrincherarse semanas en una acer\u00eda.<\/p>\n<p>Ucrania acusa a las fuerzas rusas de haber cometido cr\u00edmenes de guerra en Irpin, as\u00ed como en las localidades cercanas de Bucha y Borodianka, tras encontrar cientos de cad\u00e1veres de civiles despu\u00e9s de la retirada del Ej\u00e9rcito de Mosc\u00fa.<\/p>\n<p>Rusia neg\u00f3 toda responsabilidad en esos hechos y afirm\u00f3 que cuando sus tropas se retiraron de all\u00ed, no hab\u00eda constancia de que se hubieran producido esos cr\u00edmenes.<\/p>\n<p><strong>Rusia justific\u00f3 la invasi\u00f3n a Ucrania en la necesidad de &#8220;liberar&#8221; la regi\u00f3n del Donbass<\/strong>, en el este del pa\u00eds, donde habita una poblaci\u00f3n mayoritariamente rusoparlante a la cual -seg\u00fan Mosc\u00fa- las autoridades de Kiev pretenden exterminar sin haber aplicado las medidas a las que se comprometieron en sendos acuerdos de paz de 2014 y 2015.<\/p>\n<p>En las provincias de Lugansk y Donetsk surgieron desde entonces milicias separatistas que mantuvieron enfrentamientos con el Gobierno central, que en ocho a\u00f1os dejaron al menos 14.000 muertos, seg\u00fan cifras de la ONU. <\/p>\n","protected":false},"excerpt":{"rendered":"<p>Es la primera vez que los l\u00edderes de estos tres pa\u00edses acuden a Kiev. (Foto: AFP). Los l\u00edderes de Francia, Alemania, Italia y Rumania visitaron este jueves Ucrania de manera inesperada y denunciaron la &#8220;brutalidad&#8221; de la invasi\u00f3n rusa, en una se\u00f1al de fuerte apoyo al Gobierno local, mientras que Rusia insisti\u00f3 en que las [&hellip;]<\/p>\n","protected":false},"author":1,"featured_media":64271,"comment_status":"closed","ping_status":"closed","sticky":false,"template":"","format":"standard","meta":[],"categories":[24],"tags":[],"_links":{"self":[{"href":"http:\/\/cordobadirecto.com\/index.php\/wp-json\/wp\/v2\/posts\/64270"}],"collection":[{"href":"http:\/\/cordobadirecto.com\/index.php\/wp-json\/wp\/v2\/posts"}],"about":[{"href":"http:\/\/cordobadirecto.com\/index.php\/wp-json\/wp\/v2\/types\/post"}],"author":[{"embeddable":true,"href":"http:\/\/cordobadirecto.com\/index.php\/wp-json\/wp\/v2\/users\/1"}],"replies":[{"embeddable":true,"href":"http:\/\/cordobadirecto.com\/index.php\/wp-json\/wp\/v2\/comments?post=64270"}],"version-history":[{"count":0,"href":"http:\/\/cordobadirecto.com\/index.php\/wp-json\/wp\/v2\/posts\/64270\/revisions"}],"wp:featuredmedia":[{"embeddable":true,"href":"http:\/\/cordobadirecto.com\/index.php\/wp-json\/wp\/v2\/media\/64271"}],"wp:attachment":[{"href":"http:\/\/cordobadirecto.com\/index.php\/wp-json\/wp\/v2\/media?parent=64270"}],"wp:term":[{"taxonomy":"category","embeddable":true,"href":"http:\/\/cordobadirecto.com\/index.php\/wp-json\/wp\/v2\/categories?post=64270"},{"taxonomy":"post_tag","embeddable":true,"href":"http:\/\/cordobadirecto.com\/index.php\/wp-json\/wp\/v2\/tags?post=64270"}],"curies":[{"name":"wp","href":"https:\/\/api.w.org\/{rel}","templated":true}]}}