{"id":64272,"date":"2022-06-16T14:31:00","date_gmt":"2022-06-16T14:31:00","guid":{"rendered":"http:\/\/cordobadirecto.com\/index.php\/2022\/06\/16\/capturaron-a-un-lider-yihadista-en-un-operativo-de-eeuu-en-siria\/"},"modified":"2022-06-16T14:31:00","modified_gmt":"2022-06-16T14:31:00","slug":"capturaron-a-un-lider-yihadista-en-un-operativo-de-eeuu-en-siria","status":"publish","type":"post","link":"http:\/\/cordobadirecto.com\/index.php\/2022\/06\/16\/capturaron-a-un-lider-yihadista-en-un-operativo-de-eeuu-en-siria\/","title":{"rendered":"Capturaron a un l\u00edder yihadista en un operativo de EEUU en Siria"},"content":{"rendered":"<figure class=\"mb-3\"><img loading=\"lazy\" src=\"http:\/\/cordobadirecto.com\/wp-content\/uploads\/2022\/06\/capturaron-a-un-lider-yihadista-en-un-operativo-de-eeuu-en-siria.jpg\" width=\"100%\" height=\"100%\" alt=\"El hombre capturado haba llegado recientemente al pueblo desde Raqa Foto AFP\"><figcaption> El hombre capturado hab\u00eda llegado recientemente al pueblo desde Raqa. (Foto: AFP). <\/figcaption><\/figure>\n<p>Tropas estadounidenses capturaron este jueves a un l\u00edder del Estado Isl\u00e1mico (EI) en un operativo en el norte de Siria, anunci\u00f3 la coalici\u00f3n liderada por Estados Unidos que lucha contra este grupo yihadista.<\/p>\n<p>La coalici\u00f3n antiyihadista, que est\u00e1 desplegada en Siria e Irak, present\u00f3 al dirigente como un &#8220;experimentado fabricante de explosivos&#8221;, adem\u00e1s de uno de los principales l\u00edderes del EI en Siria.<\/p>\n<p>&#8220;La misi\u00f3n fue planificada meticulosamente para minimizar el riesgo de da\u00f1o colateral, particularmente cualquier perjuicio a civiles&#8221;, se\u00f1al\u00f3 la coalici\u00f3n en un comunicado.<\/p>\n<p><strong>&#8220;No hubo civiles heridos durante la operaci\u00f3n ni ning\u00fan da\u00f1o a la aeronave o los activos de la coalici\u00f3n&#8221;<\/strong>, agreg\u00f3.<\/p>\n<p>Seg\u00fan Rami Abdel Rahman, director del Observatorio Sirio de Derechos Humanos (OSDH), &#8220;el hombre capturado es un responsable de primer plano del EI&#8221;.<\/p>\n<blockquote class><p>El operativo tuvo lugar en la localidad de Hmeirah, al noreste de la ciudad de Alepo y a cuatro kil\u00f3metros de la frontera con Turqu\u00eda<\/p><\/blockquote>\n<p><strong>&#8220;El operativo tuvo lugar en la localidad de Hmeirah, al noreste de la ciudad de Alepo y a cuatro kil\u00f3metros de la frontera con Turqu\u00eda&#8221;, indic\u00f3 Rahman<\/strong>, citado por la agencia de noticias AFP.<\/p>\n<p>&#8220;Dos helic\u00f3pteros aterrizaron cerca del pueblo y hubo un intercambio de disparos entre las casas&#8221; de la localidad compuesta de unas treinta viviendas, tras lo cual el hombre fue detenido, detall\u00f3 el responsable del Observatorio, una ONG con sede en Londres con fuentes en Siria.<\/p>\n<p>Seg\u00fan algunos habitantes de la zona, el hombre capturado hab\u00eda llegado recientemente al pueblo desde Raqa, en el norte de Siria.<\/p>\n<p><strong>Varios helic\u00f3pteros se dirigieron hacia el pueblo de Hmeirah durante la noche. La operaci\u00f3n dur\u00f3 solo unos minutos, pero los helic\u00f3pteros sobrevolaron despu\u00e9s la regi\u00f3n, controlada por los grupos rebeldes leales a Turqu\u00eda.<\/strong><\/p>\n<p>Tras perder en 2019 el \u00faltimo territorio bajo su control debido a la ofensiva de esta coalici\u00f3n, los remanentes del EI en Siria se retiraron a escondrijos en el desierto.<\/p>\n<p>Desde estas posiciones han preparado emboscadas a las fuerzas kurdas o a las tropas del Gobierno sirio y han continuado lanzando ataques sobre Irak.<\/p>\n<h2 class>Abu Ibrahim al Qurash<\/h2>\n<p>El antiguo l\u00edder del grupo, Abu Ibrahim al Qurashi, muri\u00f3 a principios de febrero al detonar una bomba para evitar ser capturado durante una operaci\u00f3n de Estados Unidos en el noroeste de Siria, indic\u00f3 entonces la Casa Blanca.<\/p>\n<p>El grupo prometi\u00f3 venganza y un vocero alent\u00f3 recientemente a sus seguidores a reanudar sus ataques en Europa aprovechando la &#8220;oportunidad&#8221; de que la atenci\u00f3n del continente est\u00e1 puesta en la guerra en Ucrania.<\/p>\n<p><strong>La muerte de Al Qurashi fue el mayor rev\u00e9s para el EI desde que su m\u00e1s conocido predecesor, Abu Bakr al Baghdadi, fuera abatido en 2019 por un comando estadounidense.<\/strong><\/p>\n<p>Por ahora se sabe poco del nuevo l\u00edder, Abu Hasan al Hashemi al Qurashi, el tercero del grupo desde su nacimiento.<\/p>\n","protected":false},"excerpt":{"rendered":"<p>El hombre capturado hab\u00eda llegado recientemente al pueblo desde Raqa. (Foto: AFP). Tropas estadounidenses capturaron este jueves a un l\u00edder del Estado Isl\u00e1mico (EI) en un operativo en el norte de Siria, anunci\u00f3 la coalici\u00f3n liderada por Estados Unidos que lucha contra este grupo yihadista. La coalici\u00f3n antiyihadista, que est\u00e1 desplegada en Siria e Irak, [&hellip;]<\/p>\n","protected":false},"author":1,"featured_media":64273,"comment_status":"closed","ping_status":"closed","sticky":false,"template":"","format":"standard","meta":[],"categories":[24],"tags":[],"_links":{"self":[{"href":"http:\/\/cordobadirecto.com\/index.php\/wp-json\/wp\/v2\/posts\/64272"}],"collection":[{"href":"http:\/\/cordobadirecto.com\/index.php\/wp-json\/wp\/v2\/posts"}],"about":[{"href":"http:\/\/cordobadirecto.com\/index.php\/wp-json\/wp\/v2\/types\/post"}],"author":[{"embeddable":true,"href":"http:\/\/cordobadirecto.com\/index.php\/wp-json\/wp\/v2\/users\/1"}],"replies":[{"embeddable":true,"href":"http:\/\/cordobadirecto.com\/index.php\/wp-json\/wp\/v2\/comments?post=64272"}],"version-history":[{"count":0,"href":"http:\/\/cordobadirecto.com\/index.php\/wp-json\/wp\/v2\/posts\/64272\/revisions"}],"wp:featuredmedia":[{"embeddable":true,"href":"http:\/\/cordobadirecto.com\/index.php\/wp-json\/wp\/v2\/media\/64273"}],"wp:attachment":[{"href":"http:\/\/cordobadirecto.com\/index.php\/wp-json\/wp\/v2\/media?parent=64272"}],"wp:term":[{"taxonomy":"category","embeddable":true,"href":"http:\/\/cordobadirecto.com\/index.php\/wp-json\/wp\/v2\/categories?post=64272"},{"taxonomy":"post_tag","embeddable":true,"href":"http:\/\/cordobadirecto.com\/index.php\/wp-json\/wp\/v2\/tags?post=64272"}],"curies":[{"name":"wp","href":"https:\/\/api.w.org\/{rel}","templated":true}]}}