{"id":64362,"date":"2022-06-17T05:20:43","date_gmt":"2022-06-17T05:20:43","guid":{"rendered":"http:\/\/cordobadirecto.com\/index.php\/2022\/06\/17\/que-ver-escuchar-leer-y-disfrutar-en-los-medios-publicos-esta-semana\/"},"modified":"2022-06-17T05:20:43","modified_gmt":"2022-06-17T05:20:43","slug":"que-ver-escuchar-leer-y-disfrutar-en-los-medios-publicos-esta-semana","status":"publish","type":"post","link":"http:\/\/cordobadirecto.com\/index.php\/2022\/06\/17\/que-ver-escuchar-leer-y-disfrutar-en-los-medios-publicos-esta-semana\/","title":{"rendered":"Qu\u00e9 ver, escuchar, leer y disfrutar en los medios p\u00fablicos esta semana"},"content":{"rendered":"<figure class=\"mb-3\"><img loading=\"lazy\" src=\"http:\/\/cordobadirecto.com\/wp-content\/uploads\/2022\/06\/que-ver-escuchar-leer-y-disfrutar-en-los-medios-publicos-esta-semana.jpg\" width=\"100%\" height=\"100%\" alt=\"Telam SE\"><figcaption><\/figcaption><\/figure>\n<p><span class=\"badge badge-primary\">JUEVES DE 16 JUNIO<\/span><\/p>\n<p><strong>MUNDO A UN CLIC. LA TECNOLOG\u00cdA TAMBI\u00c9N MUERE<\/strong><br \/>El avance de la tecnolog\u00eda parece imparable y muchas veces atenta contra s\u00ed misma: herramientas que en su momento fueron necesarias se vuelven obsoletas y r\u00e1pidamente desaparecen o son reemplazadas. Innovar o perecer, esa es la cuesti\u00f3n.<br \/>Este video forma parte de \u201cEl mundo a un clic\u201d, la serie de T\u00e9lam que explora tendencias, temas actuales y controvertidos en tecnolog\u00eda.<\/p>\n<p>Disponible en la web y en el <a href=\"https:\/\/youtube.com\/user\/AudiovisualTelam\" target=\"_blank\" rel=\"noopener\">canal de Youtube<\/a>.<\/p>\n<p><strong>PODCAST &#8211; SINTON\u00cdA VERDE<\/strong><br \/>Gastronom\u00eda Sostenible. Cada 18 de junio se celebra el D\u00eda Mundial de la Gastronom\u00eda Sostenible, con el objetivo de concientizar sobre el cuidado ambiental en todo el sistema alimentario y alertar respecto al desperdicio de alimentos que, seg\u00fan la ONU, asciende a un 30% a nivel global. Para abordar las causas y posibles soluciones a esta problem\u00e1tica dialogamos con Mercedes Paiva, directora nacional de Pol\u00edticas de Seguridad Alimentaria del ministerio de Desarrollo Social, y con Santiago Guglielmetti, creador de una aplicaci\u00f3n destinada a evitar la p\u00e9rdida de alimentos en Argentina. Idea y producci\u00f3n general: Lorena Vazquez &#8211; Producci\u00f3n: Fabiana Garc\u00eda \u2013 Locuci\u00f3n: Mariana Cotto \u2013 Edici\u00f3n: Juan Silveira Coria.<\/p>\n<p>Escuchalo en <a href=\"https:\/\/spoti.fi\/3zAYJb3\" target=\"_blank\" rel=\"noopener\">Spotify<\/a>.<\/p>\n<p><strong>21.00. FUTSAL 1\u00aaA MASCUINO. SAN LORENZO vs. AM\u00c9RICA DEL SUD<\/strong><br \/><strong>23.00. DOS 20, TE PUEDE PASAR A VOS<\/strong><br \/>Luis Mach\u00edn y Federico Marrale protagonizan El Escondite, el quinto episodio de la nueva serie de unitarios realizada por el canal estatal y protagonizada por un destacado d\u00fao de actores argentinos.&nbsp;&nbsp;<\/p>\n<p>Direcci\u00f3n: Mart\u00edn Russo. Director de actores: Federico Marrale. Productor general: Gustavo Villamagna.<\/p>\n<figure class=\"mb-3\"><img loading=\"lazy\" src=\"http:\/\/cordobadirecto.com\/wp-content\/uploads\/2022\/06\/que-ver-escuchar-leer-y-disfrutar-en-los-medios-publicos-esta-semana-1.jpg\" width=\"100%\" height=\"100%\" alt=\"Telam SE\"><figcaption><\/figcaption><\/figure>\n<p><span class=\"badge badge-primary\">VIERNES 17 DE JUNIO<\/span><\/p>\n<p><strong>MALVINAS, LAS VOCES DE LA MEMORIA. Podcast episodio estreno.<\/strong><br \/>Con episodios estreno todos los viernes, Nacional recupera archivos sonoros, cartas, an\u00e9cdotas, historias, textos, testimonios en un trabajo sonoro cuidado, original, comprometido, indispensable para seguir quebrando el silencio.<\/p>\n<p>Cap\u00edtulo 2 estreno: Dictadura y los medios.<\/p>\n<figure class=\"mb-3\"><img loading=\"lazy\" src=\"http:\/\/cordobadirecto.com\/wp-content\/uploads\/2022\/06\/que-ver-escuchar-leer-y-disfrutar-en-los-medios-publicos-esta-semana-2.jpg\" width=\"100%\" height=\"100%\" alt=\"Telam SE\"><figcaption><\/figcaption><\/figure>\n<p>Disponible en Spotify y en la web de Radio Nacional, y en Spotify e iTunes de Nacional Rock.<\/p>\n<p><strong>TELAM GLOBAL. ESTADOS UNIDOS: TIROTEOS MASIVOS REAVIVAN DEBATE SOBRE POSESI\u00d3N DE ARMAS<\/strong><br \/>Los 213 tiroteos masivos ocurridos desde inicios de 2022, en Estados Unidos, reabrieron el debate sobre la posesi\u00f3n de armas. Mientras muchos estadounidenses defienden su derecho a portar armas consagrado en la Constituci\u00f3n, otros se oponen por considerar que atenta contra el derecho a la vida. Solamente este a\u00f1o, al menos 19.460 personas fallecieron por disparos. Un repaso por el historial de tiroteos masivos en Estados Unidos.<\/p>\n<p>Este video forma parte de T\u00e9lam Global, un micro semanal sobre las noticias mundiales m\u00e1s relevantes, presentado por Manuela Casta\u00f1eda.<\/p>\n<p>Disponible en la web y en el&nbsp;<a href=\"https:\/\/youtube.com\/user\/AudiovisualTelam\" target=\"_blank\" rel=\"noopener\">canal de Youtube<\/a>.<\/p>\n<p><strong>LA SEMANA EN IM\u00c1GENES (VIDEO)<\/strong><br \/>Las noticias nacionales e internacionales m\u00e1s destacadas. En fotos y sin palabras.<\/p>\n<p><strong>PODCAST. LA OTRA HISTORIA, CON NORBERTO GALASSO<\/strong><br \/>Mart\u00edn Miguel de G\u00fcemes: De la revoluci\u00f3n nacional a la revoluci\u00f3n social. L\u00edder de gauchos, audaz militar y vigoroso orador, caracter\u00edsticas de uno de los protagonistas m\u00e1s f\u00e9rreos de nuestra Independencia que el historiador e intelectual argentino recupera para poner en toda su dimensi\u00f3n al \u201cPadre de los Pobres\u201d. Historiador: Norberto Galasso &#8211; Producci\u00f3n general: Lorena Vazquez &#8211; Edici\u00f3n de sonido: Alejandro Sanz<\/p>\n<p>Escuchalo en&nbsp;<a href=\"https:\/\/spoti.fi\/3xiWgiE\" target=\"_blank\" rel=\"noopener\">Spotify<\/a>.<\/p>\n<p><strong>9.00 A 12.00 EL MA\u00d1ANA<\/strong><br \/>Invitada especial: Francisca Valenzuela<\/p>\n<p><strong>16.00.&nbsp; AHORA 16<\/strong><br \/>Invitado especial: Daniel Drexler<\/p>\n<p><strong>13.00. TORNEO METROPOLITANO DE VOLEY 2022. FERRO vs. VELEZ . <\/strong>Repetici\u00f3n.<\/p>\n<p><strong>16.00. LIGA ACB. REAL MADRID vs. BARCELONA.<\/strong> PARTIDO 3 final.<\/p>\n<p><strong>19.00. TORNEO TRES NACIONES. HANDBALL MASCULINO. ARGENTINA vs. PARAGUAY.<\/strong><br \/>\u200bEl Torneo Tres Naciones enfrentar\u00e1 a \u201cLos Gladiadores\u201d con Paraguay en Alta Gracia.<\/p>\n<figure class=\"mb-3\"><img loading=\"lazy\" src=\"http:\/\/cordobadirecto.com\/wp-content\/uploads\/2022\/06\/que-ver-escuchar-leer-y-disfrutar-en-los-medios-publicos-esta-semana-3.jpg\" width=\"100%\" height=\"100%\" alt=\"Telam SE\"><figcaption><\/figcaption><\/figure>\n<p><strong>23.00. MUNDO REP<\/strong><br \/>Un nuevo programa creado por el dibujante y artista Miguel Rep, quien convoca a destacadas figuras para dialogar sobre diversos temas y personalidades que \u00e9l mismo dibuj\u00f3 y plasm\u00f3 en historias gr\u00e1ficas a lo largo del tiempo.<\/p>\n<p>Mar\u00eda Kodama, Claudia Pi\u00f1eiro y Juan Sasturain se adentran en el mundo borgiano para conversar acerca de la obra, trayector\u00eda, ideolog\u00eda y legado de uno de los escritores m\u00e1s emblem\u00e1ticos de la cultura nacional: Jorge Luis Borges.<\/p>\n<p><span class=\"badge badge-primary\">S\u00c1BADO 18 DE JUNIO<\/span><\/p>\n<p><strong>FILOSOFAVA (VIDEO)<\/strong><br \/>Llega un nuevo episodio del fil\u00f3sofo Juli\u00e1n Fava.<\/p>\n<p>Disponible en la web y en el&nbsp;<a href=\"https:\/\/youtube.com\/user\/AudiovisualTelam\" target=\"_blank\" rel=\"noopener\">canal de Youtube<\/a>.<\/p>\n<p><strong>8.00 a 9.00. ACADEMIA NACIONAL DE FOLKLORE&nbsp;<\/strong><br \/>Con Monica Abraham y Rolando Goldman. Entrevista a Mica Chauque.<br \/><strong>01.00. TORNEO METROPOLITANO DE VOLEY MASCULINO 2022. SAN LORENZO vs. DEPORTES LA MATANZA.<\/strong> Repetici\u00f3n<\/p>\n<p><strong>09.45. TENIS CHALLENGER. CORRIENTES PARTIDO 1<\/strong><\/p>\n<p><strong>12.00. TENIS CHALLENGER. CORRIENTES PARTIDO 2.<\/strong> En vivo<\/p>\n<p><strong>15.00. AUTOMOVILISMO TN. EN NEUQU\u00c9N. FECHA 5.<\/strong> En vivo<\/p>\n<p><strong>19.00. TORNEO TRES NACIONES. HANDBALL MASCULINO.ARGENTINA vs. URUGUAY<\/strong><\/p>\n<p><strong>LA REDONDA<\/strong><br \/>Un pueblo de la llanura pampeana en Santa Fe, un presidente comunal con un plan descabellado para aferrarse a su cargo por varios a\u00f1os m\u00e1s y un viajante de comercio que no sabe d\u00f3nde se est\u00e1 metiendo cuando llega a La Redonda: los ingredientes que se mezclan en esta comedia negra creada, producida e interpretada casi \u00edntegramente por rosarinos.<\/p>\n<p>Direcci\u00f3n: Alfonso Gastiaburo. Gui\u00f3n: Romina Tamburello, Esteban Goicoechea. Elenco: Juan Pablo Y\u00e9voli, Mat\u00edas del Valle Rossi, Paula Garc\u00eda Jurado. Con la participaci\u00f3n especial de Carlos Portaluppi.<\/p>\n<p><span class=\"badge badge-primary\">DOMINGO 19 DE JUNIO<\/span><\/p>\n<p><strong>REP<\/strong><br \/>En este nuevo episodio el ilustrador Miguel Rep presenta: &#8220;La madurez de Cervantes&#8221;<\/p>\n<figure class=\"mb-3\"><img loading=\"lazy\" src=\"http:\/\/cordobadirecto.com\/wp-content\/uploads\/2022\/06\/que-ver-escuchar-leer-y-disfrutar-en-los-medios-publicos-esta-semana-4.jpg\" width=\"100%\" height=\"100%\" alt=\"Telam SE\"><figcaption><\/figcaption><\/figure>\n<p>Disponible en la web y en el&nbsp;<a href=\"https:\/\/youtube.com\/user\/AudiovisualTelam\" target=\"_blank\" rel=\"noopener\">canal de Youtube<\/a>.<\/p>\n<p><strong>ECOINTENSA.&nbsp; D\u00eda Mundial de lucha contra las sequ\u00edas y la desertificaci\u00f3n.<\/strong><br \/>\u00bfSab\u00edas que el 17 de junio se celebra el d\u00eda mundial de lucha contra las sequ\u00edas y la desertificaci\u00f3n? Este a\u00f1o, el tema del D\u00eda Internacional contra la Desertificaci\u00f3n, &#8220;Superando juntos las sequ\u00edas&#8221;, hace especial hincapi\u00e9 en la acci\u00f3n temprana para evitar consecuencias desastrosas para la humanidad y los ecosistemas planetarios.Se estima que para 2050 las sequ\u00edas afectar\u00e1n a m\u00e1s de las tres cuartas partes de la poblaci\u00f3n mundial.<\/p>\n<p>Un nuevo cap\u00edtulo de temas ambientales con Natalia Mazzei.<\/p>\n<figure class=\"mb-3\"><img loading=\"lazy\" src=\"http:\/\/cordobadirecto.com\/wp-content\/uploads\/2022\/06\/que-ver-escuchar-leer-y-disfrutar-en-los-medios-publicos-esta-semana-5.jpg\" width=\"100%\" height=\"100%\" alt=\"Telam SE\"><figcaption><\/figcaption><\/figure>\n<p>Disponible en la web y en el&nbsp;<a href=\"https:\/\/youtube.com\/user\/AudiovisualTelam\" target=\"_blank\" rel=\"noopener\">canal de Youtube<\/a>.<\/p>\n<p><strong>14.30 a 24.00. TORNEO DE 1 DIVISI\u00d3N. Fecha 4<\/strong><br \/>Relatores Pasi\u00f3n Nacional.<br \/>Conexi\u00f3n TIGRE vs. BANFIELD.<\/p>\n<p><strong>15.30. LAN\u00daS vs. COL\u00d3N<\/strong><br \/>Relata Sergio: Zarratea.&nbsp; Comenta: Gustavo Ger<\/p>\n<p><strong>18.00. UNI\u00d3N vs. RIVER<\/strong><br \/>Relata: Victor Hugo. Comentan: Alejandro Apo y Viviana Vila<\/p>\n<p><strong>18.30. NO BINARIO. Segundo cap\u00edtulo estreno.<\/strong><br \/>La serie que cuenta a trav\u00e9s de la escritora, actriz y joven mujer trans Carolina Unrein, su viaje a Tierra del Fuego, donde se celebr\u00f3 el primer matrimonio de una pareja gay, el puntapi\u00e9 inicial para que se crearan la Ley de Matrimonio Igualitario y la Ley de Identidad de G\u00e9nero.<\/p>\n<figure class=\"mb-3\"><img loading=\"lazy\" src=\"http:\/\/cordobadirecto.com\/wp-content\/uploads\/2022\/06\/que-ver-escuchar-leer-y-disfrutar-en-los-medios-publicos-esta-semana-6.jpg\" width=\"100%\" height=\"100%\" alt=\"Telam SE\"><figcaption><\/figcaption><\/figure>\n<p>Alex Freire y Jos\u00e9 Mar\u00eda Di Bello fueron los primeros en casarse, un a\u00f1o antes de la aprobaci\u00f3n de la Ley de Matrimonio Igualitario, sancionada en 2010, y el camino hasta llegar al casamiento estuvo lleno de espinas, ya que&nbsp; \u201cHasta 1990 la Organizaci\u00f3n Mundial de la Salud (OMS) dec\u00eda que la homosexualidad era una enfermedad\u201d<\/p>\n<p>\u201cNo Binario\u201d muestra las huellas de una sociedad y un mundo en constante transformaci\u00f3n. Una coproducci\u00f3n de Canal Encuentro con la Universidad de Tierra del Fuego.<\/p>\n<p><strong>20.30. BARRACAS CENTRAL vs BOCA.&nbsp;<\/strong> Relata: Jos\u00e9 Gabriel Carbajal. Comenta: Daniel Cacioli<br \/><strong>00.00.&nbsp; AUTOMOVILISMO TN. <\/strong>Neuqu\u00e9n. Fecha 5. En vivo<\/p>\n<p><strong>09.45 . TENIS CHALLENGER. <\/strong>En vivo<\/p>\n<p><strong>12. 55. LIGA ACB. <\/strong>Por confirmar<\/p>\n<p><strong>22.00 . BELGRANO, LA PEL\u00cdCULA<\/strong><br \/>En el preludio del D\u00eda de la Bandera, Televisi\u00f3n P\u00fablica presenta un film centrado en los \u00faltimos a\u00f1os de vida del abogado, economista, periodista, pol\u00edtico, diplom\u00e1tico y militar argentino, Manuel Belgrano.<\/p>\n<p>Este film cuenta c\u00f3mo la vida personal de Belgrano qued\u00f3 rezagada a su vida p\u00fablica y c\u00f3mo su virtud patri\u00f3tica lo oblig\u00f3 a postergar lo privado, sin\u00f3nimo de su pasi\u00f3n individual. Por eso sus amores ocuparon un segundo lugar, recatado, un tanto invisible a los ojos de los dem\u00e1s.<\/p>\n<p>Direcci\u00f3n: Sebasti\u00e1n Pivotto. Reparto: Pablo Rago, Valeria Bertuccelli, Pablo Echarri, Paula Reca, Guillermo Pfening, Mariano Torre, Pablo Ribba y Sebasti\u00e1n Mogordoy. Gui\u00f3n: Juan Pablo Domenech, Marcelo Cama\u00f1o.<\/p>\n<p><strong>22.00 a 23.00. CORAZ\u00d3N NATIVO<\/strong><br \/>Con Bebe Ponti. Invitadas: Nancy Abalos y Roc\u00edo Sanjurjo Abalos<\/p>\n<p><span class=\"badge badge-primary\">LUNES 20 DE JUNIO<\/span><\/p>\n<p><strong>DE BOCA EN BOCA<\/strong><br \/>Cada lunes el odont\u00f3logo Lucas Garc\u00eda S\u00e1nchez, analiza un consejo \u00fatil para tu salud bucal en &#8220;De boca en boca\u2019&#8217;. En este cap\u00edtulo: Las muelas de juicio.<\/p>\n<p>Disponible en la web y en el&nbsp;<a href=\"https:\/\/youtube.com\/user\/AudiovisualTelam\" target=\"_blank\" rel=\"noopener\">canal de Youtube<\/a>.<\/p>\n<p><strong>07.00 a 09.00. PASE LO QUE PASE<\/strong><br \/>Con Dar\u00edo Villarruel<\/p>\n<p><strong>09.00 A 12.00 AH\u00cd VAMOS<\/strong><br \/>Con Gisela Busaniche, transmitir\u00e1n desde la c\u00fapula del Centro Cultural Kirchner, conmemorando el D\u00eda de la Bandera.<\/p>\n<p><strong>21.30. TORNEO PRIMERA DIVISI\u00d3N. INDEPENDIENTE vs ESTUDIANTES. <\/strong>Fecha 2<br \/>Con Relatores Pasi\u00f3n Nacional. Relata: Jorge Godoy. Comenta: Santi Luc\u00eda.<\/p>\n<p><strong>10.00 a 12.00. PAN CASERO<\/strong><br \/>Los Carabajal en vivo. Con la conducci\u00f3n de Cholo Gomez Casta\u00f1on.<br \/><strong>22.00. LO JUSTO. DETR\u00c1S DE LA LEY.<\/strong> Serie documental.<\/p>\n<p>Cap\u00edtulo Estreno : \u00bfESTADO DE DERECHO?<\/p>\n<p>\u00bfDemocratizar el acceso o democratizar la Justicia? Comenzamos recordando el crimen de Alcira Methyger como un disparador para reflexionar sobre una pregunta central: \u00bfes posible pensar un fallo sobre un femicidio en 1955 de la misma forma que hoy en d\u00eda? \u00bfC\u00f3mo abordar el v\u00ednculo entre la Justicia y las condiciones sociales? La cuesti\u00f3n del g\u00e9nero se vuelve entonces un componente imprescindible para analizar el v\u00ednculo entre transformaci\u00f3n y Poder Judicial. \u00bfEs viable, por ejemplo, seguir abordando la violencia de g\u00e9nero desde la hegemon\u00eda de la denuncia y de nuestro sistema penal o podemos pensar en otro paradigma? El debate en torno a la paridad de g\u00e9nero, datos sobre la presencia de mujeres. El caso emblem\u00e1tico de la Corte Suprema: la primera vez que una mujer llega al m\u00e1ximo tribunal. \u00bfOtra Justicia es posible?<\/p>\n<p>Repite: jueves a las 13:30, y domingos a las 21:30<\/p>\n<figure class=\"mb-3\"><img loading=\"lazy\" src=\"http:\/\/cordobadirecto.com\/wp-content\/uploads\/2022\/06\/que-ver-escuchar-leer-y-disfrutar-en-los-medios-publicos-esta-semana-7.jpg\" width=\"100%\" height=\"100%\" alt=\"Telam SE\"><figcaption><\/figcaption><\/figure>\n<p><span class=\"badge badge-primary\">MARTES 21 DE JUNIO<\/span><\/p>\n<p><strong>EFEM\u00c9RIDES: LA HISTORIA AL D\u00cdA <\/strong>&#8211; Lunes a domingo.<br \/>Un video repasa los acontecimientos m\u00e1s relevantes que ocurrieron hace d\u00e9cadas. La historia, en palabras e im\u00e1genes todos los d\u00edas. Lunes a domingo<\/p>\n<p><strong>MALVINAS 40 A\u00d1OS-ECOS DE LA GUERRA (PODCAST)<\/strong><br \/>Para repasar los acontecimientos que conmocionaron a la Argentina durante 1982, pero tambi\u00e9n para recordar el clima de la \u00e9poca, la Agencia T\u00e9lam presenta cada d\u00eda un nuevo episodio del podcast que recorre el d\u00eda a d\u00eda del conflicto b\u00e9lico.<\/p>\n<p>Disponible en la web y en el&nbsp;<a href=\"https:\/\/youtube.com\/user\/AudiovisualTelam\" target=\"_blank\" rel=\"noopener\">canal de Youtube<\/a>.<\/p>\n<p><strong>MINUTO DE NOTICIAS <\/strong>&#8211; Lunes a viernes.<br \/>Los t\u00edtulos m\u00e1s destacados en 1 minuto. Tres emisiones por d\u00eda. (Audio y video).<\/p>\n<p><strong>PANORAMA FEDERAL (VIDEO Y RADIO).<\/strong> Lunes a viernes.<br \/>Un noticiero federal con la informaci\u00f3n destacada de las provincias argentinas.<\/p>\n<p>Disponible en la web y en el&nbsp;<a href=\"https:\/\/youtube.com\/user\/AudiovisualTelam\" target=\"_blank\" rel=\"noopener\">canal de Youtube<\/a>.<\/p>\n<p><span class=\"badge badge-primary\">MI\u00c9RCOLES 22 DE JUNIO<\/span><\/p>\n<p><strong>CERCANO ORIENTE (VIDEO). PING PONG, EL DEPORTE NACIONAL DE CHINA<\/strong><br \/>Si bien el origen del tenis de mesa se remonta a la nobleza brit\u00e1nica, el ping pong se convirti\u00f3 en el deporte nacional de la Rep\u00fablica Popular China. La popularidad es tal que nadie desconoce la gloria y la destreza deportiva de sus jugadores profesionales. En esta entrega, Dongya Liang nos cuenta porque se conoce a China como la gran potencia mundial de este deporte.<\/p>\n<p><strong>PODCAST &#8211; CORTOCIRCUITO<\/strong><br \/>Uribelarrea, un pueblo de pel\u00edcula. Si viv\u00eds en la Ciudad de Buenos Aires o te encontras de pasada, una alternativa de descanso son los pueblos rurales de la provincia de Buenos Aires. En este episodio de Cortocircuito, el podcast de T\u00e9lam Digital sobre destinos tur\u00edsticos no tradicionales, nos vamos de paseo a Uribelarrea: gastronom\u00eda de campo, naturaleza y un pueblo de pel\u00edcula \u00bfte intriga? Ven\u00ed con nosotros. Idea y producci\u00f3n: Andrea Holgado &#8211; Locuci\u00f3n: Esteban Jacyna &#8211; Edici\u00f3n: Juan Coria<\/p>\n<p>Escuchalo en <a href=\"https:\/\/spoti.fi\/3NNkqZH\" target=\"_blank\" rel=\"noopener\">Spotify<\/a>.<\/p>\n<div class=\"jumbotron pt-4 mt-3\" readability=\"31.754082612872\">\n<h3 class=\"module-title\">Destacados<\/h3>\n<p><strong><a href=\"http:\/\/https\/\/www.pakapaka.gob.ar\" target=\"_blank\" rel=\"noopener\">PakaPaka<\/a>&nbsp;&#8211;&nbsp;Nominaci\u00f3n internacional&nbsp;<\/strong><\/p>\n<p>La se\u00f1al infantil p\u00fablica anuncia que la serie Los Motorj\u00f3n result\u00f3 finalista en la 11. a versi\u00f3n del Festival Internacional de Animaci\u00f3n CHILEMONOS 2022 (Chile), uno de los festivales de animaci\u00f3n m\u00e1s importantes del mundo, para participar en la competencia oficial en la categor\u00eda \u201cSeries Latinoamericanas\u201d.<\/p>\n<p>La serie Los Motorj\u00f3n narra las aventuras de una familia de conejos que recorre el mundo en una casa rodante muy especial. Los Motorj\u00f3n descubren caminos con paisajes, canciones, amigos y sorpresas, siempre atentos al cuidado del medio ambiente.<\/p>\n<p>Una coproducci\u00f3n del canal Pakapaka y Malabar Producciones SRL. El proyecto fue parte de la selecci\u00f3n Cinekids Mercado 2020.<br \/>&nbsp;<br \/>La 11. a versi\u00f3n del Festival Internacional de Animaci\u00f3n CHILEMONOS 2022 (Chile), que se celebrar\u00e1 del 18 al 22 de julio, ser\u00e1 una edici\u00f3n especial, ya que, por primera vez en dos a\u00f1os, se pasar\u00e1 de una modalidad online a una h\u00edbrida, con actividades tanto presenciales como remotas.<\/p>\n<\/p><\/div>\n","protected":false},"excerpt":{"rendered":"<p>JUEVES DE 16 JUNIO MUNDO A UN CLIC. LA TECNOLOG\u00cdA TAMBI\u00c9N MUEREEl avance de la tecnolog\u00eda parece imparable y muchas veces atenta contra s\u00ed misma: herramientas que en su momento fueron necesarias se vuelven obsoletas y r\u00e1pidamente desaparecen o son reemplazadas. Innovar o perecer, esa es la cuesti\u00f3n.Este video forma parte de \u201cEl mundo a [&hellip;]<\/p>\n","protected":false},"author":1,"featured_media":64363,"comment_status":"closed","ping_status":"closed","sticky":false,"template":"","format":"standard","meta":[],"categories":[20],"tags":[],"_links":{"self":[{"href":"http:\/\/cordobadirecto.com\/index.php\/wp-json\/wp\/v2\/posts\/64362"}],"collection":[{"href":"http:\/\/cordobadirecto.com\/index.php\/wp-json\/wp\/v2\/posts"}],"about":[{"href":"http:\/\/cordobadirecto.com\/index.php\/wp-json\/wp\/v2\/types\/post"}],"author":[{"embeddable":true,"href":"http:\/\/cordobadirecto.com\/index.php\/wp-json\/wp\/v2\/users\/1"}],"replies":[{"embeddable":true,"href":"http:\/\/cordobadirecto.com\/index.php\/wp-json\/wp\/v2\/comments?post=64362"}],"version-history":[{"count":0,"href":"http:\/\/cordobadirecto.com\/index.php\/wp-json\/wp\/v2\/posts\/64362\/revisions"}],"wp:featuredmedia":[{"embeddable":true,"href":"http:\/\/cordobadirecto.com\/index.php\/wp-json\/wp\/v2\/media\/64363"}],"wp:attachment":[{"href":"http:\/\/cordobadirecto.com\/index.php\/wp-json\/wp\/v2\/media?parent=64362"}],"wp:term":[{"taxonomy":"category","embeddable":true,"href":"http:\/\/cordobadirecto.com\/index.php\/wp-json\/wp\/v2\/categories?post=64362"},{"taxonomy":"post_tag","embeddable":true,"href":"http:\/\/cordobadirecto.com\/index.php\/wp-json\/wp\/v2\/tags?post=64362"}],"curies":[{"name":"wp","href":"https:\/\/api.w.org\/{rel}","templated":true}]}}