{"id":64368,"date":"2022-06-16T20:14:46","date_gmt":"2022-06-16T20:14:46","guid":{"rendered":"https:\/\/www.ole.com.ar\/autos\/mick-schumacher-nikita-mazepin_0_uQirw9xymm.html"},"modified":"2022-06-16T20:14:46","modified_gmt":"2022-06-16T20:14:46","slug":"la-critica-de-mazepin-a-schumacher-los-resultados-hablan-por-si-solos","status":"publish","type":"post","link":"http:\/\/cordobadirecto.com\/index.php\/2022\/06\/16\/la-critica-de-mazepin-a-schumacher-los-resultados-hablan-por-si-solos\/","title":{"rendered":"La cr\u00edtica de Mazepin a Schumacher: &#8220;Los resultados hablan por s\u00ed solos&#8221;"},"content":{"rendered":"<p><strong><a alt=\"nikita-mazepin\" class=\"slug\" href=\"https:\/\/www.ole.com.ar\/tema\/nikita-mazepin.html\" target=\"_blank\" title=\"nikita-mazepin\" rel=\"noopener\">Nikita Mazepin <\/a><\/strong>todav\u00eda sigue con la sangre en el ojo. Con bronca por no estar corriendo en la<strong><a alt=\"formula-1\" class=\"slug\" href=\"https:\/\/www.ole.com.ar\/tema\/formula-1.html\" target=\"_blank\" title=\"formula-1\" rel=\"noopener\"> F\u00f3rmula 1<\/a><\/strong>, tal como indicaba el contrato que lo ligaba con <strong><a alt=\"haas\" class=\"slug\" href=\"https:\/\/www.ole.com.ar\/tema\/haas.html\" target=\"_blank\" title=\"haas\" rel=\"noopener\">Haas <\/a><\/strong>hasta 2023 y que fue cortado antes de tiempo por la guerra de Rusia y Ucrania y las sanciones impuestas a los deportistas del gigante euroasi\u00e1tico. Sin embargo, el piloto no se olvida su paso por la M\u00e1xima y<strong> lanz\u00f3 una fuerte cr\u00edtica a su excompa\u00f1ero, Mick Schumacher<\/strong>. &#8220;<strong>Los resultados hablan por s\u00ed solos, no necesito a\u00f1adir nada<\/strong>&#8220;, afirm\u00f3.<\/p>\n<div class=\"sp__Normal\">\n<div class=\"image-embeb image-trigger\" readability=\"6.5\">\n<picture><source media=\"(min-width: 720px)\" srcset=\"http:\/\/cordobadirecto.com\/wp-content\/uploads\/2022\/06\/la-critica-de-mazepin-a-schumacher-los-resultados-hablan-por-si-solos.jpg\"><img itemprop=\"image\" src=\"http:\/\/cordobadirecto.com\/wp-content\/uploads\/2022\/06\/la-critica-de-mazepin-a-schumacher-los-resultados-hablan-por-si-solos.jpg\" loading=\"lazy\" alt=\"Mick Schumacher est\u00e1 puesto en el centro de las cr\u00edticas por haber tenido dos choques. (ANDREJ ISAKOVIC \/ AFP)\">\n<\/picture><figcaption readability=\"3\">\n<p>Mick Schumacher est\u00e1 puesto en el centro de las cr\u00edticas por haber tenido dos choques. (ANDREJ ISAKOVIC \/ AFP)\n<\/p>\n<\/figcaption><\/div>\n<\/div>\n<p>Eso s\u00ed, las palabras con <strong>Kevin Magnussen<\/strong>, quien lo reemplaz\u00f3 en su monoplaza, fueron m\u00e1s que positivas. &#8220;<strong>Est\u00e1 en gran forma tras su regreso y ha demostrado lo que puede hacer<\/strong>. Me gustar\u00eda repetir su historia de \u00e9xito. Hace cuatro meses no pod\u00eda imaginar que todo cambiar\u00eda tan r\u00e1pidamente&#8221;, expres\u00f3.<\/p>\n<div class=\"sp__SM\">\n<div class=\"content-new \">\n<span class=\"tit-mobile\">Mir\u00e1 tambi\u00e9n<\/span><\/p>\n<div class=\"mg\">\n<div class=\"wrap-figure\">\n<picture>\n<a href=\"https:\/\/www.ole.com.ar\/autos\/formula1-gran-premio-canada_0_A0OgYzGTMI.html\" target=\"_self\" rel=\"noopener\"><br \/>\n<img class=\"img-responsive\" alt=\"GP de Canad\u00e1: horarios, TV y todo lo que ten\u00e9s que saber\" src=\"http:\/\/cordobadirecto.com\/wp-content\/uploads\/2022\/06\/la-critica-de-mazepin-a-schumacher-los-resultados-hablan-por-si-solos-1.jpg\" loading=\"lazy\"><br \/>\n<\/a>\n<\/picture>\n<\/div>\n<\/div><\/div>\n<\/div>\n<p>M\u00e1s all\u00e1 del enojo que a\u00fan mantiene por c\u00f3mo le comunicaron la noticia que dejaba de pertenecer a la escuder\u00eda estadounidense, la realidad es que Mazepin confes\u00f3 que est\u00e1 m\u00e1s enojado por las relaciones personales con el resto de los integrantes de su exequipo. &#8220;Si despidieran a un mec\u00e1nico o a alguien con quien trabajara estrechamente, <strong>le habr\u00eda enviado un mensaje independientemente de lo que pensara de la persona o de la direcci\u00f3n<\/strong>&#8220;, coment\u00f3 en una charla con el medio Match TV.<\/p>\n<div class=\"sp__Normal\">\n<div class=\"image-embeb image-trigger\" readability=\"6\">\n<picture><source media=\"(min-width: 720px)\" srcset=\"http:\/\/cordobadirecto.com\/wp-content\/uploads\/2022\/06\/la-critica-de-mazepin-a-schumacher-los-resultados-hablan-por-si-solos-2.jpg\"><img itemprop=\"image\" src=\"http:\/\/cordobadirecto.com\/wp-content\/uploads\/2022\/06\/la-critica-de-mazepin-a-schumacher-los-resultados-hablan-por-si-solos-2.jpg\" loading=\"lazy\" alt=\"El ruso estuvo en la M\u00e1xima durante una temporada. (EFE)\">\n<\/picture><figcaption readability=\"2\">\n<p>El ruso estuvo en la M\u00e1xima durante una temporada. (EFE)\n<\/p>\n<\/figcaption><\/div>\n<\/div>\n<p>El ruso hab\u00eda formado parte de los entrenamientos de Barcelona, de comienzo de a\u00f1o. De hecho, estaba hallando su mejor versi\u00f3n con el auto. A pesar de ese arranque, <strong>desde los altos mandos de Haas admit\u00edan la anterior temporada -seg\u00fan se revela en la serie Drive to Survive- que pensaban en rescindir antes su contrato<\/strong>, aunque el gran problema que les imped\u00eda llevar adelante esa decisi\u00f3n era la importante erogaci\u00f3n econ\u00f3mica que pon\u00eda su padre Dmitry, due\u00f1o de la empresa de fertilizantes Uralkali.<\/p>\n<div class=\"sp__SM\">\n<div class=\"content-new \">\n<span class=\"tit-mobile\">Mir\u00e1 tambi\u00e9n<\/span><\/p>\n<div class=\"mg\">\n<div class=\"wrap-figure\">\n<picture>\n<a href=\"https:\/\/www.ole.com.ar\/autos\/ex-f1-hamilton_0_ykdyKa1EVC.html\" target=\"_self\" rel=\"noopener\"><br \/>\n<img class=\"img-responsive\" alt=\"Un ex F1 contra Hamilton\" src=\"http:\/\/cordobadirecto.com\/wp-content\/uploads\/2022\/06\/la-critica-de-mazepin-a-schumacher-los-resultados-hablan-por-si-solos-3.jpg\" loading=\"lazy\"><br \/>\n<\/a>\n<\/picture>\n<\/div>\n<\/div><\/div>\n<\/div>\n<p>A pesar de encontrarse fuera de la categor\u00eda y de la manera en la que se march\u00f3, <strong>Mazepin sue\u00f1a con volver a la F\u00f3rmula 1<\/strong>. &#8220;<strong>No dudar\u00eda en volver al volante y aprovechar la primera oportunidad que tenga. Todo es posible<\/strong>&#8220;, admiti\u00f3.&nbsp;<\/p>\n<div class=\"sp__Normal\">\n<div class=\"image-embeb image-trigger\" readability=\"6\">\n<picture><source media=\"(min-width: 720px)\" srcset=\"http:\/\/cordobadirecto.com\/wp-content\/uploads\/2022\/06\/la-critica-de-mazepin-a-schumacher-los-resultados-hablan-por-si-solos-4.jpg\"><img itemprop=\"image\" src=\"http:\/\/cordobadirecto.com\/wp-content\/uploads\/2022\/06\/la-critica-de-mazepin-a-schumacher-los-resultados-hablan-por-si-solos-4.jpg\" loading=\"lazy\" alt=\"La M\u00e1xima vuelve a Canad\u00e1. (AFP)\">\n<\/picture><figcaption readability=\"2\">\n<p>La M\u00e1xima vuelve a Canad\u00e1. (AFP)\n<\/p>\n<\/figcaption><\/div>\n<\/div>\n<h2><strong>Este fin de semana se corre en Canad\u00e1<\/strong><\/h2>\n<p><a href=\"https:\/\/www.ole.com.ar\/autos\/formula1-gran-premio-canada_0_A0OgYzGTMI.html\" target=\"_blank\" rel=\"noopener\"><strong>La novena fecha del Circo se llevar\u00e1 a cabo del viernes al domingo en el circuito de Montreal<\/strong><\/a>, Canad\u00e1, donde la competencia regresa despu\u00e9s de tres a\u00f1os por la pandemia. <strong><a alt=\"max-verstappen\" class=\"slug\" href=\"https:\/\/www.ole.com.ar\/tema\/max-verstappen.html\" target=\"_blank\" title=\"max-verstappen\" rel=\"noopener\">Max Verstappen<\/a><\/strong>, l\u00edder del torneo, intentar\u00e1 ganar su sexta carrera del a\u00f1o. Las tres restantes se las dividieron entre Charles Leclerc (2) y Sergio P\u00e9rez (1).<\/p>\n<p><strong>El viernes ser\u00e1 el tiempo de los ensayos libres<\/strong>. La primera pr\u00e1ctica ser\u00e1 desde las 15.00, mientras que la segunda comenzar\u00e1 a las 18.00. Ambas durar\u00e1n una hora. Al d\u00eda siguiente, el gran premio seguir\u00e1 con una tercera y \u00faltima sesi\u00f3n de entrenamientos, que ser\u00e1 de las 14.00 a las 15.00. Con las tres pr\u00e1cticas concluidas, llegar\u00e1 la <strong>clasificaci\u00f3n <\/strong>a las 17.00, en la que los pilotos se enterar\u00e1n del orden en el que saldr\u00e1n al otro d\u00eda. Justamente, el domingo se realizar\u00e1 la <strong>carrera<\/strong>, tambi\u00e9n a las 15.&nbsp;<strong>La acci\u00f3n se podr\u00e1 seguir por Fox Sports, Star+ y la plataforma oficial de la categor\u00eda.<\/strong><\/p>\n<div class=\"sp__SM\">\n<div class=\"content-new \">\n<span class=\"tit-mobile\">Mir\u00e1 tambi\u00e9n<\/span><\/p>\n<div class=\"mg\">\n<div class=\"wrap-figure\">\n<picture>\n<a href=\"https:\/\/www.ole.com.ar\/autos\/canapino-opino-lastre_0_qyUv8VCQaO.html\" target=\"_self\" rel=\"noopener\"><br \/>\n<img class=\"img-responsive\" alt=\"&quot;Los kilos no te permiten pelear mano a mano&quot;\" src=\"https:\/\/images.ole.com.ar\/2022\/06\/14\/5ZfsZnMbb_290x290__1.jpg\" loading=\"lazy\"><br \/>\n<\/a>\n<\/picture>\n<\/div>\n<\/div><\/div>\n<\/div>\n<div class=\"entry-tags\">\n<h2>TEMAS QUE APARECEN EN ESTA NOTA<\/h2>\n<\/p><\/div>\n","protected":false},"excerpt":{"rendered":"<p>Nikita Mazepin todav\u00eda sigue con la sangre en el ojo. Con bronca por no estar corriendo en la F\u00f3rmula 1, tal como indicaba el contrato que lo ligaba con Haas hasta 2023 y que fue cortado antes de tiempo por la guerra de Rusia y Ucrania y las sanciones impuestas a los deportistas del gigante [&hellip;]<\/p>\n","protected":false},"author":1,"featured_media":64369,"comment_status":"closed","ping_status":"closed","sticky":false,"template":"","format":"standard","meta":[],"categories":[21],"tags":[],"_links":{"self":[{"href":"http:\/\/cordobadirecto.com\/index.php\/wp-json\/wp\/v2\/posts\/64368"}],"collection":[{"href":"http:\/\/cordobadirecto.com\/index.php\/wp-json\/wp\/v2\/posts"}],"about":[{"href":"http:\/\/cordobadirecto.com\/index.php\/wp-json\/wp\/v2\/types\/post"}],"author":[{"embeddable":true,"href":"http:\/\/cordobadirecto.com\/index.php\/wp-json\/wp\/v2\/users\/1"}],"replies":[{"embeddable":true,"href":"http:\/\/cordobadirecto.com\/index.php\/wp-json\/wp\/v2\/comments?post=64368"}],"version-history":[{"count":0,"href":"http:\/\/cordobadirecto.com\/index.php\/wp-json\/wp\/v2\/posts\/64368\/revisions"}],"wp:featuredmedia":[{"embeddable":true,"href":"http:\/\/cordobadirecto.com\/index.php\/wp-json\/wp\/v2\/media\/64369"}],"wp:attachment":[{"href":"http:\/\/cordobadirecto.com\/index.php\/wp-json\/wp\/v2\/media?parent=64368"}],"wp:term":[{"taxonomy":"category","embeddable":true,"href":"http:\/\/cordobadirecto.com\/index.php\/wp-json\/wp\/v2\/categories?post=64368"},{"taxonomy":"post_tag","embeddable":true,"href":"http:\/\/cordobadirecto.com\/index.php\/wp-json\/wp\/v2\/tags?post=64368"}],"curies":[{"name":"wp","href":"https:\/\/api.w.org\/{rel}","templated":true}]}}