{"id":6439,"date":"2021-05-14T23:29:32","date_gmt":"2021-05-14T23:29:32","guid":{"rendered":"https:\/\/cordoba.gob.ar\/?p=9501"},"modified":"2021-05-14T23:29:32","modified_gmt":"2021-05-14T23:29:32","slug":"comienza-comparto-un-ciclo-de-talleres-gratuitos-en-la-casona-municipal","status":"publish","type":"post","link":"http:\/\/cordobadirecto.com\/index.php\/2021\/05\/14\/comienza-comparto-un-ciclo-de-talleres-gratuitos-en-la-casona-municipal\/","title":{"rendered":"Comienza \u201cComparto\u201d, un ciclo de talleres gratuitos en la Casona Municipal"},"content":{"rendered":"<div><img src=\"http:\/\/cordobadirecto.com\/wp-content\/uploads\/2021\/05\/comienza-comparto-un-ciclo-de-talleres-gratuitos-en-la-casona-municipal.jpg\" class=\"ff-og-image-inserted\"><\/div>\n<ul>\n<li><strong>Desde este martes 18 de mayo, el Centro Cultural Casona Municipal ofrece 13 talleres de dise\u00f1o, artes audiovisuales y m\u00fasica, totalmente gratuitos, para todo p\u00fablico y en modalidad presencial y virtual.<\/strong><\/li>\n<li><strong>Inscripciones desde la web: www.cultura.cordoba.gob.ar , o por mail a: culturaypatrimonio@gmail.com<\/strong><\/li>\n<\/ul>\n<hr>\n<p>La Municipalidad de C\u00f3rdoba, a trav\u00e9s de la Subsecretar\u00eda de Cultura, dependiente de la Secretar\u00eda de Gobierno, pone en marcha 13 talleres gratuitos de m\u00fasica, dise\u00f1o y artes audiovisuales. Se trata de contenidos formativos de alta calidad, en formato presencial y\/o virtual que se dictar\u00e1n en la Casona Municipal.<\/p>\n<p>En el marco del Plan de Compromiso Cultural, a trav\u00e9s del programa Cultura en Movimiento, el ciclo surge con los aportes que hace el municipio para los hacedores culturales en contraprestaci\u00f3n a las actividades que ofrecen. Los talleres se dictan entre mayo y junio con inscripci\u00f3n previa. El cupo m\u00e1ximo es de 20 personas por taller.<\/p>\n<p>La iniciativa \u201cComparto\u201d, subraya el valor de intercambiar saberes y multiplicar apoyos entre el municipio, los talleristas, y la comunidad, pensado como espacio de encuentro y una forma concreta de seguir acompa\u00f1ando al sector cultural.<\/p>\n<p>Los interesados podr\u00e1n acceder a contenidos de dise\u00f1o de indumentaria, armon\u00eda para guitarra popular, realizaci\u00f3n audiovisual con smartphone, videominuto, eco construcci\u00f3n y reciclaje, VJ mapping, guitarra, jardiner\u00eda de interiores, documental en 360\u00b0 y dise\u00f1o para aprovechar el espacio.<\/p>\n<p>Los encuentros presenciales ser\u00e1n en el Centro Cultural Casona, ubicado en&nbsp; Av. Gral. Paz esquina La Rioja, seg\u00fan la grilla detallada a continuaci\u00f3n:<\/p>\n<p><strong>MAYO<\/strong><\/p>\n<p>\u2013 <strong>M\u00fasica. Armon\u00eda aplicada a la guitarra popular<\/strong><\/p>\n<p>Por Javier Montenegro<\/p>\n<p>Martes 18 de mayo, 10 hs<\/p>\n<p>Gratuito<\/p>\n<p>Modalidad: presencial<\/p>\n<p>Inscripci\u00f3n: <a href=\"https:\/\/bit.ly\/3f9OIWo\">https:\/\/bit.ly\/3f9OIWo<\/a><\/p>\n<p><strong>\u2013 Dise\u00f1o de Indumentaria y Lencer\u00eda<\/strong><\/p>\n<p>Por Miriam Lesin<\/p>\n<p>Mi\u00e9rcoles 19 de mayo, 10 hs<\/p>\n<p>Gratuito<\/p>\n<p>Modalidad: presencial<\/p>\n<p>Inscripci\u00f3n: <a href=\"https:\/\/bit.ly\/3ffyfjM\">https:\/\/bit.ly\/3ffyfjM<\/a><\/p>\n<p><strong>\u2013 Realizaci\u00f3n Audiovisual. Videoclips con Smartphone<\/strong><\/p>\n<p>Por Rafael P\u00e9rez<\/p>\n<p>Jueves 20 de mayo, 10 hs<\/p>\n<p>Gratuito<\/p>\n<p>Modalidad: virtual y presencial<\/p>\n<p>Inscripci\u00f3n: <a href=\"https:\/\/bit.ly\/3ykv0jM\">https:\/\/bit.ly\/3ykv0jM<\/a><\/p>\n<p><strong>\u2013 Dise\u00f1o. \u201cEcomorarte\u201d Experiencia comunitaria de eco construcci\u00f3n y reciclaje en la ciudad<\/strong><\/p>\n<p>Por Laura Mercedes Mart\u00ednez Ortega<\/p>\n<p>Mi\u00e9rcoles 26 de mayo, 10 hs<\/p>\n<p>Gratuito<\/p>\n<p>Modalidad: virtual<\/p>\n<p>Inscripci\u00f3n: <a href=\"https:\/\/bit.ly\/2Rgj9m1\">https:\/\/bit.ly\/2Rgj9m1<\/a><\/p>\n<p><strong>\u2013 Artes audiovisuales. VJ Mapping<\/strong><\/p>\n<p>Por Piero Baigorria<\/p>\n<p>Jueves 27 de mayo, 10 hs<\/p>\n<p>Gratuito<\/p>\n<p>Modalidad: presencial<\/p>\n<p>Inscripci\u00f3n: <a href=\"https:\/\/bit.ly\/3fceglU\">https:\/\/bit.ly\/3fceglU<\/a><\/p>\n<p><strong>JUNIO<\/strong><\/p>\n<p>\u2013 <strong>Guitarra<\/strong><\/p>\n<p>Por Fausto Lezcano.<\/p>\n<p>Presencial<\/p>\n<p>Martes 1 de junio, 10 hs<\/p>\n<p>Gratuito<\/p>\n<p>Modalidad: presencial<\/p>\n<p>Inscripci\u00f3n: <a href=\"https:\/\/bit.ly\/2SNBAP\">https:\/\/bit.ly\/2SNBAP<\/a><\/p>\n<p><strong>\u2013 Dise\u00f1o. Jardiner\u00eda para Interiores: t\u00e9cnicas de armado de cuadros vivos, kokedamas y terrarios<\/strong><\/p>\n<p>A cargo de Adriana Verdini<\/p>\n<p>Mi\u00e9rcoles 2 de junio, 10 hs<\/p>\n<p>Gratuito<\/p>\n<p>Modalidad: presencial<\/p>\n<p>Inscripci\u00f3n: <a href=\"https:\/\/bit.ly\/33HCwXW\">https:\/\/bit.ly\/33HCwXW<\/a><\/p>\n<p><strong>\u2013 Artes audiovisuales. Documental, experiencias inmersivas 360. Exponer la potencia de la RV 360 en el documental.<\/strong><\/p>\n<p>Por Jos\u00e9 Tobal, , 10 hs<\/p>\n<p>Jueves 3 de junio<\/p>\n<p>Gratuito<\/p>\n<p>Modalidad presencial\/virtual<\/p>\n<p>Inscripci\u00f3n: <a href=\"https:\/\/bit.ly\/3ybmkvJ\">https:\/\/bit.ly\/3ybmkvJ<\/a><\/p>\n<p><strong>\u2013 M\u00fasica. \u00bfC\u00f3mo entender Armon\u00eda desde el inicio?<\/strong><\/p>\n<p>Por Francisco Sbarato<\/p>\n<p>Martes 8 de junio, 10 hs<\/p>\n<p>Gratuito<\/p>\n<p>Modalidad: virtual<\/p>\n<p>Inscripci\u00f3n: <a href=\"https:\/\/bit.ly\/3fitu8R\">https:\/\/bit.ly\/3fitu8R<\/a><\/p>\n<p><strong>\u2013 Dise\u00f1o de indumentaria para principiantes<\/strong><\/p>\n<p>A cargo de B\u00e1rbara Roche<\/p>\n<p>Mi\u00e9rcoles 9 junio, 10 hs<\/p>\n<p>Gratuito<\/p>\n<p>Modalidad a confirmar<\/p>\n<p>Inscripci\u00f3n: <a href=\"https:\/\/bit.ly\/3ofNJZ4\">https:\/\/bit.ly\/3ofNJZ4<\/a><\/p>\n<p><strong>\u2013 Taller de Videominuto para Redes<\/strong><\/p>\n<p>Por Pablo Fal\u00e1<\/p>\n<p>Jueves 10 de junio, 10 hs<\/p>\n<p>Gratuito<\/p>\n<p>Modalidad: virtual<\/p>\n<p>Inscripci\u00f3n: <a href=\"https:\/\/bit.ly\/3fjFEyf\">https:\/\/bit.ly\/3fjFEyf<\/a><\/p>\n<p><strong>\u2013 Iniciaci\u00f3n en guitarra criolla y el\u00e9ctrica<\/strong><\/p>\n<p>A cargo de Mat\u00edas Nicolas Acosta<\/p>\n<p>Martes 15 de junio, 10 hs<\/p>\n<p>Gratuito<\/p>\n<p>Modalidad presencial\/virtual<\/p>\n<p>Inscripci\u00f3n: <a href=\"https:\/\/bit.ly\/3hpHK2k\">https:\/\/bit.ly\/3hpHK2k<\/a><\/p>\n<p><strong>\u2013 Dise\u00f1o. C\u00f3mo aprovechar los m2<\/strong><\/p>\n<p>Por Florencia Rold\u00e1n<\/p>\n<p>Mi\u00e9rcoles 16 de junio, 10 hs<\/p>\n<p>Gratuito<\/p>\n<p>Modalidad virtual<\/p>\n<p>Inscripci\u00f3n: <a href=\"https:\/\/bit.ly\/2SFVr2O\">https:\/\/bit.ly\/2SFVr2O<\/a><\/p>\n<p>Sobre el Plan de Compromiso Cultural (PCC)<\/p>\n<p>El PCC es un conjunto de medidas extraordinarias organizado por la Subsecretar\u00eda de Cultura de la Municipalidad de C\u00f3rdoba, para contener la situaci\u00f3n que atraviesa el sector debido a la crisis sanitaria desde el 2020.<\/p>\n","protected":false},"excerpt":{"rendered":"<p>Desde este martes 18 de mayo, el Centro Cultural Casona Municipal ofrece 13 talleres de dise\u00f1o, artes audiovisuales y m\u00fasica, totalmente gratuitos, para todo p\u00fablico y en modalidad presencial y virtual. Inscripciones desde la web: www.cultura.cordoba.gob.ar , o por mail a: culturaypatrimonio@gmail.com La Municipalidad de C\u00f3rdoba, a trav\u00e9s de la Subsecretar\u00eda de Cultura, dependiente de [&hellip;]<\/p>\n","protected":false},"author":1,"featured_media":6440,"comment_status":"closed","ping_status":"closed","sticky":false,"template":"","format":"standard","meta":[],"categories":[44],"tags":[],"_links":{"self":[{"href":"http:\/\/cordobadirecto.com\/index.php\/wp-json\/wp\/v2\/posts\/6439"}],"collection":[{"href":"http:\/\/cordobadirecto.com\/index.php\/wp-json\/wp\/v2\/posts"}],"about":[{"href":"http:\/\/cordobadirecto.com\/index.php\/wp-json\/wp\/v2\/types\/post"}],"author":[{"embeddable":true,"href":"http:\/\/cordobadirecto.com\/index.php\/wp-json\/wp\/v2\/users\/1"}],"replies":[{"embeddable":true,"href":"http:\/\/cordobadirecto.com\/index.php\/wp-json\/wp\/v2\/comments?post=6439"}],"version-history":[{"count":0,"href":"http:\/\/cordobadirecto.com\/index.php\/wp-json\/wp\/v2\/posts\/6439\/revisions"}],"wp:featuredmedia":[{"embeddable":true,"href":"http:\/\/cordobadirecto.com\/index.php\/wp-json\/wp\/v2\/media\/6440"}],"wp:attachment":[{"href":"http:\/\/cordobadirecto.com\/index.php\/wp-json\/wp\/v2\/media?parent=6439"}],"wp:term":[{"taxonomy":"category","embeddable":true,"href":"http:\/\/cordobadirecto.com\/index.php\/wp-json\/wp\/v2\/categories?post=6439"},{"taxonomy":"post_tag","embeddable":true,"href":"http:\/\/cordobadirecto.com\/index.php\/wp-json\/wp\/v2\/tags?post=6439"}],"curies":[{"name":"wp","href":"https:\/\/api.w.org\/{rel}","templated":true}]}}