{"id":6441,"date":"2021-05-14T21:25:19","date_gmt":"2021-05-14T21:25:19","guid":{"rendered":"https:\/\/www.cordoba.gob.ar\/?p=9482"},"modified":"2021-05-14T21:25:19","modified_gmt":"2021-05-14T21:25:19","slug":"llaryora-abrio-las-jornadas-de-capacitacion-en-innovacion-digital-del-estado-para-funcionarios-municipales","status":"publish","type":"post","link":"http:\/\/cordobadirecto.com\/index.php\/2021\/05\/14\/llaryora-abrio-las-jornadas-de-capacitacion-en-innovacion-digital-del-estado-para-funcionarios-municipales\/","title":{"rendered":"Llaryora abri\u00f3 las jornadas de capacitaci\u00f3n en Innovaci\u00f3n Digital del Estado para funcionarios municipales"},"content":{"rendered":"<div><img src=\"http:\/\/cordobadirecto.com\/wp-content\/uploads\/2021\/05\/llaryora-abrio-las-jornadas-de-capacitacion-en-innovacion-digital-del-estado-para-funcionarios-municipales.jpg\" class=\"ff-og-image-inserted\"><\/div>\n<ul>\n<li><strong>La misma es dictada por miembros del Banco de Desarrollo de Am\u00e9rica Latina (CAF).<\/strong><\/li>\n<li><strong>Cont\u00f3 con la presencia virtual de m\u00e1s de 200 funcionarios.<\/strong><\/li>\n<\/ul>\n<hr>\n<p>Para profundizar el proceso de modernizaci\u00f3n de la ciudad, funcionarios de la Municipalidad de C\u00f3rdoba junto a expertos del Banco de Desarrollo de Am\u00e9rica Latina (CAF), participaron este viernes de la primera jornada del Programa de Capacitaci\u00f3n en Innovaci\u00f3n Digital del Estado.<\/p>\n<p>Los contenidos de la primera clase giraron en torno a la transformaci\u00f3n digital en el sector p\u00fablico, haciendo hincapi\u00e9 en las implicancias e impacto de la digitalizaci\u00f3n, estableciendo diferencias entre gobiernos an\u00e1logos, electr\u00f3nicos, digitales e inteligentes.<\/p>\n<p>\u201cEs importante que todo comprendamos el cambio de paradigma que estamos haciendo, para mejorar los resultados. Agradezco a la CAF, que public\u00f3 un documento sobre el proceso de C\u00f3rdoba en este corto tiempo, donde afirma que hay una decisi\u00f3n de un modelo m\u00e1s transparente, m\u00e1s r\u00e1pido, con menos burocracia, que le sirva m\u00e1s a la gente\u201d, expres\u00f3 el intendente Mart\u00edn Llaryora.<\/p>\n<p>\u201cCreo que este a\u00f1o el gobierno de la Municipalidad de C\u00f3rdoba despega definitivamente del atraso\u201d, a\u00f1adi\u00f3 Llaryora.<\/p>\n<p>Durante la jornada se exploraron tambi\u00e9n diversas herramientas para lograr un gobierno m\u00e1s \u00e1gil y flexible, con un dise\u00f1o de pol\u00edticas p\u00fablicas centrado en los vecinos y respaldado por datos.<\/p>\n<p>\u201cEs una necesidad inminente la transformaci\u00f3n digital en el campo de la administraci\u00f3n p\u00fablica, que en general es obsoleta. Ese es el camino si queremos seguir los ejes marcados por el intendente de poner nuestros servicios eficientes y eficaces a favor de los ciudadanos\u201d, fueron las palabras de la secretaria de Planeamiento, Modernizaci\u00f3n y Relaciones Internacionales, Alejandra Torres.<\/p>\n<p>Durante la exposici\u00f3n, el director de Innovaci\u00f3n Digital del Estado en CAF, Carlos Santiso, resalt\u00f3: \u201cel cambio de paradigma no es solo darles tecnolog\u00eda a los problemas, sino pensar la transformaci\u00f3n por y para las personas, teniendo como finalidad obtener soluciones a las problem\u00e1ticas p\u00fablicas\u201d.<\/p>\n<p>Por su parte, el Especialista principal en la Direcci\u00f3n de Innovaci\u00f3n Digital del Estado en CAF, Enrique Zapata, destac\u00f3 que como sociedad \u201cestamos repensando al gobierno, y buscamos dotarlo de herramientas para que sea \u00e1gil y flexible. All\u00ed la tecnolog\u00eda y los datos son la materia prima, pero para que funcione precisamos un dise\u00f1o de los servicios pensados y centrados en los usuarios\u201d.<\/p>\n<p>A su vez, el titular de la Unidad de Servicios Tecnol\u00f3gicos y Plataforma Digital Nacional, Pablo Villareal Soberanes, expuso su experiencia en la plataforma mexicana, creada y dise\u00f1ada para combatir la corrupci\u00f3n.<\/p>\n<p>Mediante el an\u00e1lisis de casos exitosos de gobiernos de la regi\u00f3n, la pr\u00f3xima clase se concretar\u00e1 el viernes 21 de mayo y tratar\u00e1 sobre innovaci\u00f3n abierta, govtech y buenas pr\u00e1cticas en el Estado.<\/p>\n<p>La actividad se desarrolla en dos encuentros v\u00eda Zoom con los capacitadores del CAF, asistiendo en el Sal\u00f3n de Actos del Palacio 6 de Julio el intendente, el vice intendente y funcionarios con rango de secretario. El resto del gabinete municipal participa de manera virtual.<\/p>\n<p>El Programa de Capacitaci\u00f3n en Innovaci\u00f3n Digital del Estado para Funcionarios brinda conocimiento y acceso a herramientas estrat\u00e9gicas vinculadas a buenas pr\u00e1cticas en materia de transformaci\u00f3n digital e innovaci\u00f3n abierta en el sector p\u00fablico.<\/p>\n<p>Desde 2019 se promovieron m\u00faltiples acciones de modernizaci\u00f3n digital del Estado, orientadas a eficientizar y mejorar el desempe\u00f1o del sector p\u00fablico. El contexto inicial estuvo marcado por la dispersi\u00f3n de tr\u00e1mites, una baja digitalizaci\u00f3n y la falta de plataformas \u00e1giles de participaci\u00f3n para los ciudadanos.<\/p>\n<p>De esta manera se implementaron diversas acciones como: Registro Civil Digital; Subasta Electr\u00f3nica; Notificaci\u00f3n Electr\u00f3nica; Oficios Electr\u00f3nicos; Plataforma Vecino digital; Recorridos de Transporte; Gu\u00eda Digital de Tr\u00e1mites; Recorridos de Transporte; Digitalizaci\u00f3n de permisos y licencias municipales.<\/p>\n<p><strong>Los Expositores<\/strong><\/p>\n<p>La capacitaci\u00f3n est\u00e1 a cargo de dos expertos del CAF: Carlos Santiso y Enrique Zapata.<\/p>\n<p>Carlos Santiso es Director de Innovaci\u00f3n Digital del Estado en CAF desde 2018 y en los \u00faltimos 20 a\u00f1os trabaj\u00f3 en m\u00e1s de 24 pa\u00edses como capacitador en bancos multilaterales de desarrollo, agencias gubernamentales y organismos internacionales.<\/p>\n<p>Enrique Zapata es especialista principal en la Direcci\u00f3n de Innovaci\u00f3n Digital del Estado. Actualmente es responsable de temas relativos a inteligencia de datos, nuevas tecnolog\u00edas, gobierno abierto y Govtech.<\/p>\n","protected":false},"excerpt":{"rendered":"<p>La misma es dictada por miembros del Banco de Desarrollo de Am\u00e9rica Latina (CAF). Cont\u00f3 con la presencia virtual de m\u00e1s de 200 funcionarios. Para profundizar el proceso de modernizaci\u00f3n de la ciudad, funcionarios de la Municipalidad de C\u00f3rdoba junto a expertos del Banco de Desarrollo de Am\u00e9rica Latina (CAF), participaron este viernes de la [&hellip;]<\/p>\n","protected":false},"author":1,"featured_media":6442,"comment_status":"closed","ping_status":"closed","sticky":false,"template":"","format":"standard","meta":[],"categories":[44],"tags":[],"_links":{"self":[{"href":"http:\/\/cordobadirecto.com\/index.php\/wp-json\/wp\/v2\/posts\/6441"}],"collection":[{"href":"http:\/\/cordobadirecto.com\/index.php\/wp-json\/wp\/v2\/posts"}],"about":[{"href":"http:\/\/cordobadirecto.com\/index.php\/wp-json\/wp\/v2\/types\/post"}],"author":[{"embeddable":true,"href":"http:\/\/cordobadirecto.com\/index.php\/wp-json\/wp\/v2\/users\/1"}],"replies":[{"embeddable":true,"href":"http:\/\/cordobadirecto.com\/index.php\/wp-json\/wp\/v2\/comments?post=6441"}],"version-history":[{"count":0,"href":"http:\/\/cordobadirecto.com\/index.php\/wp-json\/wp\/v2\/posts\/6441\/revisions"}],"wp:featuredmedia":[{"embeddable":true,"href":"http:\/\/cordobadirecto.com\/index.php\/wp-json\/wp\/v2\/media\/6442"}],"wp:attachment":[{"href":"http:\/\/cordobadirecto.com\/index.php\/wp-json\/wp\/v2\/media?parent=6441"}],"wp:term":[{"taxonomy":"category","embeddable":true,"href":"http:\/\/cordobadirecto.com\/index.php\/wp-json\/wp\/v2\/categories?post=6441"},{"taxonomy":"post_tag","embeddable":true,"href":"http:\/\/cordobadirecto.com\/index.php\/wp-json\/wp\/v2\/tags?post=6441"}],"curies":[{"name":"wp","href":"https:\/\/api.w.org\/{rel}","templated":true}]}}