{"id":64561,"date":"2022-06-16T19:08:14","date_gmt":"2022-06-16T19:08:14","guid":{"rendered":"https:\/\/cordoba.gob.ar\/?p=26804"},"modified":"2022-06-16T19:08:14","modified_gmt":"2022-06-16T19:08:14","slug":"la-bienal-de-diseno-2022-dijo-presente-en-la-feria-de-la-cumbre-mundial-de-economia-circular","status":"publish","type":"post","link":"http:\/\/cordobadirecto.com\/index.php\/2022\/06\/16\/la-bienal-de-diseno-2022-dijo-presente-en-la-feria-de-la-cumbre-mundial-de-economia-circular\/","title":{"rendered":"La Bienal de Dise\u00f1o 2022 dijo presente en la feria de la Cumbre Mundial de Econom\u00eda Circular"},"content":{"rendered":"<div><img src=\"http:\/\/cordobadirecto.com\/wp-content\/uploads\/2022\/06\/la-bienal-de-diseno-2022-dijo-presente-en-la-feria-de-la-cumbre-mundial-de-economia-circular.jpg\" class=\"ff-og-image-inserted\"><\/div>\n<ul>\n<li><strong>Se trata de la tercera edici\u00f3n, organizada por la Municipalidad de C\u00f3rdoba y la Agencia para el Desarrollo Econ\u00f3mico de la Ciudad de C\u00f3rdoba.<\/strong><\/li>\n<li><strong>Un t\u00f3tem elaborado con cart\u00f3n present\u00f3 esta propuesta, junto a varios stands que exhibieron productos y servicios de dise\u00f1o derivados de la econom\u00eda circular.<\/strong><\/li>\n<li><strong>Cabe recordar que el camino a la Bienal inici\u00f3 con la Cumbre de Econom\u00eda Circular y se llevar\u00e1 a cabo durante varios meses con actividades e intervenciones urbanas, hasta llegar al coraz\u00f3n de la Bienal del 17 al 21 de octubre.<\/strong><\/li>\n<\/ul>\n<hr>\n<p>En el marco de la Cumbre Mundial de Econom\u00eda Circular, comienza el camino hacia la \u201cIII Bienal C\u00f3rdoba Ciudad Dise\u00f1o 2022\u201d que organizan la Agencia para el Desarrollo Econ\u00f3mico de la Ciudad de C\u00f3rdoba (ADEC) y la Municipalidad de C\u00f3rdoba y que se extender\u00e1 hasta el 21 de octubre.<\/p>\n<p>Durante las jornadas de la Cumbre, se llevaron a cabo acciones de la Bienal, entre ellas se instal\u00f3 un t\u00f3tem como intervenci\u00f3n espacial dentro de la feria.<\/p>\n<p>En dicho espacio se proyectaron videos de Bienales anteriores y de actividades de 16 socios de ADEC que promueven la econom\u00eda circular, entre ellos, se pudieron ver los de CAMMEC, FECAC, UPC, CIAPC, CADIEC, INTI, CONICET, UIC, UCC, CIMCC, Universidad Siglo 21, CIPC, CIIECCA, C\u00e1mara de la Construcci\u00f3n de C\u00f3rdoba, Colegio de Arquitectos de C\u00f3rdoba y la UNC.<\/p>\n<p>El vicepresidente primero de ADEC, Hern\u00e1n Soneyro, manifest\u00f3 <em>\u201cEstamos aqu\u00ed presentando nuestro stand y t\u00f3tem como primer Hito de la III Bienal de Dise\u00f1o, que, junto a la Municipalidad, las c\u00e1maras, entidades socias y universidades, seguiremos trabajando para una realizar una edici\u00f3n de alt\u00edsimo nivel a trav\u00e9s de diferentes espacios de encuentro con muestras, ferias y dise\u00f1o\u201d.<\/em><\/p>\n<p>Por su parte, Nicol\u00e1s Piloni, Consejero Titular de ADEC expres\u00f3 su contento al respecto de posicionar al evento de dise\u00f1o en la mira del mundo, tal como lo hizo la Cumbre. <em>\u201cEsta Bienal tambi\u00e9n articular\u00e1 cuestiones vinculadas a la econom\u00eda circular, porque si algo nos deja esta experiencia, es un aprendizaje y cierta sensibilizaci\u00f3n en materia del cuidado del ambiente que nos rodea\u201d.<\/em><\/p>\n<p>Adem\u00e1s, distintas entidades socias de ADEC participaron de forma presencial exponiendo productos y servicios derivados de la econom\u00eda circular, como lo hizo la C\u00e1mara de Industrias Pl\u00e1sticas de C\u00f3rdoba con su stand institucional.<\/p>\n<p><em>\u201cSomos parte de esta gran propuesta de dise\u00f1o coordinada por ADEC, quienes siempre nos apoyan en la jornada nacional de reciclaje. Agradecemos a la Municipalidad por darnos este espacio y acompa\u00f1arnos en los proyectos que impulsamos\u201d<\/em>, indic\u00f3 la coordinadora Florencia Larguia.<\/p>\n<p>Cabe resaltar que las propuestas realizadas en la Cumbre marcan el rumbo al evento, el cual se desarrollar\u00e1 a trav\u00e9s de Hitos del Dise\u00f1o durante los meses de junio a octubre, hasta llegar al coraz\u00f3n de la Bienal la semana del 17 al 21 de octubre con actividades paralelas e intervenciones urbanas, sumado a la realizaci\u00f3n del Congreso que va del 19 y 20 del mismo mes.<\/p>\n<p><em>\u201cEs un privilegio participar de esta maravillosa Cumbre que tiene un alto impacto a nivel internacional, como tambi\u00e9n lo ser\u00e1 el congreso de dise\u00f1o que se llevar\u00e1 a cabo durante el mes de octubre\u201d<\/em>, expres\u00f3 Beatriz Bederi\u00e1n, miembro de la Comisi\u00f3n Organizadora de la Bienal, presidenta de la C\u00e1mara de la Madera, mueble y equipamiento de la Provincia de C\u00f3rdoba (CAMMEC) y Protesorera de ADEC.<\/p>\n<p>Entre los Hitos del Dise\u00f1o que conforman la \u201cIII Bienal C\u00f3rdoba Ciudad Dise\u00f1o 2022\u201d se destacan la II Cumbre Mundial de Econom\u00eda Circular, la Exposici\u00f3n de Eric Zampieri, FIMAR, el Festival de Dise\u00f1o C\u00f3rdoba; Girart: Mercado de Artes Esc\u00e9nicas y la M\u00fasica de Argentina; la Bienal de Paisaje y Ambiente; Metal Arte; Feria del Centro: Industrias Creativas; Semana TIC y Expotr\u00f3nica; Toco Madera; Congreso SEMA: Forma y Ritmo 2022, Expo Estilo Casa; Boulevard del Dise\u00f1o, 1\u00b0 Congreso de Dise\u00f1o Gr\u00e1fico; C\u00f3rdoba i Dise\u00f1o; Congreso Internacional de Ciencia y Tecnolog\u00eda de los Alimentos; UNC: En Flor; Exposici\u00f3n de Dise\u00f1o Gr\u00e1fico de la UBP, entre otros.<\/p>\n","protected":false},"excerpt":{"rendered":"<p>Se trata de la tercera edici\u00f3n, organizada por la Municipalidad de C\u00f3rdoba y la Agencia para el Desarrollo Econ\u00f3mico de la Ciudad de C\u00f3rdoba. Un t\u00f3tem elaborado con cart\u00f3n present\u00f3 esta propuesta, junto a varios stands que exhibieron productos y servicios de dise\u00f1o derivados de la econom\u00eda circular. Cabe recordar que el camino a la [&hellip;]<\/p>\n","protected":false},"author":1,"featured_media":64562,"comment_status":"closed","ping_status":"closed","sticky":false,"template":"","format":"standard","meta":[],"categories":[44],"tags":[],"_links":{"self":[{"href":"http:\/\/cordobadirecto.com\/index.php\/wp-json\/wp\/v2\/posts\/64561"}],"collection":[{"href":"http:\/\/cordobadirecto.com\/index.php\/wp-json\/wp\/v2\/posts"}],"about":[{"href":"http:\/\/cordobadirecto.com\/index.php\/wp-json\/wp\/v2\/types\/post"}],"author":[{"embeddable":true,"href":"http:\/\/cordobadirecto.com\/index.php\/wp-json\/wp\/v2\/users\/1"}],"replies":[{"embeddable":true,"href":"http:\/\/cordobadirecto.com\/index.php\/wp-json\/wp\/v2\/comments?post=64561"}],"version-history":[{"count":0,"href":"http:\/\/cordobadirecto.com\/index.php\/wp-json\/wp\/v2\/posts\/64561\/revisions"}],"wp:featuredmedia":[{"embeddable":true,"href":"http:\/\/cordobadirecto.com\/index.php\/wp-json\/wp\/v2\/media\/64562"}],"wp:attachment":[{"href":"http:\/\/cordobadirecto.com\/index.php\/wp-json\/wp\/v2\/media?parent=64561"}],"wp:term":[{"taxonomy":"category","embeddable":true,"href":"http:\/\/cordobadirecto.com\/index.php\/wp-json\/wp\/v2\/categories?post=64561"},{"taxonomy":"post_tag","embeddable":true,"href":"http:\/\/cordobadirecto.com\/index.php\/wp-json\/wp\/v2\/tags?post=64561"}],"curies":[{"name":"wp","href":"https:\/\/api.w.org\/{rel}","templated":true}]}}