{"id":64563,"date":"2022-06-16T18:08:35","date_gmt":"2022-06-16T18:08:35","guid":{"rendered":"https:\/\/cordoba.gob.ar\/?p=26798"},"modified":"2022-06-16T18:08:35","modified_gmt":"2022-06-16T18:08:35","slug":"intendentes-de-la-red-iberoamericana-de-gobiernos-y-ciudades-circulares-visitaron-la-cumbre-mundial-de-economia-circular","status":"publish","type":"post","link":"http:\/\/cordobadirecto.com\/index.php\/2022\/06\/16\/intendentes-de-la-red-iberoamericana-de-gobiernos-y-ciudades-circulares-visitaron-la-cumbre-mundial-de-economia-circular\/","title":{"rendered":"Intendentes de la Red Iberoamericana de Gobiernos y Ciudades Circulares visitaron la Cumbre Mundial de Econom\u00eda Circular"},"content":{"rendered":"<div><img src=\"http:\/\/cordobadirecto.com\/wp-content\/uploads\/2022\/06\/intendentes-de-la-red-iberoamericana-de-gobiernos-y-ciudades-circulares-visitaron-la-cumbre-mundial-de-economia-circular.jpg\" class=\"ff-og-image-inserted\"><\/div>\n<p>Mart\u00edn Llaryora recibi\u00f3 en la Cumbre Mundial de Econom\u00eda Circular a intendentes que conforman la Red Iberoamericana de Gobiernos y Ciudades Circulares, quienes visitaron el predio Ferial C\u00f3rdoba donde se desarrolla la Segunda Cumbre Mundial de Econom\u00eda Circular.<\/p>\n<p>La Red Iberoamericana de Gobiernos y Ciudades Circulares es una iniciativa liderada por C\u00f3rdoba que une a las ciudades latinoamericanas preocupadas por implementar pol\u00edticas p\u00fablicas de econom\u00eda circular para una realidad m\u00e1s sostenible.<\/p>\n<p>Su instrumentaci\u00f3n permitir\u00e1 que ciudades de nuestra regi\u00f3n trabajen conjuntamente en el an\u00e1lisis de propuestas o alternativas de econom\u00eda circular, debatan instrumentos regulatorios, intercambien experiencias de gesti\u00f3n o promoci\u00f3n, impulsen la transferencia de conocimientos, servicios o tecnolog\u00edas.<\/p>\n<p>Para C\u00f3rdoba, la Econom\u00eda Circular es el nuevo paradigma socio-econ\u00f3mico que postula la transformaci\u00f3n de los patrones de producci\u00f3n y consumo comunitarios es un desaf\u00edo del presente que merece el acompa\u00f1amiento de otros estados y estamentos, as\u00ed como de los actores de la sociedad civil organizada, empresas y la propia comunidad, buscando cumplir importantes retos ambientales en materia de concientizaci\u00f3n y creaci\u00f3n de una cultura sustentable.<\/p>\n","protected":false},"excerpt":{"rendered":"<p>Mart\u00edn Llaryora recibi\u00f3 en la Cumbre Mundial de Econom\u00eda Circular a intendentes que conforman la Red Iberoamericana de Gobiernos y Ciudades Circulares, quienes visitaron el predio Ferial C\u00f3rdoba donde se desarrolla la Segunda Cumbre Mundial de Econom\u00eda Circular. La Red Iberoamericana de Gobiernos y Ciudades Circulares es una iniciativa liderada por C\u00f3rdoba que une a [&hellip;]<\/p>\n","protected":false},"author":1,"featured_media":64564,"comment_status":"closed","ping_status":"closed","sticky":false,"template":"","format":"standard","meta":[],"categories":[44],"tags":[],"_links":{"self":[{"href":"http:\/\/cordobadirecto.com\/index.php\/wp-json\/wp\/v2\/posts\/64563"}],"collection":[{"href":"http:\/\/cordobadirecto.com\/index.php\/wp-json\/wp\/v2\/posts"}],"about":[{"href":"http:\/\/cordobadirecto.com\/index.php\/wp-json\/wp\/v2\/types\/post"}],"author":[{"embeddable":true,"href":"http:\/\/cordobadirecto.com\/index.php\/wp-json\/wp\/v2\/users\/1"}],"replies":[{"embeddable":true,"href":"http:\/\/cordobadirecto.com\/index.php\/wp-json\/wp\/v2\/comments?post=64563"}],"version-history":[{"count":0,"href":"http:\/\/cordobadirecto.com\/index.php\/wp-json\/wp\/v2\/posts\/64563\/revisions"}],"wp:featuredmedia":[{"embeddable":true,"href":"http:\/\/cordobadirecto.com\/index.php\/wp-json\/wp\/v2\/media\/64564"}],"wp:attachment":[{"href":"http:\/\/cordobadirecto.com\/index.php\/wp-json\/wp\/v2\/media?parent=64563"}],"wp:term":[{"taxonomy":"category","embeddable":true,"href":"http:\/\/cordobadirecto.com\/index.php\/wp-json\/wp\/v2\/categories?post=64563"},{"taxonomy":"post_tag","embeddable":true,"href":"http:\/\/cordobadirecto.com\/index.php\/wp-json\/wp\/v2\/tags?post=64563"}],"curies":[{"name":"wp","href":"https:\/\/api.w.org\/{rel}","templated":true}]}}