{"id":6489,"date":"2021-05-14T21:22:53","date_gmt":"2021-05-14T21:22:53","guid":{"rendered":"https:\/\/cordoba.gob.ar\/?p=9487"},"modified":"2021-05-14T21:22:53","modified_gmt":"2021-05-14T21:22:53","slug":"la-ciudad-tendra-la-primera-boca-de-culto-para-gestionar-tramites-nacionales","status":"publish","type":"post","link":"http:\/\/cordobadirecto.com\/index.php\/2021\/05\/14\/la-ciudad-tendra-la-primera-boca-de-culto-para-gestionar-tramites-nacionales\/","title":{"rendered":"La ciudad tendr\u00e1 la primera boca de culto para gestionar tr\u00e1mites nacionales"},"content":{"rendered":"<div><img src=\"http:\/\/cordobadirecto.com\/wp-content\/uploads\/2021\/05\/la-ciudad-tendra-la-primera-boca-de-culto-para-gestionar-tramites-nacionales.jpg\" class=\"ff-og-image-inserted\"><\/div>\n<ul>\n<li><strong>El intendente Mart\u00edn Llaryora firm\u00f3 el convenio que permite a las organizaciones religiosas de toda la provincia realizar tr\u00e1mites en C\u00f3rdoba sin necesidad de viajar a Buenos Aires.<\/strong><\/li>\n<\/ul>\n<hr>\n<p>A trav\u00e9s de la firma de un convenio de cooperaci\u00f3n firmado entre el intendente Mart\u00edn Llaryora y el Secretario de Culto del gobierno nacional, Guillermo Oliveri, el Municipio de la ciudad tendr\u00e1 la primera boca de entrada para recibir tr\u00e1mites de culto ante ese organismo federal.<\/p>\n<p>Ser\u00e1 la primera en todo el territorio provincial y permitir\u00e1 que los integrantes de organizaciones religiosas puedan ingresar desde C\u00f3rdoba tr\u00e1mites para su resoluci\u00f3n ante la Secretar\u00eda de Culto, gestiones que previo a la firma del convenio implicaban viajar a Buenos Aires.<\/p>\n<p>Dicha boca de entrada, que funcionar\u00e1 en el edificio de avenida Chacabuco 737, receptar\u00e1 los pedidos y los remitir\u00e1 para su resoluci\u00f3n a la Direcci\u00f3n Nacional del Registro Nacional de Cultos. Esa gesti\u00f3n ser\u00e1 gratuita y no necesitar\u00e1 patrocinio letrado o gestor\u00eda alguna.<\/p>\n<p>El convenio de cooperaci\u00f3n amplificar\u00e1 las acciones que se vienen desarrollando en materia de no discriminaci\u00f3n, el ejercicio efectivo de la libertad religiosa para todas las confesiones, como asimismo el respeto a la libertad de conciencia, a las convicciones religiosas, morales y pol\u00edticas en el marco de la convivencia democr\u00e1tica.<\/p>\n<p>La r\u00fabrica cont\u00f3 con la presencia del secretario de Gobierno, Miguel Siciliano, el subsecretario de la mencionada \u00e1rea, Abraham Galo y la subdirectora de Culto, Mara Pedicino.<\/p>\n","protected":false},"excerpt":{"rendered":"<p>El intendente Mart\u00edn Llaryora firm\u00f3 el convenio que permite a las organizaciones religiosas de toda la provincia realizar tr\u00e1mites en C\u00f3rdoba sin necesidad de viajar a Buenos Aires. A trav\u00e9s de la firma de un convenio de cooperaci\u00f3n firmado entre el intendente Mart\u00edn Llaryora y el Secretario de Culto del gobierno nacional, Guillermo Oliveri, el [&hellip;]<\/p>\n","protected":false},"author":1,"featured_media":6490,"comment_status":"closed","ping_status":"closed","sticky":false,"template":"","format":"standard","meta":[],"categories":[44],"tags":[],"_links":{"self":[{"href":"http:\/\/cordobadirecto.com\/index.php\/wp-json\/wp\/v2\/posts\/6489"}],"collection":[{"href":"http:\/\/cordobadirecto.com\/index.php\/wp-json\/wp\/v2\/posts"}],"about":[{"href":"http:\/\/cordobadirecto.com\/index.php\/wp-json\/wp\/v2\/types\/post"}],"author":[{"embeddable":true,"href":"http:\/\/cordobadirecto.com\/index.php\/wp-json\/wp\/v2\/users\/1"}],"replies":[{"embeddable":true,"href":"http:\/\/cordobadirecto.com\/index.php\/wp-json\/wp\/v2\/comments?post=6489"}],"version-history":[{"count":0,"href":"http:\/\/cordobadirecto.com\/index.php\/wp-json\/wp\/v2\/posts\/6489\/revisions"}],"wp:featuredmedia":[{"embeddable":true,"href":"http:\/\/cordobadirecto.com\/index.php\/wp-json\/wp\/v2\/media\/6490"}],"wp:attachment":[{"href":"http:\/\/cordobadirecto.com\/index.php\/wp-json\/wp\/v2\/media?parent=6489"}],"wp:term":[{"taxonomy":"category","embeddable":true,"href":"http:\/\/cordobadirecto.com\/index.php\/wp-json\/wp\/v2\/categories?post=6489"},{"taxonomy":"post_tag","embeddable":true,"href":"http:\/\/cordobadirecto.com\/index.php\/wp-json\/wp\/v2\/tags?post=6489"}],"curies":[{"name":"wp","href":"https:\/\/api.w.org\/{rel}","templated":true}]}}