{"id":64956,"date":"2022-06-16T15:16:30","date_gmt":"2022-06-16T15:16:30","guid":{"rendered":"https:\/\/www.ole.com.ar\/autos\/vivian-invitado-ciarrocchi_0_m53IUr5q6U.html"},"modified":"2022-06-16T15:16:30","modified_gmt":"2022-06-16T15:16:30","slug":"el-chelo-ya-tiene-invitado","status":"publish","type":"post","link":"http:\/\/cordobadirecto.com\/index.php\/2022\/06\/16\/el-chelo-ya-tiene-invitado\/","title":{"rendered":"El Chelo ya tiene invitado"},"content":{"rendered":"<p>El Top Race realizar\u00e1 una fecha especial el pr\u00f3ximo 10 de julio en El Villicum, ya que ser\u00e1 con pilotos invitados. Por su parte, Marcelo Ciarrocchi ya sabe con qui\u00e9n conformar\u00e1 dupla.<\/p>\n<div class=\"sp__SM\">\n<div class=\"content-new \">\n<span class=\"tit-mobile\">Mir\u00e1 tambi\u00e9n<\/span><\/p>\n<div class=\"mg\">\n<div class=\"wrap-figure\">\n<picture>\n<a href=\"https:\/\/www.ole.com.ar\/autos\/formula1-gran-premio-canada_0_A0OgYzGTMI.html\" target=\"_self\" rel=\"noopener\"><br \/>\n<img class=\"img-responsive\" alt=\"GP de Canad\u00e1: horarios, TV y todo lo que ten\u00e9s que saber\" src=\"http:\/\/cordobadirecto.com\/wp-content\/uploads\/2022\/06\/el-chelo-ya-tiene-invitado.jpg\" loading=\"lazy\"><br \/>\n<\/a>\n<\/picture>\n<\/div>\n<\/div><\/div>\n<\/div>\n<p>El invitado de Ciarrocchi para la fecha especial ser\u00e1 Franco Vivian, as\u00ed lo confirm\u00f3 el propio piloto capitalino en Agenda Carburando: <mark>\u201cVoy a correr con el Chelo Ciarrocchi\u201d.<\/mark><\/p>\n<p><mark>Ciarrocchi est\u00e1 como escolta en el campeonato, a 4 puntos del l\u00edder Diego Azar. <\/mark>El piloto de Almafuerte perdi\u00f3 la punta del certamen en la \u00faltima fecha de Buenos Aires, donde apenas pudo sumar una unidad.<\/p>\n<div class=\"sp__SM\">\n<div class=\"content-new \">\n<span class=\"tit-mobile\">Mir\u00e1 tambi\u00e9n<\/span><\/p>\n<div class=\"mg\">\n<div class=\"wrap-figure\">\n<picture>\n<a href=\"https:\/\/www.ole.com.ar\/autos\/ex-f1-hamilton_0_ykdyKa1EVC.html\" target=\"_self\" rel=\"noopener\"><br \/>\n<img class=\"img-responsive\" alt=\"Un ex F1 contra Hamilton\" src=\"http:\/\/cordobadirecto.com\/wp-content\/uploads\/2022\/06\/el-chelo-ya-tiene-invitado-1.jpg\" loading=\"lazy\"><br \/>\n<\/a>\n<\/picture>\n<\/div>\n<\/div><\/div>\n<\/div>\n<p><mark>La \u00faltima vez que Vivian corri\u00f3 en el Top Race fue en las \u00faltimas dos fechas del torneo 2020, en el Aut\u00f3dromo de Buenos Aires, que se corrieron el 27 y 28 de febrero del 2021.<\/mark> El por entonces pilotos del Toyota Camry oficial logr\u00f3 un sexto y un quinto puesto.<\/p>\n<div class=\"entry-tags\">\n<h2>TEMAS QUE APARECEN EN ESTA NOTA<\/h2>\n<\/p><\/div>\n","protected":false},"excerpt":{"rendered":"<p>El Top Race realizar\u00e1 una fecha especial el pr\u00f3ximo 10 de julio en El Villicum, ya que ser\u00e1 con pilotos invitados. Por su parte, Marcelo Ciarrocchi ya sabe con qui\u00e9n conformar\u00e1 dupla. Mir\u00e1 tambi\u00e9n El invitado de Ciarrocchi para la fecha especial ser\u00e1 Franco Vivian, as\u00ed lo confirm\u00f3 el propio piloto capitalino en Agenda Carburando: [&hellip;]<\/p>\n","protected":false},"author":1,"featured_media":64957,"comment_status":"closed","ping_status":"closed","sticky":false,"template":"","format":"standard","meta":[],"categories":[21],"tags":[],"_links":{"self":[{"href":"http:\/\/cordobadirecto.com\/index.php\/wp-json\/wp\/v2\/posts\/64956"}],"collection":[{"href":"http:\/\/cordobadirecto.com\/index.php\/wp-json\/wp\/v2\/posts"}],"about":[{"href":"http:\/\/cordobadirecto.com\/index.php\/wp-json\/wp\/v2\/types\/post"}],"author":[{"embeddable":true,"href":"http:\/\/cordobadirecto.com\/index.php\/wp-json\/wp\/v2\/users\/1"}],"replies":[{"embeddable":true,"href":"http:\/\/cordobadirecto.com\/index.php\/wp-json\/wp\/v2\/comments?post=64956"}],"version-history":[{"count":0,"href":"http:\/\/cordobadirecto.com\/index.php\/wp-json\/wp\/v2\/posts\/64956\/revisions"}],"wp:featuredmedia":[{"embeddable":true,"href":"http:\/\/cordobadirecto.com\/index.php\/wp-json\/wp\/v2\/media\/64957"}],"wp:attachment":[{"href":"http:\/\/cordobadirecto.com\/index.php\/wp-json\/wp\/v2\/media?parent=64956"}],"wp:term":[{"taxonomy":"category","embeddable":true,"href":"http:\/\/cordobadirecto.com\/index.php\/wp-json\/wp\/v2\/categories?post=64956"},{"taxonomy":"post_tag","embeddable":true,"href":"http:\/\/cordobadirecto.com\/index.php\/wp-json\/wp\/v2\/tags?post=64956"}],"curies":[{"name":"wp","href":"https:\/\/api.w.org\/{rel}","templated":true}]}}