{"id":65271,"date":"2022-06-22T22:15:25","date_gmt":"2022-06-22T22:15:25","guid":{"rendered":"http:\/\/cordobadirecto.com\/index.php\/2022\/06\/22\/una-nueva-masa-de-aire-frio-acentuara-hasta-el-domingo-las-bajas-temperaturas-en-rosario\/"},"modified":"2022-06-22T22:15:25","modified_gmt":"2022-06-22T22:15:25","slug":"una-nueva-masa-de-aire-frio-acentuara-hasta-el-domingo-las-bajas-temperaturas-en-rosario","status":"publish","type":"post","link":"http:\/\/cordobadirecto.com\/index.php\/2022\/06\/22\/una-nueva-masa-de-aire-frio-acentuara-hasta-el-domingo-las-bajas-temperaturas-en-rosario\/","title":{"rendered":"Una <b>nueva<\/b> masa de aire fr\u00edo acentuar\u00e1 hasta el domingo las bajas temperaturas en Rosario &#8230;"},"content":{"rendered":"<p>Un <b>nuevo<\/b> frente de aire fr\u00edo avanza sobre las provincias de Santa Fe, <b>C\u00f3rdoba<\/b> y Entre R\u00edos y provoca el descenso de las temperaturas. <\/p>\n","protected":false},"excerpt":{"rendered":"<p>Un nuevo frente de aire fr\u00edo avanza sobre las provincias de Santa Fe, C\u00f3rdoba y Entre R\u00edos y provoca el descenso de las temperaturas.<\/p>\n","protected":false},"author":1,"featured_media":0,"comment_status":"closed","ping_status":"closed","sticky":false,"template":"","format":"standard","meta":[],"categories":[40],"tags":[],"_links":{"self":[{"href":"http:\/\/cordobadirecto.com\/index.php\/wp-json\/wp\/v2\/posts\/65271"}],"collection":[{"href":"http:\/\/cordobadirecto.com\/index.php\/wp-json\/wp\/v2\/posts"}],"about":[{"href":"http:\/\/cordobadirecto.com\/index.php\/wp-json\/wp\/v2\/types\/post"}],"author":[{"embeddable":true,"href":"http:\/\/cordobadirecto.com\/index.php\/wp-json\/wp\/v2\/users\/1"}],"replies":[{"embeddable":true,"href":"http:\/\/cordobadirecto.com\/index.php\/wp-json\/wp\/v2\/comments?post=65271"}],"version-history":[{"count":0,"href":"http:\/\/cordobadirecto.com\/index.php\/wp-json\/wp\/v2\/posts\/65271\/revisions"}],"wp:attachment":[{"href":"http:\/\/cordobadirecto.com\/index.php\/wp-json\/wp\/v2\/media?parent=65271"}],"wp:term":[{"taxonomy":"category","embeddable":true,"href":"http:\/\/cordobadirecto.com\/index.php\/wp-json\/wp\/v2\/categories?post=65271"},{"taxonomy":"post_tag","embeddable":true,"href":"http:\/\/cordobadirecto.com\/index.php\/wp-json\/wp\/v2\/tags?post=65271"}],"curies":[{"name":"wp","href":"https:\/\/api.w.org\/{rel}","templated":true}]}}