{"id":65299,"date":"2022-06-23T12:17:57","date_gmt":"2022-06-23T12:17:57","guid":{"rendered":"https:\/\/cordoba.gob.ar\/?p=26985"},"modified":"2022-06-23T12:17:57","modified_gmt":"2022-06-23T12:17:57","slug":"la-feria-de-arte-cordoba-cumple-diez-anos-estrena-sede-y-suma-novedades","status":"publish","type":"post","link":"http:\/\/cordobadirecto.com\/index.php\/2022\/06\/23\/la-feria-de-arte-cordoba-cumple-diez-anos-estrena-sede-y-suma-novedades\/","title":{"rendered":"La Feria de Arte C\u00f3rdoba cumple diez a\u00f1os, estrena sede y suma novedades"},"content":{"rendered":"<div><img src=\"http:\/\/cordobadirecto.com\/wp-content\/uploads\/2022\/06\/la-feria-de-arte-cordoba-cumple-diez-anos-estrena-sede-y-suma-novedades.jpg\" class=\"ff-og-image-inserted\"><\/div>\n<ul>\n<li><strong>Se llev\u00f3 a cabo el lanzamiento de Mercado de Arte 2022 (MAC), el cual contar\u00e1 con m\u00e1s de 300 artistas invitados y 60 espacios expositivos, con galer\u00edas de todo el pa\u00eds y latinoamericanas.<\/strong><\/li>\n<li><strong>Organizada por la Municipalidad de C\u00f3rdoba junto a la Agencia C\u00f3rdoba Cultura de la Provincia, el evento se realizar\u00e1 en noviembre, en el Centro de Convenciones de Feriar, con entrada libre y gratuita.<\/strong><\/li>\n<li><strong><strong>Habr\u00e1 charlas, muestras, intervenciones, actividades para infancias, propuestas pedag\u00f3gicas y de experimentaci\u00f3n. A partir del 11 de julio, podr\u00e1n sumarse los artistas y espacios dedicados a las artes visuales.<\/strong><\/strong><br \/>\n<hr>\n<\/li>\n<\/ul>\n<p>En el Museo Genaro P\u00e9rez se realiz\u00f3 el anuncio de la d\u00e9cima edici\u00f3n de MAC \u2013 Feria de Arte C\u00f3rdoba 2022, una de las principales ferias art\u00edsticas de Argentina y Latinoam\u00e9rica.<\/p>\n<p>La iniciativa, impulsada por la Municipalidad de C\u00f3rdoba a trav\u00e9s de la Secretar\u00eda de Cultura y Juventud, y junto con la Agencia C\u00f3rdoba Cultura del gobierno provincial, se llevar\u00e1 a cabo de manera libre y gratuita del 3 al 6 de noviembre en el Centro de Convenciones \u201cJuan Bautista Bustos\u201d del Complejo Ferial C\u00f3rdoba.<\/p>\n<p>Esta nueva edici\u00f3n, es el puntapi\u00e9 inicial de una convocatoria para que galer\u00edas y espacios interesados puedan sumarse a la Feria, y ser\u00e1 a partir del 11 de julio hasta el 22 de agosto.<\/p>\n<p>Por decisi\u00f3n del intendente Mart\u00edn Llaryora, el evento tiene como prop\u00f3sito posicionar a la ciudad como un punto fundamental de producci\u00f3n, circulaci\u00f3n, consumo y mercado de las artes visuales puestas en di\u00e1logo, a su vez, con la econom\u00eda circular, la sustentabilidad y las nuevas tecnolog\u00edas<\/p>\n<p>En el lanzamiento estuvieron presentes secretario de Cultura y Juventud municipal, Mariano Almada; la presidenta de la Agencia C\u00f3rdoba Cultura, Nora Bedano; Alejandro D\u00e1vila, presidente de FARO; Jos\u00e9 Lorenzo, por la Fundaci\u00f3n Pro Arte; Candelaria Jaimez, secretaria de Extensi\u00f3n Universitaria de la Facultad de Arte y Dise\u00f1o de la UPC; Ana Mohaded, decana de la Facultad de Artes de la UNC; Ramiro Sosa Navarro, por el Banco de C\u00f3rdoba; y el equipo curatorial: Sof\u00eda Torres Kosiba, Romy Casti\u00f1eira y Manuel Molina, entre otros referentes y autoridades.<\/p>\n<p><strong>Sobre la MAC \u2013 Fer\u00eda de Arte C\u00f3rdoba&nbsp;<\/strong><\/p>\n<p>Tras dos ediciones no exclusivamente presenciales, fruto de las medidas sanitarias propias de la pandemia, esta Feria que es sin duda una de las m\u00e1s importantes de la regi\u00f3n.<\/p>\n<p>En su d\u00e9cimo aniversario, la esperada cita anual con las artes visuales se desarrollar\u00e1 de manera presencial en un nuevo lugar de condiciones superadoras, el Centro de Convenciones de Ferial.<\/p>\n<p>Este a\u00f1o se reconfigura ofreciendo tanto una instancia de comercializaci\u00f3n como espacios propicios para la visibilizaci\u00f3n de artistas, formaci\u00f3n de p\u00fablicos, nuevos coleccionismos, promoci\u00f3n y desarrollo de las artes visuales para permitir la accesibilidad y el disfrute de las comunidades. La Feria se propone tambi\u00e9n como un terreno para indagar y reflexionar sobre los actuales modos de producci\u00f3n art\u00edstica atravesados por la sensibilidad, las l\u00f3gicas del intercambio colaborativo y la sustentabilidad.<\/p>\n<p>Habr\u00e1 m\u00e1s de 60 espacios expositivos y galer\u00edas, consagradas y n\u00f3veles, de todo el pa\u00eds sintetizando la producci\u00f3n de alrededor de 300 artistas, adem\u00e1s contar\u00e1 con muestras, charlas, intervenciones, performance y dem\u00e1s actividades para todos los p\u00fablicos.<\/p>\n<p>Tambi\u00e9n se presentar\u00e1n galer\u00edas de arte, artistas, curadores e instituciones invitadas de pa\u00edses de la regi\u00f3n como Paraguay, Per\u00fa, Brasil, Chile, mientras que Uruguay ser\u00e1 el pa\u00eds invitado este a\u00f1o.<\/p>\n<p>Un aspecto destacado de esta propuesta es el trabajo mancomunado con las instituciones y organismos de la ciudad y provincia tales como la Universidad Provincial de C\u00f3rdoba, la Universidad Nacional de C\u00f3rdoba, la c\u00e1mara de galer\u00edas de C\u00f3rdoba (FARO) y la fundaci\u00f3n Pro Arte del Banco de C\u00f3rdoba. Adem\u00e1s, acompa\u00f1ar\u00e1n el Centro Cultural Espa\u00f1a C\u00f3rdoba y la Red de Gesti\u00f3n Cultural P\u00fablica.<\/p>\n<p>La d\u00e9cima edici\u00f3n de la feria, contar\u00e1 con la curadur\u00eda de Sof\u00eda Torres Kosiba, Romina Casti\u00f1eira y Manuel Molina.<\/p>\n<p>Esta edici\u00f3n aniversario cuenta con las siguientes zonas tem\u00e1ticas:<\/p>\n<ul>\n<li>\u00c1gora: programa de conversaciones con referentes del sector a nivel nacional e internacional.<\/li>\n<li>Zona Liberada: programa de eventos de performance, m\u00fasica y realidad aumentada.<\/li>\n<li>Zona Editada: espacio dedicado a libros y ediciones de artistas.<\/li>\n<li>Zona Germinal: sector pensado para las infancias.<\/li>\n<li>Zona Br\u00fajula: comprende actividades educativas y pedag\u00f3gicas.<\/li>\n<li>Zona Frontera Abierta: dedicada a Uruguay, pa\u00eds invitado.<\/li>\n<li>Zona de proyectos: destinado a artistas en torno a modelos sustentables, proyectos experimentales, autogesti\u00f3n y propuestas experimentales.<\/li>\n<li>Zona Di\u00e1logo de colecciones: muestra nuclear\u00e1 colecci\u00f3n permanente del Centro de Arte Contempor\u00e1neo, en cruce con colecciones privadas.<\/li>\n<li>Zona Red: articulaci\u00f3n territorial con espacios y localidades del interior a trav\u00e9s de la Red de Gesti\u00f3n Cultural P\u00fablica.<\/li>\n<\/ul>\n<p>Tambi\u00e9n, en su nutrida grilla, se encontrar\u00e1 una selecci\u00f3n de artistas cordobesas y cordobeses del Siglo XX, donde a trav\u00e9s de recursos museogr\u00e1ficos concretos, se har\u00e1 foco en la obra de autoras mujeres, hist\u00f3ricamente invisibilizadas por los relatos hegem\u00f3nicos. Contar\u00e1 con una zona espec\u00edfica dedicada a las tecnopo\u00e9ticas (propuestas virtuales y artes digitales), espacios destinados a nuevas econom\u00edas del arte, actividades para las infancias y mucho m\u00e1s.<\/p>\n<p>Paralelamente, se inaugurar\u00e1n tres exposiciones abiertas a todos los p\u00fablicos: el tradicional \u201cDi\u00e1logo de colecciones\u201d, una exhibici\u00f3n con piezas que conectan colecciones p\u00fablicas y privadas; \u201cCuratorial\u201d, una propuesta intermedial que plantea de manera concentrada la mirada del equipo curatorial de la feria; y \u201cArtistas en residencia\u201d donde se presentar\u00e1n obras de autoras y autores de perfil emergente que participaron de programas de residencias a nivel local y nacional.<\/p>\n<p>Cabe recordar que las galer\u00edas y espacios interesados en sumarse podr\u00e1n hacerlo entre el 11 de julio y el 22 de agosto de este a\u00f1o.<\/p>\n<p><strong>Programa Adquisici\u00f3n 2022<\/strong><\/p>\n<p>Este a\u00f1o se dar\u00e1 la ampliaci\u00f3n del Programa Adquisici\u00f3n, una instancia de articulaci\u00f3n entre el municipio, el gobierno provincial y el Banco de C\u00f3rdoba en el que seleccionar\u00e1n obras para incluir en sus colecciones permanentes de los museos de cada instituci\u00f3n.<\/p>\n<p>El programa trabajar\u00e1 sobre dos ejes, por un lado G\u00e9nero, en el que se adquirir\u00e1n obras de artistas mujeres, con el objetivo de equiparar la brecha de g\u00e9nero presente en el acervo p\u00fablico; y por el otro Tecnopo\u00e9ticas, que incluir\u00e1 obras que propongan un cruce entre arte y tecnolog\u00eda.<\/p>\n","protected":false},"excerpt":{"rendered":"<p>Se llev\u00f3 a cabo el lanzamiento de Mercado de Arte 2022 (MAC), el cual contar\u00e1 con m\u00e1s de 300 artistas invitados y 60 espacios expositivos, con galer\u00edas de todo el pa\u00eds y latinoamericanas. Organizada por la Municipalidad de C\u00f3rdoba junto a la Agencia C\u00f3rdoba Cultura de la Provincia, el evento se realizar\u00e1 en noviembre, en [&hellip;]<\/p>\n","protected":false},"author":1,"featured_media":65300,"comment_status":"closed","ping_status":"closed","sticky":false,"template":"","format":"standard","meta":[],"categories":[44],"tags":[],"_links":{"self":[{"href":"http:\/\/cordobadirecto.com\/index.php\/wp-json\/wp\/v2\/posts\/65299"}],"collection":[{"href":"http:\/\/cordobadirecto.com\/index.php\/wp-json\/wp\/v2\/posts"}],"about":[{"href":"http:\/\/cordobadirecto.com\/index.php\/wp-json\/wp\/v2\/types\/post"}],"author":[{"embeddable":true,"href":"http:\/\/cordobadirecto.com\/index.php\/wp-json\/wp\/v2\/users\/1"}],"replies":[{"embeddable":true,"href":"http:\/\/cordobadirecto.com\/index.php\/wp-json\/wp\/v2\/comments?post=65299"}],"version-history":[{"count":0,"href":"http:\/\/cordobadirecto.com\/index.php\/wp-json\/wp\/v2\/posts\/65299\/revisions"}],"wp:featuredmedia":[{"embeddable":true,"href":"http:\/\/cordobadirecto.com\/index.php\/wp-json\/wp\/v2\/media\/65300"}],"wp:attachment":[{"href":"http:\/\/cordobadirecto.com\/index.php\/wp-json\/wp\/v2\/media?parent=65299"}],"wp:term":[{"taxonomy":"category","embeddable":true,"href":"http:\/\/cordobadirecto.com\/index.php\/wp-json\/wp\/v2\/categories?post=65299"},{"taxonomy":"post_tag","embeddable":true,"href":"http:\/\/cordobadirecto.com\/index.php\/wp-json\/wp\/v2\/tags?post=65299"}],"curies":[{"name":"wp","href":"https:\/\/api.w.org\/{rel}","templated":true}]}}