{"id":65336,"date":"2022-06-23T18:21:18","date_gmt":"2022-06-23T18:21:18","guid":{"rendered":"https:\/\/www.bbc.com\/mundo\/noticias-america-latina-61615218"},"modified":"2022-06-23T18:21:18","modified_gmt":"2022-06-23T18:21:18","slug":"en-que-consiste-el-exigente-programa-de-puntos-con-el-que-miles-de-latinos-buscan-vivir-y-trabajar-en-canada","status":"publish","type":"post","link":"http:\/\/cordobadirecto.com\/index.php\/2022\/06\/23\/en-que-consiste-el-exigente-programa-de-puntos-con-el-que-miles-de-latinos-buscan-vivir-y-trabajar-en-canada\/","title":{"rendered":"En qu\u00e9 consiste el exigente programa de puntos con el que miles de latinos buscan vivir y trabajar en Canad\u00e1"},"content":{"rendered":"<div dir=\"ltr\" class=\"e1j2237y6 bbc-q4ibpr essoxwk0\">\n<div class=\"bbc-1atl7vu e11nzto4\">\n<ul role=\"list\" class=\"bbc-k0l9bd e11nzto2\">\n<li role=\"listitem\" class=\"bbc-1a3w4ok e11nzto1\">Andrea D\u00edaz Cardona<\/li>\n<li role=\"listitem\" class=\"bbc-1p92jtu e11nzto0\">BBC News Mundo<\/li>\n<\/ul>\n<\/div>\n<\/div>\n<p><time datetime=\"2022-06-23\" class=\"bbc-1dafq0j exyigsi0\">1 hora<\/time><\/p>\n<div dir=\"ltr\" class=\"bbc-1ka88fa essoxwk0\">\n<figure class=\"bbc-1qdcvv9 e170cyvj0\">\n<div dir=\"ltr\" class=\"bbc-172p16q essoxwk0\">\n<div dir=\"ltr\" class=\"bbc-189y18v essoxwk0\" readability=\"6.5\">\n<div data-e2e=\"image-placeholder\" class=\"bbc-997y1y ezb2r2b0\" readability=\"8\"><picture class=\"bbc-yfiktt e11uq3261\"><source srcset=\"https:\/\/ichef.bbci.co.uk\/news\/240\/cpsprodpb\/14EA6\/production\/_125407658_gettyimages-875053652.jpg.webp 240w, https:\/\/ichef.bbci.co.uk\/news\/320\/cpsprodpb\/14EA6\/production\/_125407658_gettyimages-875053652.jpg.webp 320w, https:\/\/ichef.bbci.co.uk\/news\/480\/cpsprodpb\/14EA6\/production\/_125407658_gettyimages-875053652.jpg.webp 480w, https:\/\/ichef.bbci.co.uk\/news\/624\/cpsprodpb\/14EA6\/production\/_125407658_gettyimages-875053652.jpg.webp 624w, https:\/\/ichef.bbci.co.uk\/news\/800\/cpsprodpb\/14EA6\/production\/_125407658_gettyimages-875053652.jpg.webp 800w\" type=\"image\/webp\" sizes=\"(min-width: 1008px) 645px, 100vw\"><source srcset=\"https:\/\/ichef.bbci.co.uk\/news\/240\/cpsprodpb\/14EA6\/production\/_125407658_gettyimages-875053652.jpg 240w, https:\/\/ichef.bbci.co.uk\/news\/320\/cpsprodpb\/14EA6\/production\/_125407658_gettyimages-875053652.jpg 320w, https:\/\/ichef.bbci.co.uk\/news\/480\/cpsprodpb\/14EA6\/production\/_125407658_gettyimages-875053652.jpg 480w, https:\/\/ichef.bbci.co.uk\/news\/624\/cpsprodpb\/14EA6\/production\/_125407658_gettyimages-875053652.jpg 624w, https:\/\/ichef.bbci.co.uk\/news\/800\/cpsprodpb\/14EA6\/production\/_125407658_gettyimages-875053652.jpg 800w\" type=\"image\/jpeg\" sizes=\"(min-width: 1008px) 645px, 100vw\"><img loading=\"lazy\" src=\"http:\/\/cordobadirecto.com\/wp-content\/uploads\/2022\/06\/en-que-consiste-el-exigente-programa-de-puntos-con-el-que-miles-de-latinos-buscan-vivir-y-trabajar-en-canada.jpg\" alt=\"dos personas con una bandera de canada\" width=\"976\" height=\"549\" class=\"eehpdyc0 bbc-rb7xa0 e11uq3260\"><\/picture>\n<p role=\"text\" class=\"bbc-1s1cxbv eynndk20\"><span class=\"bbc-1gnhmg2 evnljr50\">Fuente de la imagen, <\/span><span lang=\"en-GB\">Getty Images<\/span><\/p>\n<\/div>\n<\/div>\n<div dir=\"ltr\" class=\"bbc-3edg7g essoxwk0\" readability=\"6\"><figcaption dir=\"ltr\" class=\"bbc-rhuvwm epgcavl0\" readability=\"2\"><span class=\"bbc-1gnhmg2 evnljr50\">Pie de foto, <\/span><\/p>\n<p>Canad\u00e1 se caracteriza por tener una pol\u00edtica de migraci\u00f3n regulada.<\/p>\n<\/figcaption><\/div>\n<\/div>\n<\/figure>\n<\/div>\n<div dir=\"ltr\" class=\"bbc-19j92fr essoxwk0\" readability=\"7\">\n<p dir=\"ltr\" class=\"bbc-hhl7in e1cc2ql70\"><b> Hoy viven en Canad\u00e1 un mill\u00f3n de latinos.<\/b><\/p>\n<\/div>\n<div dir=\"ltr\" class=\"bbc-19j92fr essoxwk0\" readability=\"12\">\n<p dir=\"ltr\" class=\"bbc-hhl7in e1cc2ql70\">Seg\u00fan cifras del gobierno, entre 2007 y abril de 2021 alrededor de 92.000 latinos fueron admitidos como residentes permanentes, la mayor\u00eda provenientes de Brasil, Colombia, M\u00e9xico y Venezuela.<\/p>\n<\/div>\n<div dir=\"ltr\" class=\"bbc-19j92fr essoxwk0\" readability=\"8\">\n<p dir=\"ltr\" class=\"bbc-hhl7in e1cc2ql70\">Por lo general se trata de profesionales que suelen postularse a un programa dise\u00f1ado para captar trabajadores calificados. <\/p>\n<\/div>\n<div dir=\"ltr\" class=\"bbc-19j92fr essoxwk0\" readability=\"10\">\n<p dir=\"ltr\" class=\"bbc-hhl7in e1cc2ql70\">En el proceso deben someterse a una rigurosa evaluaci\u00f3n, por medio de un sistema de puntos, para recibir la residencia permanente en Canad\u00e1. <\/p>\n<\/div>\n<div dir=\"ltr\" class=\"bbc-19j92fr essoxwk0\" readability=\"13\">\n<p dir=\"ltr\" class=\"bbc-hhl7in e1cc2ql70\">Y ese estatus legal garantiza acceso a salud gratuita, educaci\u00f3n subsidiada, mercado laboral, adem\u00e1s de permitirles, despu\u00e9s de un tiempo, obtener la ciudadan\u00eda canadiense.<\/p>\n<\/div>\n<div dir=\"ltr\" class=\"bbc-19j92fr essoxwk0\" readability=\"8\">\n<p dir=\"ltr\" class=\"bbc-hhl7in e1cc2ql70\">Pero \u00bfde qu\u00e9 se trata el programa de puntos que los eval\u00faa? \u00bfqu\u00e9 tan efectivo es? Y \u00bfc\u00f3mo les ha ido a los latinos en el pa\u00eds del norte? <\/p>\n<\/div>\n<div dir=\"ltr\" class=\"bbc-19j92fr essoxwk0\" readability=\"7\">\n<p dir=\"ltr\" class=\"bbc-hhl7in e1cc2ql70\">BBC Mundo habl\u00f3 con dos expertos y con varias personas sobre su experiencia.<\/p>\n<\/div>\n<p><h2 id=\"El-sistema-de-puntos\" tabindex=\"-1\" class=\"bbc-1f03ibc e1hixjf30\">El sistema de puntos<\/h2>\n<\/p>\n<div dir=\"ltr\" class=\"bbc-19j92fr essoxwk0\" readability=\"12\">\n<p dir=\"ltr\" class=\"bbc-hhl7in e1cc2ql70\">&#8220;Mis pap\u00e1s siempre hab\u00edan querido vivir fuera de Colombia, pensaron en varios pa\u00edses, pero finalmente se decidieron por Canad\u00e1 porque ve\u00edan en los peri\u00f3dicos el t\u00edpico anuncio de que est\u00e1n buscando inmigrantes&#8221;, cuenta Mar\u00eda Pe\u00f1a* <\/p>\n<\/div>\n<div dir=\"ltr\" class=\"bbc-19j92fr essoxwk0\" readability=\"12\">\n<p dir=\"ltr\" class=\"bbc-hhl7in e1cc2ql70\">Anuncios como el que menciona Mar\u00eda son frecuentes porque Canad\u00e1, desde hace d\u00e9cadas, enfrenta un reto demogr\u00e1fico importante: su poblaci\u00f3n est\u00e1 envejeciendo y llegando a la edad de pensi\u00f3n, pero al mismo tiempo no est\u00e1n naciendo tantas personas que puedan hacer un relevo generacional. <\/p>\n<\/div>\n<div dir=\"ltr\" class=\"bbc-19j92fr essoxwk0\" readability=\"12\">\n<p dir=\"ltr\" class=\"bbc-hhl7in e1cc2ql70\">&#8220;Se estima que en los pr\u00f3ximos cinco a\u00f1os, el 20% de la poblaci\u00f3n canadiense se va a pensionar. Falta mano de obra y fuerza laboral para mantener la econom\u00eda&#8221;, explica a BBC Mundo Vilma Filici, docente en Seneca College y asesora en asuntos de migraci\u00f3n y refugio. <\/p>\n<\/div>\n<div dir=\"ltr\" class=\"bbc-19j92fr essoxwk0\" readability=\"8\">\n<p dir=\"ltr\" class=\"bbc-hhl7in e1cc2ql70\">Es por eso que la migraci\u00f3n regulada hace que familias como la de Mar\u00eda tengan la posibilidad de radicarse en Canad\u00e1.<\/p>\n<\/div>\n<div dir=\"ltr\" class=\"bbc-19j92fr essoxwk0\" readability=\"11\">\n<p dir=\"ltr\" class=\"bbc-hhl7in e1cc2ql70\">&#8220;Mis padres son ingenieros, en ese momento (2008) estaban en sus 40 a\u00f1os y la edad les daba puntos, tambi\u00e9n tener maestr\u00eda e hijos les sumaba&#8221;. Mar\u00eda se refiere al sistema de puntos que eval\u00faa a los posibles migrantes y que est\u00e1 vigente en Canad\u00e1 desde los a\u00f1os 60.<\/p>\n<\/div>\n<div dir=\"ltr\" class=\"bbc-19j92fr essoxwk0\" readability=\"13\">\n<p dir=\"ltr\" class=\"bbc-hhl7in e1cc2ql70\">&#8220;Digamos que la idea tras el origen del sistema de puntos era atraer a lo mejor de lo mejor, generar conocimiento, impulsar la econom\u00eda local y apoyar la demograf\u00eda&#8221;, explica Alejandro Hern\u00e1ndez, soci\u00f3logo y docente en Concordia University. <\/p>\n<\/div>\n<div dir=\"ltr\" class=\"bbc-19j92fr essoxwk0\" readability=\"14\">\n<p dir=\"ltr\" class=\"bbc-hhl7in e1cc2ql70\">Desde entonces, dependiendo de varios factores, se asignan puntos por edad, profesi\u00f3n, educaci\u00f3n, experiencia laboral, composici\u00f3n familiar y nivel de idiomas. <\/p>\n<\/div>\n<div class=\"bbc-sffzb7 e8v25yx0\">\n<div dir=\"ltr\" class=\"bbc-1ka88fa essoxwk0\">\n<figure class=\"bbc-1qdcvv9 e170cyvj0\">\n<div dir=\"ltr\" class=\"bbc-172p16q essoxwk0\">\n<div dir=\"ltr\" class=\"bbc-189y18v essoxwk0\" readability=\"6.5\">\n<div data-e2e=\"image-placeholder\" class=\"bbc-997y1y ezb2r2b0\" readability=\"8\"><noscript><picture class=\"bbc-yfiktt e11uq3261\"><source srcset=\"http:\/\/cordobadirecto.com\/wp-content\/uploads\/2022\/06\/en-que-consiste-el-exigente-programa-de-puntos-con-el-que-miles-de-latinos-buscan-vivir-y-trabajar-en-canada.webp 240w, http:\/\/cordobadirecto.com\/wp-content\/uploads\/2022\/06\/en-que-consiste-el-exigente-programa-de-puntos-con-el-que-miles-de-latinos-buscan-vivir-y-trabajar-en-canada-1.webp 320w, http:\/\/cordobadirecto.com\/wp-content\/uploads\/2022\/06\/en-que-consiste-el-exigente-programa-de-puntos-con-el-que-miles-de-latinos-buscan-vivir-y-trabajar-en-canada-2.webp 480w, http:\/\/cordobadirecto.com\/wp-content\/uploads\/2022\/06\/en-que-consiste-el-exigente-programa-de-puntos-con-el-que-miles-de-latinos-buscan-vivir-y-trabajar-en-canada-3.webp 624w, http:\/\/cordobadirecto.com\/wp-content\/uploads\/2022\/06\/en-que-consiste-el-exigente-programa-de-puntos-con-el-que-miles-de-latinos-buscan-vivir-y-trabajar-en-canada-4.webp 800w\" type=\"image\/webp\" sizes=\"(min-width: 1008px) 645px, 100vw\"><source srcset=\"https:\/\/ichef.bbci.co.uk\/news\/240\/cpsprodpb\/6B4F\/production\/_125317472_gettyimages-912016234.jpg 240w, https:\/\/ichef.bbci.co.uk\/news\/320\/cpsprodpb\/6B4F\/production\/_125317472_gettyimages-912016234.jpg 320w, https:\/\/ichef.bbci.co.uk\/news\/480\/cpsprodpb\/6B4F\/production\/_125317472_gettyimages-912016234.jpg 480w, https:\/\/ichef.bbci.co.uk\/news\/624\/cpsprodpb\/6B4F\/production\/_125317472_gettyimages-912016234.jpg 624w, https:\/\/ichef.bbci.co.uk\/news\/800\/cpsprodpb\/6B4F\/production\/_125317472_gettyimages-912016234.jpg 800w\" type=\"image\/jpeg\" sizes=\"(min-width: 1008px) 645px, 100vw\"><img loading=\"lazy\" src=\"http:\/\/cordobadirecto.com\/wp-content\/uploads\/2022\/06\/en-que-consiste-el-exigente-programa-de-puntos-con-el-que-miles-de-latinos-buscan-vivir-y-trabajar-en-canada-1.jpg\" alt=\"Personas situadas en barra de puntos\" width=\"976\" height=\"549\" class=\"eehpdyc0 bbc-rb7xa0 e11uq3260\"><\/picture><\/noscript><\/p>\n<p role=\"text\" class=\"bbc-1s1cxbv eynndk20\"><span class=\"bbc-1gnhmg2 evnljr50\">Fuente de la imagen, <\/span><span lang=\"en-GB\">Getty Images<\/span><\/p>\n<\/div>\n<\/div>\n<div dir=\"ltr\" class=\"bbc-3edg7g essoxwk0\" readability=\"6\"><figcaption dir=\"ltr\" class=\"bbc-rhuvwm epgcavl0\" readability=\"2\"><span class=\"bbc-1gnhmg2 evnljr50\">Pie de foto, <\/span><\/p>\n<p>El sistema de puntos oficial tiene su origen en los a\u00f1os 60.<\/p>\n<\/figcaption><\/div>\n<\/div>\n<\/figure>\n<\/div>\n<\/div>\n<p><h2 id=\"C\u00f3mo-es-el-proceso\" tabindex=\"-1\" class=\"bbc-1f03ibc e1hixjf30\">\u00bfC\u00f3mo es el proceso?<\/h2>\n<\/p>\n<div dir=\"ltr\" class=\"bbc-19j92fr essoxwk0\" readability=\"14\">\n<p dir=\"ltr\" class=\"bbc-hhl7in e1cc2ql70\">&#8220;Recuerdo que mis pap\u00e1s tuvieron que llenar much\u00edsimos formularios, conseguir muchos documentos, tambi\u00e9n reunir cierta cantidad de dinero. Eso no les tom\u00f3 tanto tiempo y lograron enviar la solicitud, pero la respuesta se demor\u00f3 como siete a\u00f1os. Aplicaron cuando yo ten\u00eda 13 y nos mudamos cuando ya estaba en mis 20&#8221;, dice Mar\u00eda.<\/p>\n<\/div>\n<div dir=\"ltr\" class=\"bbc-19j92fr essoxwk0\" readability=\"14\">\n<p dir=\"ltr\" class=\"bbc-hhl7in e1cc2ql70\">No es f\u00e1cil unificar las experiencias de los latinos porque cada caso depende de circunstancias particulares. Por ejemplo, as\u00ed como Mar\u00eda y su familia esperaron a\u00f1os por la residencia permanente para mudarse a Toronto, Arturo Lima*, un cubano que emigr\u00f3 a Qu\u00e9bec, solo tuvo que esperar 11 meses.<\/p>\n<\/div>\n<div dir=\"ltr\" class=\"bbc-19j92fr essoxwk0\" readability=\"11\">\n<p dir=\"ltr\" class=\"bbc-hhl7in e1cc2ql70\">Es que el programa y el sistema de selecci\u00f3n ha ido cambiando con el tiempo, su evoluci\u00f3n depende, en parte, del gobierno de turno y de la prioridades que establezca cada provincia. <\/p>\n<\/div>\n<div dir=\"ltr\" class=\"bbc-19j92fr essoxwk0\"><picture class=\"bbc-yfiktt e11uq3261\"><source srcset=\"http:\/\/cordobadirecto.com\/wp-content\/uploads\/2022\/06\/en-que-consiste-el-exigente-programa-de-puntos-con-el-que-miles-de-latinos-buscan-vivir-y-trabajar-en-canada-1.png 640w, http:\/\/cordobadirecto.com\/wp-content\/uploads\/2022\/06\/en-que-consiste-el-exigente-programa-de-puntos-con-el-que-miles-de-latinos-buscan-vivir-y-trabajar-en-canada.png 816w\" type=\"image\/jpeg\"><img src=\"http:\/\/cordobadirecto.com\/wp-content\/uploads\/2022\/06\/en-que-consiste-el-exigente-programa-de-puntos-con-el-que-miles-de-latinos-buscan-vivir-y-trabajar-en-canada.png\" alt=\"\u00bfDe qu\u00e9 pa\u00edses llegaron la mayor\u00eda de trabajadores calificados a Canad\u00e1?. Entre 2015 y Febrero 2022. .\" id=\"include-1\" class=\"bbc-1082qq3 e11uq3260\"><\/picture><\/div>\n<div dir=\"ltr\" class=\"bbc-19j92fr essoxwk0\" readability=\"10\">\n<p dir=\"ltr\" class=\"bbc-hhl7in e1cc2ql70\">Hoy, para entrar a Canad\u00e1 como residentes permanentes bajo el programa de trabajadores calificados, los postulantes deben pasar por dos evaluaciones de puntaje. <\/p>\n<\/div>\n<div dir=\"ltr\" class=\"bbc-19j92fr essoxwk0\" readability=\"15\">\n<p dir=\"ltr\" class=\"bbc-hhl7in e1cc2ql70\">&#8220;Una para entrar como trabajador calificado en la que se dan puntos por la edad, la experiencia laboral, los estudios, los conocimientos de ingl\u00e9s y franc\u00e9s, si tienen familia en Canad\u00e1, si han trabajado o estudiado en Canad\u00e1 y si tienen una oferta laboral&#8221;, explica Filici.<\/p>\n<\/div>\n<div dir=\"ltr\" class=\"bbc-19j92fr essoxwk0\" readability=\"10\">\n<p dir=\"ltr\" class=\"bbc-hhl7in e1cc2ql70\">Pero, a\u00fan cuando los aplicantes tengan el puntaje necesario para el programa, no pueden iniciar el tr\u00e1mite oficial a menos que reciban una invitaci\u00f3n por parte del Ministerio de Migraci\u00f3n. <\/p>\n<\/div>\n<div dir=\"ltr\" class=\"bbc-19j92fr essoxwk0\" readability=\"11\">\n<p dir=\"ltr\" class=\"bbc-hhl7in e1cc2ql70\">Esa invitaci\u00f3n se conoce como <i class=\"bbc-h1y5j7 ewc4zcb0\">express entry<\/i> (entrada expr\u00e9s) que es un sistema o metodolog\u00eda de procesamiento de solicitudes que, adem\u00e1s, establece cu\u00e1ntos puntos se asigna a cada variable y qu\u00e9 puntaje m\u00ednimo total se requiere para pasar el filtro.<\/p>\n<\/div>\n<div dir=\"ltr\" class=\"bbc-19j92fr essoxwk0\" readability=\"9\">\n<p dir=\"ltr\" class=\"bbc-hhl7in e1cc2ql70\">Pero lo m\u00e1s complejo es que cada dos semanas el Ministerio de Migraci\u00f3n actualiza esos criterios dependiendo del contexto pol\u00edtico y econ\u00f3mico. As\u00ed que el resultado de quienes aplican depende de qu\u00e9 medici\u00f3n los evaluar\u00e1 en el momento en el que se postulen.<\/p>\n<\/div>\n<div dir=\"ltr\" class=\"bbc-1ka88fa essoxwk0\">\n<figure class=\"bbc-1qdcvv9 e170cyvj0\">\n<div dir=\"ltr\" class=\"bbc-172p16q essoxwk0\">\n<div dir=\"ltr\" class=\"bbc-189y18v essoxwk0\" readability=\"6.5\">\n<div data-e2e=\"image-placeholder\" class=\"bbc-997y1y ezb2r2b0\" readability=\"8\"><noscript><picture class=\"bbc-yfiktt e11uq3261\"><source srcset=\"http:\/\/cordobadirecto.com\/wp-content\/uploads\/2022\/06\/en-que-consiste-el-exigente-programa-de-puntos-con-el-que-miles-de-latinos-buscan-vivir-y-trabajar-en-canada-5.webp 240w, http:\/\/cordobadirecto.com\/wp-content\/uploads\/2022\/06\/en-que-consiste-el-exigente-programa-de-puntos-con-el-que-miles-de-latinos-buscan-vivir-y-trabajar-en-canada-6.webp 320w, http:\/\/cordobadirecto.com\/wp-content\/uploads\/2022\/06\/en-que-consiste-el-exigente-programa-de-puntos-con-el-que-miles-de-latinos-buscan-vivir-y-trabajar-en-canada-7.webp 480w, http:\/\/cordobadirecto.com\/wp-content\/uploads\/2022\/06\/en-que-consiste-el-exigente-programa-de-puntos-con-el-que-miles-de-latinos-buscan-vivir-y-trabajar-en-canada-8.webp 624w, http:\/\/cordobadirecto.com\/wp-content\/uploads\/2022\/06\/en-que-consiste-el-exigente-programa-de-puntos-con-el-que-miles-de-latinos-buscan-vivir-y-trabajar-en-canada-9.webp 800w\" type=\"image\/webp\" sizes=\"(min-width: 1008px) 645px, 100vw\"><source srcset=\"https:\/\/ichef.bbci.co.uk\/news\/240\/cpsprodpb\/B64E\/production\/_125407664_gettyimages-1230545875.jpg 240w, https:\/\/ichef.bbci.co.uk\/news\/320\/cpsprodpb\/B64E\/production\/_125407664_gettyimages-1230545875.jpg 320w, https:\/\/ichef.bbci.co.uk\/news\/480\/cpsprodpb\/B64E\/production\/_125407664_gettyimages-1230545875.jpg 480w, https:\/\/ichef.bbci.co.uk\/news\/624\/cpsprodpb\/B64E\/production\/_125407664_gettyimages-1230545875.jpg 624w, https:\/\/ichef.bbci.co.uk\/news\/800\/cpsprodpb\/B64E\/production\/_125407664_gettyimages-1230545875.jpg 800w\" type=\"image\/jpeg\" sizes=\"(min-width: 1008px) 645px, 100vw\"><img loading=\"lazy\" src=\"http:\/\/cordobadirecto.com\/wp-content\/uploads\/2022\/06\/en-que-consiste-el-exigente-programa-de-puntos-con-el-que-miles-de-latinos-buscan-vivir-y-trabajar-en-canada-2.jpg\" alt=\"mujer con maleta y bandera de canada\" width=\"976\" height=\"549\" class=\"eehpdyc0 bbc-rb7xa0 e11uq3260\"><\/picture><\/noscript><\/p>\n<p role=\"text\" class=\"bbc-1s1cxbv eynndk20\"><span class=\"bbc-1gnhmg2 evnljr50\">Fuente de la imagen, <\/span><span lang=\"en-GB\">Getty Images<\/span><\/p>\n<\/div>\n<\/div>\n<\/div>\n<\/figure>\n<\/div>\n<div dir=\"ltr\" class=\"bbc-19j92fr essoxwk0\" readability=\"12\">\n<p dir=\"ltr\" class=\"bbc-hhl7in e1cc2ql70\">&#8220;En realidad el <i class=\"bbc-h1y5j7 ewc4zcb0\">express entry<\/i> es como una v\u00e1lvula, cuando necesitan m\u00e1s inmigrantes bajan el puntaje y cuando se consiguen los n\u00fameros presupuestados para el a\u00f1o, entonces el puntaje sube. Es una loter\u00eda&#8221;, dice Filici.<\/p>\n<\/div>\n<div dir=\"ltr\" class=\"bbc-19j92fr essoxwk0\" readability=\"13\">\n<p dir=\"ltr\" class=\"bbc-hhl7in e1cc2ql70\">Un ejemplo claro ocurri\u00f3 en el contexto de la pandemia. Hab\u00eda demanda de trabajadores y para cumplir con la cuota de migraci\u00f3n, &#8220;el ministro baj\u00f3 de 465 puntos (que es el puntaje t\u00edpico requerido) a 75 y en ese sorteo calificaron casi 28.000 personas, cuando normalmente califican entre 2.500 y 3.000&#8221;, agrega.<\/p>\n<\/div>\n<p><h2 id=\"Expectativas-vs-realidad\" tabindex=\"-1\" class=\"bbc-1f03ibc e1hixjf30\">Expectativas vs realidad<\/h2>\n<\/p>\n<div dir=\"ltr\" class=\"bbc-19j92fr essoxwk0\" readability=\"11\">\n<p dir=\"ltr\" class=\"bbc-hhl7in e1cc2ql70\">&#8220;A nosotros no nos pintaron pajaritos en el aire, sab\u00edamos que ven\u00edamos a empezar de cero&#8221;, dice Luisa R\u00edos, quien emigr\u00f3 a Montreal en 2012.<\/p>\n<\/div>\n<div dir=\"ltr\" class=\"bbc-19j92fr essoxwk0\" readability=\"11\">\n<p dir=\"ltr\" class=\"bbc-hhl7in e1cc2ql70\">Ella es mercad\u00f3loga financiera y viaj\u00f3 con su pareja de ese entonces, quien es ingeniero mec\u00e1nico, y la hija de ambos, que ten\u00eda 4 a\u00f1os.<\/p>\n<\/div>\n<div dir=\"ltr\" class=\"bbc-19j92fr essoxwk0\" readability=\"9\">\n<p dir=\"ltr\" class=\"bbc-hhl7in e1cc2ql70\">&#8220;Yo ven\u00eda con la idea de seguir trabajando en el \u00e1rea financiera, pero me exig\u00edan no s\u00f3lo el franc\u00e9s sino tambi\u00e9n ingl\u00e9s y eso fue una piedra en el zapato&#8221;.<\/p>\n<\/div>\n<div dir=\"ltr\" class=\"bbc-1ka88fa essoxwk0\">\n<figure class=\"bbc-1qdcvv9 e170cyvj0\">\n<div dir=\"ltr\" class=\"bbc-172p16q essoxwk0\">\n<div dir=\"ltr\" class=\"bbc-189y18v essoxwk0\" readability=\"6.5\">\n<div data-e2e=\"image-placeholder\" class=\"bbc-997y1y ezb2r2b0\" readability=\"8\"><noscript><picture class=\"bbc-yfiktt e11uq3261\"><source srcset=\"http:\/\/cordobadirecto.com\/wp-content\/uploads\/2022\/06\/en-que-consiste-el-exigente-programa-de-puntos-con-el-que-miles-de-latinos-buscan-vivir-y-trabajar-en-canada-10.webp 240w, http:\/\/cordobadirecto.com\/wp-content\/uploads\/2022\/06\/en-que-consiste-el-exigente-programa-de-puntos-con-el-que-miles-de-latinos-buscan-vivir-y-trabajar-en-canada-11.webp 320w, http:\/\/cordobadirecto.com\/wp-content\/uploads\/2022\/06\/en-que-consiste-el-exigente-programa-de-puntos-con-el-que-miles-de-latinos-buscan-vivir-y-trabajar-en-canada-12.webp 480w, http:\/\/cordobadirecto.com\/wp-content\/uploads\/2022\/06\/en-que-consiste-el-exigente-programa-de-puntos-con-el-que-miles-de-latinos-buscan-vivir-y-trabajar-en-canada-13.webp 624w, http:\/\/cordobadirecto.com\/wp-content\/uploads\/2022\/06\/en-que-consiste-el-exigente-programa-de-puntos-con-el-que-miles-de-latinos-buscan-vivir-y-trabajar-en-canada-14.webp 800w\" type=\"image\/webp\" sizes=\"(min-width: 1008px) 645px, 100vw\"><source srcset=\"https:\/\/ichef.bbci.co.uk\/news\/240\/cpsprodpb\/D913\/production\/_125317555_luisrios.jpg 240w, https:\/\/ichef.bbci.co.uk\/news\/320\/cpsprodpb\/D913\/production\/_125317555_luisrios.jpg 320w, https:\/\/ichef.bbci.co.uk\/news\/480\/cpsprodpb\/D913\/production\/_125317555_luisrios.jpg 480w, https:\/\/ichef.bbci.co.uk\/news\/624\/cpsprodpb\/D913\/production\/_125317555_luisrios.jpg 624w, https:\/\/ichef.bbci.co.uk\/news\/800\/cpsprodpb\/D913\/production\/_125317555_luisrios.jpg 800w\" type=\"image\/jpeg\" sizes=\"(min-width: 1008px) 645px, 100vw\"><img loading=\"lazy\" src=\"http:\/\/cordobadirecto.com\/wp-content\/uploads\/2022\/06\/en-que-consiste-el-exigente-programa-de-puntos-con-el-que-miles-de-latinos-buscan-vivir-y-trabajar-en-canada-3.jpg\" alt=\"Luisa\" width=\"976\" height=\"549\" class=\"eehpdyc0 bbc-rb7xa0 e11uq3260\"><\/picture><\/noscript><\/p>\n<p role=\"text\" class=\"bbc-1s1cxbv eynndk20\"><span class=\"bbc-1gnhmg2 evnljr50\">Fuente de la imagen, <\/span><span lang=\"en-GB\">Luisa Rios<\/span><\/p>\n<\/div>\n<\/div>\n<div dir=\"ltr\" class=\"bbc-3edg7g essoxwk0\" readability=\"6\"><figcaption dir=\"ltr\" class=\"bbc-rhuvwm epgcavl0\" readability=\"2\"><span class=\"bbc-1gnhmg2 evnljr50\">Pie de foto, <\/span><\/p>\n<p>Luisa Rios lleva 10 a\u00f1os viviendo en Canad\u00e1<\/p>\n<\/figcaption><\/div>\n<\/div>\n<\/figure>\n<\/div>\n<div dir=\"ltr\" class=\"bbc-19j92fr essoxwk0\" readability=\"10\">\n<p dir=\"ltr\" class=\"bbc-hhl7in e1cc2ql70\">Aunque hay personas que al llegar a Canad\u00e1 han encontrado un trabajo similar al que sue\u00f1an en el primer a\u00f1o, otras han tenido que estudiar de nuevo para robustecer o cambiar su perfil profesional y responder as\u00ed a la oferta laboral.<\/p>\n<\/div>\n<div dir=\"ltr\" class=\"bbc-19j92fr essoxwk0\" readability=\"10\">\n<p dir=\"ltr\" class=\"bbc-hhl7in e1cc2ql70\">Ese ha sido el caso de Mar\u00eda. Lleg\u00f3 a Canad\u00e1 con un t\u00edtulo de dise\u00f1o gr\u00e1fico, pero tuvo que estudiar otra carrera y est\u00e1 empezando una maestr\u00eda. Tom\u00f3 esa decisi\u00f3n despu\u00e9s de varios a\u00f1os en los que solo consegu\u00eda contratos cortos que le impiden tener estabilidad. <\/p>\n<\/div>\n<div dir=\"ltr\" class=\"bbc-19j92fr essoxwk0\" readability=\"10\">\n<p dir=\"ltr\" class=\"bbc-hhl7in e1cc2ql70\">El otro tema es que muchos migrantes han tenido que hacer trabajos no calificados para poder sostenerse, al menos por un tiempo, mientras logran competir en el mercado laboral.<\/p>\n<\/div>\n<div dir=\"ltr\" class=\"bbc-19j92fr essoxwk0\" readability=\"12\">\n<p dir=\"ltr\" class=\"bbc-hhl7in e1cc2ql70\">&#8220;Trabajo consegu\u00ed muy f\u00e1cil, pero siempre haciendo aseo. Eso fue como un doctorado en humildad, es incre\u00edble lo que se vive, pero son experiencias que lo forman a uno&#8221;, cuenta Luisa.<\/p>\n<\/div>\n<div dir=\"ltr\" class=\"bbc-19j92fr essoxwk0\" readability=\"9\">\n<p dir=\"ltr\" class=\"bbc-hhl7in e1cc2ql70\">Ella lleg\u00f3 a tener tres trabajos al mismo tiempo: como cajera en un supermercado, como vendedora en un almac\u00e9n por departamentos y como suplente de una secretaria en una escuela.<\/p>\n<\/div>\n<div dir=\"ltr\" class=\"bbc-19j92fr essoxwk0\" readability=\"13\">\n<p dir=\"ltr\" class=\"bbc-hhl7in e1cc2ql70\">Y esa es, quiz\u00e1s, la principal cr\u00edtica al programa. Los migrantes latinos invierten tiempo y recursos aplicando, pero cuando llegan a Canad\u00e1 no es tan f\u00e1cil que puedan emplearse inmediatamente en su profesi\u00f3n porque sus t\u00edtulos y su experiencia termina siendo descartada frente a quienes tienen credenciales locales o de pa\u00edses desarrollados.<\/p>\n<\/div>\n<div dir=\"ltr\" class=\"bbc-19j92fr essoxwk0\" readability=\"10\">\n<p dir=\"ltr\" class=\"bbc-hhl7in e1cc2ql70\">&#8220;Lo llamamos un <i class=\"bbc-h1y5j7 ewc4zcb0\">brain drain<\/i> (fuga de cerebros), traemos personas que est\u00e1n super calificadas para desperdiciarlas. Es muy triste&#8221;, dice Filici.<\/p>\n<\/div>\n<div dir=\"ltr\" class=\"bbc-19j92fr essoxwk0\" readability=\"14\">\n<p dir=\"ltr\" class=\"bbc-hhl7in e1cc2ql70\">Y la situaci\u00f3n es a\u00fan m\u00e1s compleja para quienes tienen ciertas profesiones como ingenier\u00eda, arquitectura, medicina, que son reguladas por \u00f3rdenes profesionales en Canad\u00e1. Esto quiere decir que para poder trabajar deben pertenecer a la orden, pero ese proceso no es sencillo porque implica homologar el t\u00edtulo y eso puede tardar hasta cinco a\u00f1os.<\/p>\n<\/div>\n<div dir=\"ltr\" class=\"bbc-19j92fr essoxwk0\" readability=\"15\">\n<p dir=\"ltr\" class=\"bbc-hhl7in e1cc2ql70\">&#8220;Por un lado el sistema, en teor\u00eda, privilegia el conocimiento y lo premia al ofrecer la residencia permanente, pero al mismo tiempo una vez cruzada la frontera se convierte en un sistema punitivo con esas profesiones porque no reconoce ni la experiencia internacional, ni la educaci\u00f3n que esas personas obtuvieron en el extranjero. Los obliga a entrar a su propio sistema de clasificaci\u00f3n y discriminaci\u00f3n&#8221;, explica Hern\u00e1ndez.<\/p>\n<\/div>\n<p><h2 id=\"Toma-tiempo\" tabindex=\"-1\" class=\"bbc-1f03ibc e1hixjf30\">Toma tiempo<\/h2>\n<\/p>\n<div dir=\"ltr\" class=\"bbc-19j92fr essoxwk0\" readability=\"13\">\n<p dir=\"ltr\" class=\"bbc-hhl7in e1cc2ql70\">&#8220;Yo pensaba que nos tomar\u00eda seis meses adaptarnos, mi esposo cre\u00eda que ser\u00eda a\u00f1o y medio, pero la realidad es que toma como cinco a\u00f1os&#8221;, dice Dolly Valbuena, quien lleva diez a\u00f1os viviendo en Canad\u00e1. <\/p>\n<\/div>\n<div dir=\"ltr\" class=\"bbc-19j92fr essoxwk0\" readability=\"10\">\n<p dir=\"ltr\" class=\"bbc-hhl7in e1cc2ql70\">Y no se equivoca, pues estudios realizados por el mismo gobierno canadiense estiman que para que un migrante consiga una integraci\u00f3n total en su nueva sociedad, se requieren cinco a\u00f1os en promedio.<\/p>\n<\/div>\n<div dir=\"ltr\" class=\"bbc-19j92fr essoxwk0\" readability=\"9\">\n<p dir=\"ltr\" class=\"bbc-hhl7in e1cc2ql70\">De ah\u00ed que ofrezcan programas de orientaci\u00f3n y subsidios para apoyar con el asentamiento a los reci\u00e9n llegados, en caso de que lo requieran.<\/p>\n<\/div>\n<div dir=\"ltr\" class=\"bbc-1ka88fa essoxwk0\">\n<figure class=\"bbc-1qdcvv9 e170cyvj0\">\n<div dir=\"ltr\" class=\"bbc-172p16q essoxwk0\">\n<div dir=\"ltr\" class=\"bbc-189y18v essoxwk0\" readability=\"6.5\">\n<div data-e2e=\"image-placeholder\" class=\"bbc-997y1y ezb2r2b0\" readability=\"8\"><noscript><picture class=\"bbc-yfiktt e11uq3261\"><source srcset=\"http:\/\/cordobadirecto.com\/wp-content\/uploads\/2022\/06\/en-que-consiste-el-exigente-programa-de-puntos-con-el-que-miles-de-latinos-buscan-vivir-y-trabajar-en-canada-15.webp 240w, http:\/\/cordobadirecto.com\/wp-content\/uploads\/2022\/06\/en-que-consiste-el-exigente-programa-de-puntos-con-el-que-miles-de-latinos-buscan-vivir-y-trabajar-en-canada-16.webp 320w, http:\/\/cordobadirecto.com\/wp-content\/uploads\/2022\/06\/en-que-consiste-el-exigente-programa-de-puntos-con-el-que-miles-de-latinos-buscan-vivir-y-trabajar-en-canada-17.webp 480w, http:\/\/cordobadirecto.com\/wp-content\/uploads\/2022\/06\/en-que-consiste-el-exigente-programa-de-puntos-con-el-que-miles-de-latinos-buscan-vivir-y-trabajar-en-canada-18.webp 624w, http:\/\/cordobadirecto.com\/wp-content\/uploads\/2022\/06\/en-que-consiste-el-exigente-programa-de-puntos-con-el-que-miles-de-latinos-buscan-vivir-y-trabajar-en-canada-19.webp 800w\" type=\"image\/webp\" sizes=\"(min-width: 1008px) 645px, 100vw\"><source srcset=\"https:\/\/ichef.bbci.co.uk\/news\/240\/cpsprodpb\/1528E\/production\/_125407668_gettyimages-1153879811.jpg 240w, https:\/\/ichef.bbci.co.uk\/news\/320\/cpsprodpb\/1528E\/production\/_125407668_gettyimages-1153879811.jpg 320w, https:\/\/ichef.bbci.co.uk\/news\/480\/cpsprodpb\/1528E\/production\/_125407668_gettyimages-1153879811.jpg 480w, https:\/\/ichef.bbci.co.uk\/news\/624\/cpsprodpb\/1528E\/production\/_125407668_gettyimages-1153879811.jpg 624w, https:\/\/ichef.bbci.co.uk\/news\/800\/cpsprodpb\/1528E\/production\/_125407668_gettyimages-1153879811.jpg 800w\" type=\"image\/jpeg\" sizes=\"(min-width: 1008px) 645px, 100vw\"><img loading=\"lazy\" src=\"http:\/\/cordobadirecto.com\/wp-content\/uploads\/2022\/06\/en-que-consiste-el-exigente-programa-de-puntos-con-el-que-miles-de-latinos-buscan-vivir-y-trabajar-en-canada-4.jpg\" alt=\"personas en un aula de clase\" width=\"976\" height=\"549\" class=\"eehpdyc0 bbc-rb7xa0 e11uq3260\"><\/picture><\/noscript><\/p>\n<p role=\"text\" class=\"bbc-1s1cxbv eynndk20\"><span class=\"bbc-1gnhmg2 evnljr50\">Fuente de la imagen, <\/span><span lang=\"en-GB\">Getty Images<\/span><\/p>\n<\/div>\n<\/div>\n<div dir=\"ltr\" class=\"bbc-3edg7g essoxwk0\" readability=\"7\"><figcaption dir=\"ltr\" class=\"bbc-rhuvwm epgcavl0\" readability=\"4\"><span class=\"bbc-1gnhmg2 evnljr50\">Pie de foto, <\/span><\/p>\n<p>El gobierno de Quebec, por ejemplo, ofrece cursos de frances a los nuevos imigrantes<\/p>\n<\/figcaption><\/div>\n<\/div>\n<\/figure>\n<\/div>\n<div dir=\"ltr\" class=\"bbc-19j92fr essoxwk0\" readability=\"10\">\n<p dir=\"ltr\" class=\"bbc-hhl7in e1cc2ql70\">&#8220;El sistema de inmigraci\u00f3n canadiense es muy robusto y cultivado. Los inmigrantes tenemos acceso a infinidad de recursos a la llegada y el sistema de orientaci\u00f3n es muy eficiente&#8221;, dice Arturo Lima.<\/p>\n<\/div>\n<div dir=\"ltr\" class=\"bbc-19j92fr essoxwk0\" readability=\"12\">\n<p dir=\"ltr\" class=\"bbc-hhl7in e1cc2ql70\">&#8220;En Cuba era m\u00fasico y en Canad\u00e1 este fue mi hobby porque eran escasas las posibilidades de que fuera sustentable. Eso yo lo supe desde el inicio, as\u00ed que trabaj\u00e9 en la industria bancaria y de tecnolog\u00eda&#8221; y aunque logr\u00f3 obtener la ciudadan\u00eda canadiense, al cabo de varios a\u00f1os decidi\u00f3 establecerse en EE.UU. para poder estar m\u00e1s cerca a una parte de su familia.<\/p>\n<\/div>\n<div dir=\"ltr\" class=\"bbc-19j92fr essoxwk0\" readability=\"9\">\n<p dir=\"ltr\" class=\"bbc-hhl7in e1cc2ql70\">Luisa tambi\u00e9n logr\u00f3 ubicarse en su campo al cabo de unos a\u00f1os. Un d\u00eda se encontr\u00f3 con una amiga que le cont\u00f3 sobre una posibilidad en el banco en el que trabajaba para la que iban a hacer entrevistas grupales. Le fue bien y la contrataron como cajera.<\/p>\n<\/div>\n<div dir=\"ltr\" class=\"bbc-19j92fr essoxwk0\" readability=\"10\">\n<p dir=\"ltr\" class=\"bbc-hhl7in e1cc2ql70\">&#8220;Ya llevo cuatro a\u00f1os, he tenido dos ascensos y espero que el pr\u00f3ximo sea para la posici\u00f3n que ten\u00eda en Colombia. Estoy feliz, me gusta mucho mi trabajo y mi vida aqu\u00ed.&#8221; <\/p>\n<\/div>\n<p><h2 id=\"Pero-y-si-el-puntaje-no-alcanza\" tabindex=\"-1\" class=\"bbc-1f03ibc e1hixjf30\">Pero\u2026 \u00bfy si el puntaje no alcanza?<\/h2>\n<\/p>\n<div dir=\"ltr\" class=\"bbc-19j92fr essoxwk0\" readability=\"10\">\n<p dir=\"ltr\" class=\"bbc-hhl7in e1cc2ql70\">&#8220;La mayor\u00eda de las personas que se encuentran fuera de Canad\u00e1 no llegan al puntaje necesario para ser invitados a aplicar porque no tienen estudios de postgrado o no manejan bien los idiomas&#8221;, dice Filci.<\/p>\n<\/div>\n<div dir=\"ltr\" class=\"bbc-19j92fr essoxwk0\" readability=\"16\">\n<p dir=\"ltr\" class=\"bbc-hhl7in e1cc2ql70\">Y es que, seg\u00fan ella, el aplicante ideal es una persona que tenga hasta 29 a\u00f1os de edad (actualmente despu\u00e9s de los 29 a\u00f1os, empiezan a perder cinco puntos por a\u00f1o y despu\u00e9s de los 40, 11 puntos por a\u00f1o), que tenga por lo menos seis a\u00f1os de experiencia laboral en trabajos calificados, que tenga una maestr\u00eda y que domine ingl\u00e9s y\/o franc\u00e9s. <\/p>\n<\/div>\n<div dir=\"ltr\" class=\"bbc-19j92fr essoxwk0\" readability=\"8\">\n<p dir=\"ltr\" class=\"bbc-hhl7in e1cc2ql70\">Es por eso que hay cada vez m\u00e1s latinos llegando a Canad\u00e1 con estatus de estudiantes internacionales. <\/p>\n<\/div>\n<div dir=\"ltr\" class=\"bbc-19j92fr essoxwk0\" readability=\"12\">\n<p dir=\"ltr\" class=\"bbc-hhl7in e1cc2ql70\">Ese es el caso de Adriana Perez, &#8220;vine desde M\u00e9xico con mi esposo, los dos somos administradores de empresas con amplia experiencia laboral.&#8221; Decidieron viajar con visa de estudiante para poder mejorar su nivel ingl\u00e9s y conseguir experiencia laboral canadiense que les ayudara a subir puntos para su perfil.<\/p>\n<\/div>\n<div dir=\"ltr\" class=\"bbc-1ka88fa essoxwk0\">\n<figure class=\"bbc-1qdcvv9 e170cyvj0\">\n<div dir=\"ltr\" class=\"bbc-172p16q essoxwk0\">\n<div dir=\"ltr\" class=\"bbc-189y18v essoxwk0\" readability=\"6.5\">\n<div data-e2e=\"image-placeholder\" class=\"bbc-997y1y ezb2r2b0\" readability=\"8\"><noscript><picture class=\"bbc-yfiktt e11uq3261\"><source srcset=\"http:\/\/cordobadirecto.com\/wp-content\/uploads\/2022\/06\/en-que-consiste-el-exigente-programa-de-puntos-con-el-que-miles-de-latinos-buscan-vivir-y-trabajar-en-canada-20.webp 240w, http:\/\/cordobadirecto.com\/wp-content\/uploads\/2022\/06\/en-que-consiste-el-exigente-programa-de-puntos-con-el-que-miles-de-latinos-buscan-vivir-y-trabajar-en-canada-21.webp 320w, http:\/\/cordobadirecto.com\/wp-content\/uploads\/2022\/06\/en-que-consiste-el-exigente-programa-de-puntos-con-el-que-miles-de-latinos-buscan-vivir-y-trabajar-en-canada-22.webp 480w, http:\/\/cordobadirecto.com\/wp-content\/uploads\/2022\/06\/en-que-consiste-el-exigente-programa-de-puntos-con-el-que-miles-de-latinos-buscan-vivir-y-trabajar-en-canada-23.webp 624w, http:\/\/cordobadirecto.com\/wp-content\/uploads\/2022\/06\/en-que-consiste-el-exigente-programa-de-puntos-con-el-que-miles-de-latinos-buscan-vivir-y-trabajar-en-canada-24.webp 800w\" type=\"image\/webp\" sizes=\"(min-width: 1008px) 645px, 100vw\"><source srcset=\"https:\/\/ichef.bbci.co.uk\/news\/240\/cpsprodpb\/16A09\/production\/_125318629_fotoadrianaperez.jpg 240w, https:\/\/ichef.bbci.co.uk\/news\/320\/cpsprodpb\/16A09\/production\/_125318629_fotoadrianaperez.jpg 320w, https:\/\/ichef.bbci.co.uk\/news\/480\/cpsprodpb\/16A09\/production\/_125318629_fotoadrianaperez.jpg 480w, https:\/\/ichef.bbci.co.uk\/news\/624\/cpsprodpb\/16A09\/production\/_125318629_fotoadrianaperez.jpg 624w, https:\/\/ichef.bbci.co.uk\/news\/800\/cpsprodpb\/16A09\/production\/_125318629_fotoadrianaperez.jpg 800w\" type=\"image\/jpeg\" sizes=\"(min-width: 1008px) 645px, 100vw\"><img loading=\"lazy\" src=\"http:\/\/cordobadirecto.com\/wp-content\/uploads\/2022\/06\/en-que-consiste-el-exigente-programa-de-puntos-con-el-que-miles-de-latinos-buscan-vivir-y-trabajar-en-canada-5.jpg\" alt=\"Adriana P\u00e9rez\" width=\"976\" height=\"549\" class=\"eehpdyc0 bbc-rb7xa0 e11uq3260\"><\/picture><\/noscript><\/p>\n<p role=\"text\" class=\"bbc-1s1cxbv eynndk20\"><span class=\"bbc-1gnhmg2 evnljr50\">Fuente de la imagen, <\/span><span lang=\"en-GB\">Adriana P\u00e9rez<\/span><\/p>\n<\/div>\n<\/div>\n<div dir=\"ltr\" class=\"bbc-3edg7g essoxwk0\" readability=\"6\"><figcaption dir=\"ltr\" class=\"bbc-rhuvwm epgcavl0\" readability=\"2\"><span class=\"bbc-1gnhmg2 evnljr50\">Pie de foto, <\/span><\/p>\n<p>Adriana P\u00e9rez y su pareja llevan cinco a\u00f1os en Canad\u00e1<\/p>\n<\/figcaption><\/div>\n<\/div>\n<\/figure>\n<\/div>\n<div dir=\"ltr\" class=\"bbc-19j92fr essoxwk0\" readability=\"15\">\n<p dir=\"ltr\" class=\"bbc-hhl7in e1cc2ql70\">Esto pudieron hacerlo por dos razones, primero cuando alguien llega como estudiante internacional a Canad\u00e1, su pareja legal recibe permiso de trabajo, y segundo, porque cuando alguien estudia en Canad\u00e1 y se grad\u00faa, recibe un permiso de trabajo despu\u00e9s de su graduaci\u00f3n por el mismo tiempo de duraci\u00f3n de los estudios que curs\u00f3. <\/p>\n<\/div>\n<div dir=\"ltr\" class=\"bbc-19j92fr essoxwk0\" readability=\"10\">\n<p dir=\"ltr\" class=\"bbc-hhl7in e1cc2ql70\">&#8220;Mi esposo tuvo que estudiar por un a\u00f1o m\u00e1s en una escuela p\u00fablica. Luego recibi\u00f3 permiso de trabajo despu\u00e9s de la graduaci\u00f3n y yo tuve el permiso de trabajo por dos a\u00f1os. Con eso logramos tener experiencia laboral en Canad\u00e1 y as\u00ed reunir los puntos necesarios. Obtuvimos la residencia permanente despu\u00e9s de cinco a\u00f1os. <\/p>\n<\/div>\n<div dir=\"ltr\" class=\"bbc-19j92fr essoxwk0\">\n<p dir=\"ltr\" class=\"bbc-hhl7in e1cc2ql70\">&#8220;Suena f\u00e1cil, pero uf.&#8221;<\/p>\n<\/div>\n<div dir=\"ltr\" class=\"bbc-19j92fr essoxwk0\" readability=\"11\">\n<p dir=\"ltr\" class=\"bbc-hhl7in e1cc2ql70\">La gran diferencia con quienes logran tramitar todo desde su pa\u00eds de origen, es que los estudiantes deben vivir con estatus temporal y dependen de que el proceso avance a su favor para poder permanecer en Canad\u00e1. Esto sin contar que el estudio de postgrado es tres veces m\u00e1s costoso para las personas internacionales que para quienes son residentes y ciudadanos y que deben pagar un seguro m\u00e9dico privado.<\/p>\n<\/div>\n<div dir=\"ltr\" class=\"bbc-19j92fr essoxwk0\" readability=\"15\">\n<p dir=\"ltr\" class=\"bbc-hhl7in e1cc2ql70\">Para Filici, &#8220;desde 2015 que implementaron el mecanismo de <i class=\"bbc-h1y5j7 ewc4zcb0\">express entry<\/i>, se convirti\u00f3 en un sistema s\u00faper clasista. Es dif\u00edcil calificar porque el nivel de idioma tiene que ser avanzado, necesitan estudios superiores, tienen que tener dinero, son un mont\u00f3n de factores que excluyen a much\u00edsimas personas.&#8221;<\/p>\n<\/div>\n<div dir=\"ltr\" class=\"bbc-19j92fr essoxwk0\" readability=\"13\">\n<p dir=\"ltr\" class=\"bbc-hhl7in e1cc2ql70\">El gobierno ha dicho en los \u00faltimos a\u00f1os que el inmigrante ideal para Canad\u00e1 es un estudiante internacional. &#8220;La raz\u00f3n es que mantiene la econom\u00eda de las zonas en donde est\u00e1n las universidades y los institutos, tambi\u00e9n porque al estudiar en el pa\u00eds luego le es m\u00e1s f\u00e1cil encontrar trabajo y para cuando consiguen la residencia permanente ya est\u00e1n establecidos en, as\u00ed que no tienen que ofrecerles subsidios o ayudas&#8221;, a\u00f1ade.<\/p>\n<\/div>\n<div dir=\"ltr\" class=\"bbc-19j92fr essoxwk0\" readability=\"10\">\n<p dir=\"ltr\" class=\"bbc-hhl7in e1cc2ql70\">Sin embargo, Canad\u00e1 anunci\u00f3 que en julio de este a\u00f1o reabrir\u00e1 las solicitudes para trabajadores calificados, y seguramente miles de latinos continuar\u00e1n aplicando.<\/p>\n<\/div>\n<div dir=\"ltr\" class=\"bbc-19j92fr essoxwk0\" readability=\"12\">\n<p dir=\"ltr\" class=\"bbc-hhl7in e1cc2ql70\">&#8220;Hemos visto en los \u00faltimos a\u00f1os un incremento de profesionales de Venezuela, M\u00e9xico y Colombia. Yo creo que esto se da por la necesidad de salir del pa\u00eds, por los problemas que hay all\u00ed y buscan la manera de poder inmigrar&#8221;, concluye Filici. <\/p>\n<\/div>\n<div dir=\"ltr\" class=\"bbc-19j92fr essoxwk0\" readability=\"7\">\n<p dir=\"ltr\" class=\"bbc-hhl7in e1cc2ql70\">*<i class=\"bbc-h1y5j7 ewc4zcb0\">Cambiamos su nombre por petici\u00f3n de la persona<\/i><\/p>\n<\/div>\n<div dir=\"ltr\" class=\"bbc-1ka88fa essoxwk0\">\n<figure class=\"bbc-1qdcvv9 e170cyvj0\">\n<div dir=\"ltr\" class=\"bbc-172p16q essoxwk0\">\n<div dir=\"ltr\" class=\"bbc-189y18v essoxwk0\">\n<div data-e2e=\"image-placeholder\" class=\"bbc-997y1y ezb2r2b0\"><noscript><picture class=\"bbc-yfiktt e11uq3261\"><source srcset=\"http:\/\/cordobadirecto.com\/wp-content\/uploads\/2022\/06\/en-que-consiste-el-exigente-programa-de-puntos-con-el-que-miles-de-latinos-buscan-vivir-y-trabajar-en-canada-25.webp 240w, http:\/\/cordobadirecto.com\/wp-content\/uploads\/2022\/06\/en-que-consiste-el-exigente-programa-de-puntos-con-el-que-miles-de-latinos-buscan-vivir-y-trabajar-en-canada-26.webp 320w, http:\/\/cordobadirecto.com\/wp-content\/uploads\/2022\/06\/en-que-consiste-el-exigente-programa-de-puntos-con-el-que-miles-de-latinos-buscan-vivir-y-trabajar-en-canada-27.webp 464w\" type=\"image\/webp\" sizes=\"(min-width: 1008px) 645px, 100vw\"><source srcset=\"https:\/\/ichef.bbci.co.uk\/news\/240\/cpsprodpb\/5300\/production\/_123684212_lineagrisparatexto.jpg 240w, https:\/\/ichef.bbci.co.uk\/news\/320\/cpsprodpb\/5300\/production\/_123684212_lineagrisparatexto.jpg 320w, https:\/\/ichef.bbci.co.uk\/news\/464\/cpsprodpb\/5300\/production\/_123684212_lineagrisparatexto.jpg 464w\" type=\"image\/jpeg\" sizes=\"(min-width: 1008px) 645px, 100vw\"><img loading=\"lazy\" src=\"http:\/\/cordobadirecto.com\/wp-content\/uploads\/2022\/06\/en-que-consiste-el-exigente-programa-de-puntos-con-el-que-miles-de-latinos-buscan-vivir-y-trabajar-en-canada-6.jpg\" alt=\"Linea\" width=\"464\" height=\"2\" class=\"eehpdyc0 bbc-rb7xa0 e11uq3260\"><\/picture><\/noscript><\/div>\n<\/div>\n<\/div>\n<\/figure>\n<\/div>\n<div dir=\"ltr\" class=\"bbc-19j92fr essoxwk0\" readability=\"8\">\n<p dir=\"ltr\" class=\"bbc-hhl7in e1cc2ql70\"><i class=\"bbc-h1y5j7 ewc4zcb0\">Ahora puedes recibir notificaciones de BBC Mundo. Descarga la nueva versi\u00f3n de nuestra app y act\u00edvalas para no perderte nuestro mejor contenido.<\/i><\/p>\n<\/div>\n","protected":false},"excerpt":{"rendered":"<p>Andrea D\u00edaz Cardona BBC News Mundo 1 hora Fuente de la imagen, Getty Images Pie de foto, Canad\u00e1 se caracteriza por tener una pol\u00edtica de migraci\u00f3n regulada. Hoy viven en Canad\u00e1 un mill\u00f3n de latinos. Seg\u00fan cifras del gobierno, entre 2007 y abril de 2021 alrededor de 92.000 latinos fueron admitidos como residentes permanentes, la [&hellip;]<\/p>\n","protected":false},"author":1,"featured_media":65337,"comment_status":"closed","ping_status":"closed","sticky":false,"template":"","format":"standard","meta":[],"categories":[24],"tags":[],"_links":{"self":[{"href":"http:\/\/cordobadirecto.com\/index.php\/wp-json\/wp\/v2\/posts\/65336"}],"collection":[{"href":"http:\/\/cordobadirecto.com\/index.php\/wp-json\/wp\/v2\/posts"}],"about":[{"href":"http:\/\/cordobadirecto.com\/index.php\/wp-json\/wp\/v2\/types\/post"}],"author":[{"embeddable":true,"href":"http:\/\/cordobadirecto.com\/index.php\/wp-json\/wp\/v2\/users\/1"}],"replies":[{"embeddable":true,"href":"http:\/\/cordobadirecto.com\/index.php\/wp-json\/wp\/v2\/comments?post=65336"}],"version-history":[{"count":0,"href":"http:\/\/cordobadirecto.com\/index.php\/wp-json\/wp\/v2\/posts\/65336\/revisions"}],"wp:featuredmedia":[{"embeddable":true,"href":"http:\/\/cordobadirecto.com\/index.php\/wp-json\/wp\/v2\/media\/65337"}],"wp:attachment":[{"href":"http:\/\/cordobadirecto.com\/index.php\/wp-json\/wp\/v2\/media?parent=65336"}],"wp:term":[{"taxonomy":"category","embeddable":true,"href":"http:\/\/cordobadirecto.com\/index.php\/wp-json\/wp\/v2\/categories?post=65336"},{"taxonomy":"post_tag","embeddable":true,"href":"http:\/\/cordobadirecto.com\/index.php\/wp-json\/wp\/v2\/tags?post=65336"}],"curies":[{"name":"wp","href":"https:\/\/api.w.org\/{rel}","templated":true}]}}