{"id":65383,"date":"2022-06-23T19:32:45","date_gmt":"2022-06-23T19:32:45","guid":{"rendered":"http:\/\/cordobadirecto.com\/index.php\/2022\/06\/23\/benfica-oficializo-la-compra-de-enzo-fernandez-por-18-millones-de-euros\/"},"modified":"2022-06-23T19:32:45","modified_gmt":"2022-06-23T19:32:45","slug":"benfica-oficializo-la-compra-de-enzo-fernandez-por-18-millones-de-euros","status":"publish","type":"post","link":"http:\/\/cordobadirecto.com\/index.php\/2022\/06\/23\/benfica-oficializo-la-compra-de-enzo-fernandez-por-18-millones-de-euros\/","title":{"rendered":"Benfica oficializ\u00f3 la compra de Enzo Fern\u00e1ndez por 18 millones de euros"},"content":{"rendered":"<figure class=\"mb-3\"><img loading=\"lazy\" src=\"http:\/\/cordobadirecto.com\/wp-content\/uploads\/2022\/06\/benfica-oficializo-la-compra-de-enzo-fernandez-por-18-millones-de-euros.jpg\" width=\"100%\" height=\"100%\" alt=\"Las buenas actuaciones de Enzo Fernndez lo llevaron a Portugal foto Alejandro Santa Cruz\"><figcaption> Las buenas actuaciones de Enzo Fern\u00e1ndez lo llevaron a Portugal (foto Alejandro Santa Cruz). <\/figcaption><\/figure>\n<p>Benfica de Portugal oficializ\u00f3 este jueves la compra del mediocampista Enzo Fern\u00e1ndez, de River, por 18 millones de euros a cambio del 75% de los derechos econ\u00f3micos.<\/p>\n<p>&#8220;<strong>Benfica comunica que lleg\u00f3 a un principio de acuerdo con River para la adquisici\u00f3n de los derechos deportivos y del 75% de los derechos econ\u00f3micos del jugador Enzo Fern\u00e1ndez<\/strong>, por un monto de 10 millones de euros, el cual se acrecentar\u00e1 a un valor cercano a los 8 millones de euros&#8221;, comunic\u00f3 oficialmente la instituci\u00f3n de Lisboa.<\/p>\n<p>Por su parte, Defensa y Justicia, donde jug\u00f3 39 partidos y obtuvo dos t\u00edtulos sudamericanos, se har\u00e1 acreedor del 10% del monto de la operaci\u00f3n por los derechos de vidriera que se acordaron en el pr\u00e9stamo.<\/p>\n<p>El futbolista continuar\u00e1 en River hasta diciembre de este a\u00f1o, con el objetivo de mantener la base del equipo que pelear\u00e1 por la Copa Libertadores de Am\u00e9rica y la Liga Profesional de F\u00fatbol (LPF). De esta manera se cumpli\u00f3 uno de los deseos de Marcelo Gallardo, que ya ver\u00e1 resentido su esquema con la salida del delantero Juli\u00e1n \u00c1lvarez al Manchester City en los primeros d\u00edas de julio.<\/p>\n<p><strong>Hace aproximadamente un mes, emisarios de Benfica estuvieron en Buenos Aires acordando el contrato del jugador e iniciaron las gestiones con River para la compra<\/strong> que se termin\u00f3 de cerrar esta ma\u00f1ana con la oferta final.<\/p>\n<p>El jugador, que se fue a pr\u00e9stamo sin cargo y sin opci\u00f3n a Defensa a mediados del 2021 con un s\u00f3lo partido en la Primera de River, tuvo una gran temporada y volvi\u00f3 al plantel de Gallardo seis meses antes de la finalizaci\u00f3n del acuerdo.<\/p>\n<figure class=\"mb-3\"><img loading=\"lazy\" src=\"http:\/\/cordobadirecto.com\/wp-content\/uploads\/2022\/06\/benfica-oficializo-la-compra-de-enzo-fernandez-por-18-millones-de-euros-1.jpg\" width=\"100%\" height=\"100%\" alt=\"Las buenas actuaciones de Enzo Fernndez lo llevaron a Portugal foto Alfredo Luna\"><figcaption> Las buenas actuaciones de Enzo Fern\u00e1ndez lo llevaron a Portugal (foto Alfredo Luna). <\/figcaption><\/figure>\n<p><strong>Enzo Fern\u00e1ndez se convirti\u00f3 desde su retorno -junto con Juli\u00e1n \u00c1lvarez- en la figura del equipo<\/strong> en su funci\u00f3n de volante interno y con su pegada desde media distancia y visi\u00f3n de juego se gan\u00f3 el puesto en los 49 partidos (12 goles y 9 asistencias). Su nivel creci\u00f3 tanto que hasta recibi\u00f3 el llamado de Lionel Scaloni para ser parte de la Selecci\u00f3n en algunos partidos.<\/p>\n<p><strong>Benfica es un club con una gran vinculaci\u00f3n con los futbolistas argentinos.<\/strong> Por all\u00ed pasaron \u00c1ngel Di Mar\u00eda, Javier Saviola, Pablo Aimar, Nicol\u00e1s Gait\u00e1n y actualmente se encuentra Nicol\u00e1s Otamendi, uno de los pilares de la defensa del seleccionado nacional.<\/p>\n<p><strong>El conjunto portugu\u00e9s lleva cuatro temporadas sin salir campe\u00f3n<\/strong> de su pa\u00eds aunque contin\u00faa siendo el m\u00e1ximo ganador con 37 consagraciones, por encima del actual campe\u00f3n Porto (30) y de su cl\u00e1sico local Sporting de Lisboa (19). <\/p>\n","protected":false},"excerpt":{"rendered":"<p>Las buenas actuaciones de Enzo Fern\u00e1ndez lo llevaron a Portugal (foto Alejandro Santa Cruz). Benfica de Portugal oficializ\u00f3 este jueves la compra del mediocampista Enzo Fern\u00e1ndez, de River, por 18 millones de euros a cambio del 75% de los derechos econ\u00f3micos. &#8220;Benfica comunica que lleg\u00f3 a un principio de acuerdo con River para la adquisici\u00f3n [&hellip;]<\/p>\n","protected":false},"author":1,"featured_media":65384,"comment_status":"closed","ping_status":"closed","sticky":false,"template":"","format":"standard","meta":[],"categories":[21],"tags":[],"_links":{"self":[{"href":"http:\/\/cordobadirecto.com\/index.php\/wp-json\/wp\/v2\/posts\/65383"}],"collection":[{"href":"http:\/\/cordobadirecto.com\/index.php\/wp-json\/wp\/v2\/posts"}],"about":[{"href":"http:\/\/cordobadirecto.com\/index.php\/wp-json\/wp\/v2\/types\/post"}],"author":[{"embeddable":true,"href":"http:\/\/cordobadirecto.com\/index.php\/wp-json\/wp\/v2\/users\/1"}],"replies":[{"embeddable":true,"href":"http:\/\/cordobadirecto.com\/index.php\/wp-json\/wp\/v2\/comments?post=65383"}],"version-history":[{"count":0,"href":"http:\/\/cordobadirecto.com\/index.php\/wp-json\/wp\/v2\/posts\/65383\/revisions"}],"wp:featuredmedia":[{"embeddable":true,"href":"http:\/\/cordobadirecto.com\/index.php\/wp-json\/wp\/v2\/media\/65384"}],"wp:attachment":[{"href":"http:\/\/cordobadirecto.com\/index.php\/wp-json\/wp\/v2\/media?parent=65383"}],"wp:term":[{"taxonomy":"category","embeddable":true,"href":"http:\/\/cordobadirecto.com\/index.php\/wp-json\/wp\/v2\/categories?post=65383"},{"taxonomy":"post_tag","embeddable":true,"href":"http:\/\/cordobadirecto.com\/index.php\/wp-json\/wp\/v2\/tags?post=65383"}],"curies":[{"name":"wp","href":"https:\/\/api.w.org\/{rel}","templated":true}]}}