{"id":65415,"date":"2022-06-23T19:11:00","date_gmt":"2022-06-23T19:11:00","guid":{"rendered":"http:\/\/cordobadirecto.com\/index.php\/2022\/06\/23\/la-ue-le-otorgo-a-ucrania-y-a-moldavia-el-estatuto-de-candidatos-a-la-adhesion\/"},"modified":"2022-06-23T19:11:00","modified_gmt":"2022-06-23T19:11:00","slug":"la-ue-le-otorgo-a-ucrania-y-a-moldavia-el-estatuto-de-candidatos-a-la-adhesion","status":"publish","type":"post","link":"http:\/\/cordobadirecto.com\/index.php\/2022\/06\/23\/la-ue-le-otorgo-a-ucrania-y-a-moldavia-el-estatuto-de-candidatos-a-la-adhesion\/","title":{"rendered":"La UE le otorg\u00f3 a Ucrania y a Moldavia el estatuto de candidatos a la adhesi\u00f3n"},"content":{"rendered":"<figure class=\"mb-3\"><img loading=\"lazy\" src=\"http:\/\/cordobadirecto.com\/wp-content\/uploads\/2022\/06\/la-ue-le-otorgo-a-ucrania-y-a-moldavia-el-estatuto-de-candidatos-a-la-adhesion.jpg\" width=\"100%\" height=\"100%\" alt=\"Foto AFP\"><figcaption> Foto AFP <\/figcaption><\/figure>\n<p>Los pa\u00edses de la Uni\u00f3n Europea (UE) acordaron este jueves conceder a Ucrania y Moldavia el estatus de candidatos a la adhesi\u00f3n al bloque, una decisi\u00f3n adoptada en tiempo r\u00e9cord por la invasi\u00f3n rusa.<\/p>\n<p>De esta forma, los jefes de Estado y Gobierno de los 27 Estados miembro abrieron un complejo proceso que puede llevar varios a\u00f1os hasta concretarse, pero que marca su apoyo a Kiev frente a la guerra.<\/p>\n<blockquote class=\"twitter-tweet\" readability=\"7.032\">\n<p lang=\"en\" dir=\"ltr\">Sincerely commend EU leaders\u2019 decision at <a href=\"https:\/\/twitter.com\/hashtag\/EUCO?src=hash&amp;ref_src=twsrc%5Etfw\">#EUCO<\/a> to grant \ud83c\uddfa\ud83c\udde6 a candidate status. It\u2019s a unique and historical moment in \ud83c\uddfa\ud83c\udde6-\ud83c\uddea\ud83c\uddfa relations. Grateful to <a href=\"https:\/\/twitter.com\/CharlesMichel?ref_src=twsrc%5Etfw\">@CharlesMichel<\/a>, <a href=\"https:\/\/twitter.com\/vonderleyen?ref_src=twsrc%5Etfw\">@vonderleyen<\/a> and EU leaders for support. Ukraine\u2019s future is within the EU. <a href=\"https:\/\/twitter.com\/hashtag\/EmbraceUkraine?src=hash&amp;ref_src=twsrc%5Etfw\">#EmbraceUkraine<\/a> <a href=\"https:\/\/t.co\/o6dJVmTQrn\">https:\/\/t.co\/o6dJVmTQrn<\/a><\/p>\n<p>\u2014 \u0412\u043e\u043b\u043e\u0434\u0438\u043c\u0438\u0440 \u0417\u0435\u043b\u0435\u043d\u0441\u044c\u043a\u0438\u0439 (@ZelenskyyUa) <a href=\"https:\/\/twitter.com\/ZelenskyyUa\/status\/1540038995178037249?ref_src=twsrc%5Etfw\">June 23, 2022<\/a><\/p><\/blockquote>\n<p>&#8220;Es un momento \u00fanico e hist\u00f3rico en las relaciones entre Ucrania y la UE&#8221;, tuite\u00f3 el presidente ucraniano, Volodomir Zelenski, y agreg\u00f3 que <strong>&#8220;el futuro de Ucrania se encuentra en el seno de la UE&#8221;<\/strong>.<\/p>\n<p>&#8220;Esta decisi\u00f3n nos fortalece a todos. Fortalece a Ucrania, Moldavia y Georgia, frente al imperialismo ruso. Y fortalece a la UE. Porque demuestra una vez m\u00e1s al mundo que estamos unidos y somos fuertes frente a las amenazas externas&#8221;, escribi\u00f3 en la misma red social la presidenta de la Comisi\u00f3n Europea, Ursula von der Leyen.<\/p>\n<p><strong>Georgia, otra exrep\u00fablica sovi\u00e9tica que tambi\u00e9n aspira a entrar en la UE, todav\u00eda deber\u00e1 avanzar en sus reformas para alcanzar el estatus de pa\u00eds candidato<\/strong>, decidi\u00f3 la cumbre del bloque.<\/p>\n<p>La cumbre de Bruselas fue la primera de tres que se celebrar\u00e1n en una semana en Europa, que pondr\u00e1n a prueba el grado de unidad de Occidente para apoyar a Ucrania en medio de tensiones geopol\u00edticas en aumento y del creciente impacto econ\u00f3mico del conflicto.<\/p>\n<h2 class>G7<\/h2>\n<p>Del domingo al martes, los l\u00edderes del Grupo de los Siete (G7) protagonizar\u00e1n su cumbre anual en Alemania y, tras ella, los gobernantes de la OTAN se reunir\u00e1n en Espa\u00f1a para debatir, en medio de diferencias, el ingreso de Finlandia y Suecia.<\/p>\n<p>El caso de adhesi\u00f3n de Ucrania <strong>reaviva la frustraci\u00f3n de pa\u00edses de los Balcanes Occidentales que desde hace a\u00f1os son candidatos a ingresar a la UE y cuyo proceso de adhesi\u00f3n choc\u00f3 con escollos dif\u00edciles de salvar.<\/strong><\/p>\n<p>Macedonia del Norte, Albania, Montenegro y Serbia llevan varios a\u00f1os esperando, sin grandes avances en su adhesi\u00f3n al bloque, el mismo bloque que no esconde la prisa en conceder el estatuto de pa\u00eds candidato a Ucrania y a Moldavia.<\/p>\n<p>L\u00edderes de la UE y de los Balcanes occidentales mantuvieron hoy una reuni\u00f3n en Bruselas, que termin\u00f3 sin que haya sido posible verificar cualquier avance.<\/p>\n<p>&#8220;No hemos obtenido nada&#8221;, resumi\u00f3 el Alexandar Vucic, presidente de Serbia, tras el encuentro.<\/p>\n<p>En tanto, <strong>el primer ministro de Albania, Edi Rama, dijo que la situaci\u00f3n actual es &#8220;verdaderamente muy, muy preocupante&#8221;. &#8220;Lo siento por la UE&#8221;<\/strong>, a\u00f1adi\u00f3.<\/p>\n<p>&#8220;Macedonia del Norte es candidato desde hace 17 a\u00f1os, si no perd\u00ed la cuenta. Albania, desde hace ocho. De forma que bienvenida, Ucrania. Es bueno que se le reconozca a Ucrania el estatus. Pero espero que los ucranianos no se hagan ilusiones&#8221;, expres\u00f3 el l\u00edder alban\u00e9s.<\/p>\n<p>Albania y Macedonia del Norte est\u00e1n frustrados porque Bulgaria ha usado su estatus de miembro de la UE para bloquear sus adhesiones. Los tres son pa\u00edses de la OTAN.<\/p>\n<p>Bulgaria tiene una disputa con Macedonia del Norte relativa a cuestiones \u00e9tnicas y ling\u00fc\u00edsticas, y esa pulseada ha trabado tambi\u00e9n el proceso de adhesi\u00f3n de Albania, porque la UE considera a los tres dentro del mismo paquete.<\/p>\n<p><strong>&#8220;Es una verg\u00fcenza que un pa\u00eds de la OTAN, Bulgaria, secuestre a dos pa\u00edses de la OTAN, Albania y Macedonia del Norte, en medio de una guerra en el patio de Europa, mientras los otros 26 pa\u00edses permanecen sentados en demostraci\u00f3n de impotencia&#8221;<\/strong>, dijo Rama.<\/p>\n<p>El jefe de la diplomacia de la UE, Josep Borrell, dijo en Bruselas que la regla que requiere la aprobaci\u00f3n un\u00e1nime de los actuales miembros de la UE &#8220;es un gran problema&#8221; a la hora de tomar decisiones.<\/p>\n<p>&#8220;Por lo tanto, tenemos que pensar c\u00f3mo tomamos decisiones en la UE, porque no podemos seguir con un solo pa\u00eds que bloquea durante meses y meses&#8221;, agreg\u00f3.<\/p>\n","protected":false},"excerpt":{"rendered":"<p>Foto AFP Los pa\u00edses de la Uni\u00f3n Europea (UE) acordaron este jueves conceder a Ucrania y Moldavia el estatus de candidatos a la adhesi\u00f3n al bloque, una decisi\u00f3n adoptada en tiempo r\u00e9cord por la invasi\u00f3n rusa. De esta forma, los jefes de Estado y Gobierno de los 27 Estados miembro abrieron un complejo proceso que [&hellip;]<\/p>\n","protected":false},"author":1,"featured_media":65416,"comment_status":"closed","ping_status":"closed","sticky":false,"template":"","format":"standard","meta":[],"categories":[24],"tags":[],"_links":{"self":[{"href":"http:\/\/cordobadirecto.com\/index.php\/wp-json\/wp\/v2\/posts\/65415"}],"collection":[{"href":"http:\/\/cordobadirecto.com\/index.php\/wp-json\/wp\/v2\/posts"}],"about":[{"href":"http:\/\/cordobadirecto.com\/index.php\/wp-json\/wp\/v2\/types\/post"}],"author":[{"embeddable":true,"href":"http:\/\/cordobadirecto.com\/index.php\/wp-json\/wp\/v2\/users\/1"}],"replies":[{"embeddable":true,"href":"http:\/\/cordobadirecto.com\/index.php\/wp-json\/wp\/v2\/comments?post=65415"}],"version-history":[{"count":0,"href":"http:\/\/cordobadirecto.com\/index.php\/wp-json\/wp\/v2\/posts\/65415\/revisions"}],"wp:featuredmedia":[{"embeddable":true,"href":"http:\/\/cordobadirecto.com\/index.php\/wp-json\/wp\/v2\/media\/65416"}],"wp:attachment":[{"href":"http:\/\/cordobadirecto.com\/index.php\/wp-json\/wp\/v2\/media?parent=65415"}],"wp:term":[{"taxonomy":"category","embeddable":true,"href":"http:\/\/cordobadirecto.com\/index.php\/wp-json\/wp\/v2\/categories?post=65415"},{"taxonomy":"post_tag","embeddable":true,"href":"http:\/\/cordobadirecto.com\/index.php\/wp-json\/wp\/v2\/tags?post=65415"}],"curies":[{"name":"wp","href":"https:\/\/api.w.org\/{rel}","templated":true}]}}