{"id":65419,"date":"2022-06-24T00:01:48","date_gmt":"2022-06-24T00:01:48","guid":{"rendered":"http:\/\/cordobadirecto.com\/index.php\/2022\/06\/24\/el-desempleo-en-cordoba-esta-en-niveles-precrisis-pero-con-muy-alta-subocupacion-la-voz\/"},"modified":"2022-06-24T00:01:48","modified_gmt":"2022-06-24T00:01:48","slug":"el-desempleo-en-cordoba-esta-en-niveles-precrisis-pero-con-muy-alta-subocupacion-la-voz","status":"publish","type":"post","link":"http:\/\/cordobadirecto.com\/index.php\/2022\/06\/24\/el-desempleo-en-cordoba-esta-en-niveles-precrisis-pero-con-muy-alta-subocupacion-la-voz\/","title":{"rendered":"El desempleo en <b>C\u00f3rdoba<\/b> est\u00e1 en niveles precrisis, pero con muy alta subocupaci\u00f3n &#8211; La Voz"},"content":{"rendered":"<p>Amplios sectores de la <b>econom\u00eda<\/b>, en <b>C\u00f3rdoba<\/b>, muy especialmente, &#8230; El problema es que buena parte de ese <b>nuevo<\/b> empleo es precario e informal. <\/p>\n","protected":false},"excerpt":{"rendered":"<p>Amplios sectores de la econom\u00eda, en C\u00f3rdoba, muy especialmente, &#8230; El problema es que buena parte de ese nuevo empleo es precario e informal.<\/p>\n","protected":false},"author":1,"featured_media":0,"comment_status":"closed","ping_status":"closed","sticky":false,"template":"","format":"standard","meta":[],"categories":[40],"tags":[],"_links":{"self":[{"href":"http:\/\/cordobadirecto.com\/index.php\/wp-json\/wp\/v2\/posts\/65419"}],"collection":[{"href":"http:\/\/cordobadirecto.com\/index.php\/wp-json\/wp\/v2\/posts"}],"about":[{"href":"http:\/\/cordobadirecto.com\/index.php\/wp-json\/wp\/v2\/types\/post"}],"author":[{"embeddable":true,"href":"http:\/\/cordobadirecto.com\/index.php\/wp-json\/wp\/v2\/users\/1"}],"replies":[{"embeddable":true,"href":"http:\/\/cordobadirecto.com\/index.php\/wp-json\/wp\/v2\/comments?post=65419"}],"version-history":[{"count":0,"href":"http:\/\/cordobadirecto.com\/index.php\/wp-json\/wp\/v2\/posts\/65419\/revisions"}],"wp:attachment":[{"href":"http:\/\/cordobadirecto.com\/index.php\/wp-json\/wp\/v2\/media?parent=65419"}],"wp:term":[{"taxonomy":"category","embeddable":true,"href":"http:\/\/cordobadirecto.com\/index.php\/wp-json\/wp\/v2\/categories?post=65419"},{"taxonomy":"post_tag","embeddable":true,"href":"http:\/\/cordobadirecto.com\/index.php\/wp-json\/wp\/v2\/tags?post=65419"}],"curies":[{"name":"wp","href":"https:\/\/api.w.org\/{rel}","templated":true}]}}