{"id":65429,"date":"2022-06-23T22:34:47","date_gmt":"2022-06-23T22:34:47","guid":{"rendered":"https:\/\/cordoba.gob.ar\/?p=27043"},"modified":"2022-06-23T22:34:47","modified_gmt":"2022-06-23T22:34:47","slug":"aula-abierta-de-rcp-y-primeros-auxilios-en-la-plaza-san-martin","status":"publish","type":"post","link":"http:\/\/cordobadirecto.com\/index.php\/2022\/06\/23\/aula-abierta-de-rcp-y-primeros-auxilios-en-la-plaza-san-martin\/","title":{"rendered":"Aula abierta de RCP y Primeros Auxilios en la Plaza San Mart\u00edn"},"content":{"rendered":"<div><img src=\"http:\/\/cordobadirecto.com\/wp-content\/uploads\/2022\/06\/aula-abierta-de-rcp-y-primeros-auxilios-en-la-plaza-san-martin.jpg\" class=\"ff-og-image-inserted\"><\/div>\n<ul>\n<li><strong>Este viernes se dictar\u00e1 una clase gratuita y abierta al p\u00fablico, en pleno centro de la ciudad.<\/strong><\/li>\n<li><strong>Ser\u00e1 a partir de las 11 horas, sobre las calles De\u00e1n Funes y San Mart\u00edn.<\/strong><\/li>\n<\/ul>\n<hr>\n<p>La Municipalidad de C\u00f3rdoba, a trav\u00e9s de la Direcci\u00f3n General de Seguridad, Defensa Civil, Capacitaci\u00f3n y Emergencia Urbana, dependiente de la Secretar\u00eda de Gobierno, brindar\u00e1 este viernes una clase abierta y gratuita de Reanimaci\u00f3n Cardio Pulmonar (RCP) y Primeros Auxilios, para todos los vecinos interesados.<\/p>\n<p>En la Plaza San Mart\u00edn, a partir de las 11 horas, personal de Defensa Civil realizar\u00e1 demostraciones de maniobras sencillas que se pueden hacer para salvarle la vida a un familiar, a un amigo o a un vecino.<\/p>\n<p>CONTIN\u00daAN LOS TALLERES PRESENCIALES DE RCP, PRIMEROS AUXILIOS Y AUTOPROTECCI\u00d3N INSTITUCIONAL<\/p>\n<p>Cabe recordar que la Municipalidad de C\u00f3rdoba contin\u00faa brindando talleres gratuitos y presenciales de RCP y Primeros Auxilios abiertos a toda la comunidad, y de Protecci\u00f3n Institucional destinados a organismos e instituciones p\u00fablicas.<\/p>\n<p>El curso, te\u00f3rico y pr\u00e1ctico, es dictado en la sede de la Direcci\u00f3n de Defensa Civil municipal ubicada en Av. Pueyrred\u00f3n 1154 de Barrio Observatorio, C\u00f3rdoba Capital. Los talleres se realizan en una sola jornada con una carga horaria de cinco horas. Los mismos se dictan durante todo el a\u00f1o.<\/p>\n<p>Las inscripciones, gratuitas y con cupos limitados estar\u00e1n abiertas, a partir del lunes 27 a trav\u00e9s del siguiente <a href=\"https:\/\/bit.ly\/36Db0PR\">enlace<\/a>.<\/p>\n<p>A su vez, Defensa Civil brinda a las instituciones p\u00fablicas (escuelas, jardines, centros vecinales, ONGs, organismos, entre otros) cursos de Autoprotecci\u00f3n Institucional con capacitaciones en materia de gesti\u00f3n de riesgos, evacuaci\u00f3n, prevenci\u00f3n y extinci\u00f3n de incendios, primeros auxilios y RCP. Los talleres se realizan en las sedes de las instituciones interesadas, en d\u00edas y horarios acordados previamente. Las inscripciones son a trav\u00e9s del correo electr\u00f3nico capacitaciondcmunicipal@gmail.com.<\/p>\n<p>CAPACITACIONES SEMIPRESENCIALES<\/p>\n<p>Por otra parte, organizados por la Subsecretar\u00eda de Deportes y Recreaci\u00f3n, dependiente de la Secretar\u00eda de Gobierno, con profesionales de Defensa Civil, se realizan peri\u00f3dicamente ediciones semipresenciales a trav\u00e9s de la plataforma de Infossep (Instituto de Formaci\u00f3n y Selecci\u00f3n de Servidores P\u00fablicos). Las inscripciones se hacen por Vecino Digital en la p\u00e1gina oficial del municipio. Informes al 433-6007 \/ capacitarte.deportemunicba@gmail.com.<\/p>\n<p>Las instancias te\u00f3ricas se realizan de manera virtual, y las pr\u00e1cticas en el Club Municipalidad de C\u00f3rdoba, ubicado en Nicol\u00e1s Avellaneda 2751, barrio Alta C\u00f3rdoba.<\/p>\n","protected":false},"excerpt":{"rendered":"<p>Este viernes se dictar\u00e1 una clase gratuita y abierta al p\u00fablico, en pleno centro de la ciudad. Ser\u00e1 a partir de las 11 horas, sobre las calles De\u00e1n Funes y San Mart\u00edn. La Municipalidad de C\u00f3rdoba, a trav\u00e9s de la Direcci\u00f3n General de Seguridad, Defensa Civil, Capacitaci\u00f3n y Emergencia Urbana, dependiente de la Secretar\u00eda de [&hellip;]<\/p>\n","protected":false},"author":1,"featured_media":65430,"comment_status":"closed","ping_status":"closed","sticky":false,"template":"","format":"standard","meta":[],"categories":[44],"tags":[],"_links":{"self":[{"href":"http:\/\/cordobadirecto.com\/index.php\/wp-json\/wp\/v2\/posts\/65429"}],"collection":[{"href":"http:\/\/cordobadirecto.com\/index.php\/wp-json\/wp\/v2\/posts"}],"about":[{"href":"http:\/\/cordobadirecto.com\/index.php\/wp-json\/wp\/v2\/types\/post"}],"author":[{"embeddable":true,"href":"http:\/\/cordobadirecto.com\/index.php\/wp-json\/wp\/v2\/users\/1"}],"replies":[{"embeddable":true,"href":"http:\/\/cordobadirecto.com\/index.php\/wp-json\/wp\/v2\/comments?post=65429"}],"version-history":[{"count":0,"href":"http:\/\/cordobadirecto.com\/index.php\/wp-json\/wp\/v2\/posts\/65429\/revisions"}],"wp:featuredmedia":[{"embeddable":true,"href":"http:\/\/cordobadirecto.com\/index.php\/wp-json\/wp\/v2\/media\/65430"}],"wp:attachment":[{"href":"http:\/\/cordobadirecto.com\/index.php\/wp-json\/wp\/v2\/media?parent=65429"}],"wp:term":[{"taxonomy":"category","embeddable":true,"href":"http:\/\/cordobadirecto.com\/index.php\/wp-json\/wp\/v2\/categories?post=65429"},{"taxonomy":"post_tag","embeddable":true,"href":"http:\/\/cordobadirecto.com\/index.php\/wp-json\/wp\/v2\/tags?post=65429"}],"curies":[{"name":"wp","href":"https:\/\/api.w.org\/{rel}","templated":true}]}}