{"id":65435,"date":"2022-06-24T06:11:18","date_gmt":"2022-06-24T06:11:18","guid":{"rendered":"http:\/\/cordobadirecto.com\/index.php\/2022\/06\/24\/viaje-desde-el-centro-de-la-luz-en-la-usina-del-arte\/"},"modified":"2022-06-24T06:11:18","modified_gmt":"2022-06-24T06:11:18","slug":"viaje-desde-el-centro-de-la-luz-en-la-usina-del-arte","status":"publish","type":"post","link":"http:\/\/cordobadirecto.com\/index.php\/2022\/06\/24\/viaje-desde-el-centro-de-la-luz-en-la-usina-del-arte\/","title":{"rendered":"\u201cViaje Desde el Centro de la Luz\u201d, en la Usina del Arte"},"content":{"rendered":"<figure class=\"mb-3\"><img loading=\"lazy\" src=\"http:\/\/cordobadirecto.com\/wp-content\/uploads\/2022\/06\/viaje-desde-el-centro-de-la-luz-en-la-usina-del-arte.jpg\" width=\"100%\" height=\"100%\" alt=\"Telam SE\"><figcaption><\/figcaption><\/figure>\n<p>El espect\u00e1culo \u201cViaje desde el Centro de la Luz\u201d, una propuesta musical y audiovisual, producida por Ernesto Sala y Guillermo Bravo, y con m\u00fasica y letras de Sebasti\u00e1n Germinario, se presentar\u00e1 este s\u00e1bado a las 16 en la Sala de C\u00e1mara de la Usina del Arte.<\/p>\n<p>En la obra, los temas se exponen diferentes fragmentos audiovisuales para reinterpretar subjetivamente l\u00edricas, climas y melod\u00edas.<\/p>\n<p>\u201cTodo est\u00e1 atravesado por un relato que nos propone viajar de forma intimista por nuestras emociones, en nuestros or\u00edgenes de claro anclaje en lo barrial\u201d, explicaron sus realizadores.<\/p>\n<p>El espect\u00e1culo se podr\u00e1 apreciar este s\u00e1bado 25 de junio en la Sala de C\u00e1mara de la Usina del Arte, ubicada en Agust\u00edn R. Caffarena 1 del barrio porte\u00f1o de La Boca.<\/p>\n<div class=\"video_repositive\"> <a class=\"video_sticky\" href=\"javascript:void();\" onclick=\"removeStuckVideo(true);\"><i class=\"far fa-window-close\"><\/i><\/a> <\/p>\n<div id=\"UHrBbXaHhWM\" class=\"video_telam\" readability=\"6\">\n<div class=\"feature_article_inner\" readability=\"32\">\n<p><h2 class=\"text-center\">&#8220;Cipres&#8221; &#8211; Viaje desde el centro de la luz<\/h2>\n<\/p><\/div>\n<p>VER VIDEO <i class=\"fas fa-play\"><\/i><\/p>\n<\/p><\/div><\/div>\n<p>\u201cViaje desde el Centro de la Luz\u201d, se conforma por Guillermo Bravo, Sebasti\u00e1n Germinario y Ernesto Sala, tres artistas que en 2018 armaron un equipo que desarroll\u00f3 proyectos basados en el cruce de los lenguajes, visual, sonoro, corporal y verbal.<\/p>\n<p>En 2019 presentaron el Proyecto Cuentos Porfiados, un evento nacido de una propuesta fotogr\u00e1fica de tem\u00e1ticas diversas y que, junto a 25 artistas convocados, gener\u00f3 una performance multidisciplinar.<\/p>\n<p>Ya en pandemia, el grupo form\u00f3 en 2020 la Variet\u00e9 Libertino, un espacio virtual que convoca artistas diversos y que ha estrenado un show v\u00eda streaming con las producciones desde una po\u00e9tica audiovisual.<\/p>\n<figure class=\"mb-3\"><img loading=\"lazy\" src=\"http:\/\/cordobadirecto.com\/wp-content\/uploads\/2022\/06\/viaje-desde-el-centro-de-la-luz-en-la-usina-del-arte-1.jpg\" width=\"100%\" height=\"100%\" alt=\"Telam SE\"><figcaption><\/figcaption><\/figure>\n<p>En 2022 presentaron El Ojo Capital, una obra compuesta de piedras y monedas; un show musical con proyecciones acerca del capitalismo y su relaci\u00f3n con la humanidad.<\/p>\n<p>Tambi\u00e9n en este a\u00f1o naci\u00f3 Viaje Desde el Centro de la Luz, que ya el p\u00fablico pudo disfrutar en diversos espacios de Buenos Aires.<br \/>Las entradas para el espect\u00e1culo se pueden adquirir de manera anticipada en la web de la Usina del Arte.<\/p>\n","protected":false},"excerpt":{"rendered":"<p>El espect\u00e1culo \u201cViaje desde el Centro de la Luz\u201d, una propuesta musical y audiovisual, producida por Ernesto Sala y Guillermo Bravo, y con m\u00fasica y letras de Sebasti\u00e1n Germinario, se presentar\u00e1 este s\u00e1bado a las 16 en la Sala de C\u00e1mara de la Usina del Arte. En la obra, los temas se exponen diferentes fragmentos [&hellip;]<\/p>\n","protected":false},"author":1,"featured_media":65436,"comment_status":"closed","ping_status":"closed","sticky":false,"template":"","format":"standard","meta":[],"categories":[20],"tags":[],"_links":{"self":[{"href":"http:\/\/cordobadirecto.com\/index.php\/wp-json\/wp\/v2\/posts\/65435"}],"collection":[{"href":"http:\/\/cordobadirecto.com\/index.php\/wp-json\/wp\/v2\/posts"}],"about":[{"href":"http:\/\/cordobadirecto.com\/index.php\/wp-json\/wp\/v2\/types\/post"}],"author":[{"embeddable":true,"href":"http:\/\/cordobadirecto.com\/index.php\/wp-json\/wp\/v2\/users\/1"}],"replies":[{"embeddable":true,"href":"http:\/\/cordobadirecto.com\/index.php\/wp-json\/wp\/v2\/comments?post=65435"}],"version-history":[{"count":0,"href":"http:\/\/cordobadirecto.com\/index.php\/wp-json\/wp\/v2\/posts\/65435\/revisions"}],"wp:featuredmedia":[{"embeddable":true,"href":"http:\/\/cordobadirecto.com\/index.php\/wp-json\/wp\/v2\/media\/65436"}],"wp:attachment":[{"href":"http:\/\/cordobadirecto.com\/index.php\/wp-json\/wp\/v2\/media?parent=65435"}],"wp:term":[{"taxonomy":"category","embeddable":true,"href":"http:\/\/cordobadirecto.com\/index.php\/wp-json\/wp\/v2\/categories?post=65435"},{"taxonomy":"post_tag","embeddable":true,"href":"http:\/\/cordobadirecto.com\/index.php\/wp-json\/wp\/v2\/tags?post=65435"}],"curies":[{"name":"wp","href":"https:\/\/api.w.org\/{rel}","templated":true}]}}