{"id":65464,"date":"2022-06-24T14:22:00","date_gmt":"2022-06-24T14:22:00","guid":{"rendered":"http:\/\/cordobadirecto.com\/index.php\/2022\/06\/24\/miles-de-migrantes-intentaron-cruzar-la-frontera-espanola-con-marruecos\/"},"modified":"2022-06-24T14:22:00","modified_gmt":"2022-06-24T14:22:00","slug":"miles-de-migrantes-intentaron-cruzar-la-frontera-espanola-con-marruecos","status":"publish","type":"post","link":"http:\/\/cordobadirecto.com\/index.php\/2022\/06\/24\/miles-de-migrantes-intentaron-cruzar-la-frontera-espanola-con-marruecos\/","title":{"rendered":"Miles de migrantes intentaron cruzar la frontera espa\u00f1ola con Marruecos"},"content":{"rendered":"<figure class=\"mb-3\"><img loading=\"lazy\" src=\"http:\/\/cordobadirecto.com\/wp-content\/uploads\/2022\/06\/miles-de-migrantes-intentaron-cruzar-la-frontera-espanola-con-marruecos.jpg\" width=\"100%\" height=\"100%\" alt=\"Intentaron cruzar la frontera espaola con Marruecos en Melilla Foto AFP\"><figcaption> Intentaron cruzar la frontera espa\u00f1ola con Marruecos en Melilla. (Foto: AFP). <\/figcaption><\/figure>\n<p>Unas 2.000 personas intentaron cruzar la frontera espa\u00f1ola con Marruecos en Melilla y apenas algo m\u00e1s de un centenar logr\u00f3 hacerlo, en el primer gran intento de este tipo desde la normalizaci\u00f3n de las relaciones entre Espa\u00f1a y Marruecos.<\/p>\n<p>&#8220;<strong>Cerca de 2.000 migrantes iniciaron una aproximaci\u00f3n hacia Melilla&#8221; esta ma\u00f1ana<\/strong>, inform\u00f3 un vocero de la Prefectura espa\u00f1ola que relat\u00f3 que dos horas despu\u00e9s, &#8220;un grupo de m\u00e1s de 500 subsaharianos, tras romper con una cizalla la puerta de acceso del puesto de control fronterizo&#8221;, iniciaron la entrada en la ciudad, pero finalmente lo consiguieron &#8220;130 migrantes subsaharianos. Todos ellos varones&#8221;.<\/p>\n<p>La Delegaci\u00f3n espa\u00f1ola subray\u00f3 que el hecho ocurri\u00f3 &#8220;a pesar del amplio dispositivo de las Fuerzas marroqu\u00edes, que han colaborado activamente y de forma coordinada con las Fuerzas y Cuerpos de Seguridad del Estado&#8221; espa\u00f1ol.<\/p>\n<p>Omar Naji, de la Asociaci\u00f3n Marroqu\u00ed de Derechos Humanos (AMDH) explic\u00f3 que la noche del jueves hubo &#8220;enfrentamientos entre emigrantes y fuerzas del orden&#8221; en el lado marroqu\u00ed de la frontera, y el Hospital Hassani de Nador, cerca de Melilla, confirm\u00f3 que &#8220;varios&#8221; polic\u00edas marroqu\u00edes fueron ingresados, al igual que algunos emigrantes, inform\u00f3 la agencia de noticias AFP.<\/p>\n<blockquote class><p>Los \u00faltimos intentos de penetraci\u00f3n masiva en Espa\u00f1a por uno de sus enclaves norafricanos, fueron a principios de marzo<\/p><\/blockquote>\n<p>Los \u00faltimos intentos de penetraci\u00f3n masiva en Espa\u00f1a por uno de sus enclaves norafricanos (Ceuta y Melilla), fueron a principios de marzo, antes del deshielo de las relaciones hispano-marroqu\u00edes.<\/p>\n<p><strong>La crisis diplom\u00e1tica entre ambos pa\u00edses se desat\u00f3 despu\u00e9s de que Espa\u00f1a acogiera en abril de 2021 al jefe de los independentistas saharauis del Frente Polisario, Brahim Ghali, para tratarse de Covid-19 en un hospital del pa\u00eds.<\/strong><\/p>\n<p>La crisis diplom\u00e1tica finaliz\u00f3 cuando Espa\u00f1a abandon\u00f3 su neutralidad hist\u00f3rica entre independentistas saharauis y Marruecos en relaci\u00f3n a la antigua colonia espa\u00f1ola del Sahara Occidental y respald\u00f3 el plan marroqu\u00ed para el territorio, consistente en dotarlo de autonom\u00eda.<\/p>\n<p>Este cambio de postura le vali\u00f3 numerosas cr\u00edticas al presidente del Gobierno espa\u00f1ol, Pedro S\u00e1nchez, y varias voces de la oposici\u00f3n lo interpretaron como una concesi\u00f3n a Rabat para que frenara la llegada de inmigrantes.<\/p>\n<p>El punto \u00e1lgido de la crisis hispano-marroqu\u00ed se dio en mayo de 2021, cuando, aprovechando que las autoridades marroqu\u00edes hab\u00edan relajado los controles, unos 10.000 inmigrantes entraron en Ceuta.<\/p>\n<p>A pesar de que Madrid y Rabat arreglaron sus relaciones, <strong>S\u00e1nchez avis\u00f3 que &#8220;Espa\u00f1a no va a tolerar la instrumentalizaci\u00f3n de la tragedia de la inmigraci\u00f3n irregular como arma de presi\u00f3n&#8221;.<\/strong><\/p>\n<p>La mejora de las relaciones con Marruecos, plataforma de salida de la mayor\u00eda de los inmigrantes irregulares que llegan a las costas espa\u00f1olas, provoc\u00f3 un descenso de las llegadas.<\/p>\n<blockquote class><p>La normalizaci\u00f3n de las relaciones entre Rabat y Madrid permiti\u00f3 la reapertura en mayo de los pasos fronterizos entre Marruecos y Ceuta y Melilla<\/p><\/blockquote>\n<p>As\u00ed, <strong>la cantidad de emigrantes que arribaron en abril a las costas del archipi\u00e9lago espa\u00f1ol de Canarias, primer mes de la vuelta a la normalidad bilateral, fue ya un 70% menor que en febrero<\/strong>, seg\u00fan datos del Ministerio del Interior espa\u00f1ol.<\/p>\n<p>Madrid, que ser\u00e1 sede de la cumbre de la OTAN la semana que viene, del 28 al 30 de junio, abordar\u00e1 con sus aliados el tema de la emigraci\u00f3n irregular como instrumento de presi\u00f3n entre pa\u00edses, como &#8220;amenaza h\u00edbrida&#8221;, no convencional.<\/p>\n<p>El ministro de Relaciones Exteriores espa\u00f1ol, Jos\u00e9 Manuel Albares, explic\u00f3 esta semana que la demanda espa\u00f1ola de que la OTAN aborde las amenazas de su flanco sur, durante la cumbre de Madrid, no deber\u00eda inquietar a sus vecinos meridionales.<\/p>\n<p>&#8220;Nadie puede sentirse directamente observado o se\u00f1alado. No va contra ning\u00fan pa\u00eds, sino all\u00e1 donde se den&#8221; esas amenazas, dijo Albares a la prensa.<\/p>\n<p>En cualquier caso,<strong> la normalizaci\u00f3n de las relaciones entre Rabat y Madrid permiti\u00f3 la reapertura en mayo de los pasos fronterizos entre Marruecos y Ceuta y Melilla. La reapertura estuvo precedida de una visita de S\u00e1nchez a Rabat.<\/strong><\/p>\n<p>Ceuta y Melilla constituyen las dos \u00fanicas fronteras terrestres entre la UE y el continente africano, y miles y miles de emigrantes subsaharianos sue\u00f1an con alcanzarlas como primer paso para su instalaci\u00f3n en Europa. <\/p>\n","protected":false},"excerpt":{"rendered":"<p>Intentaron cruzar la frontera espa\u00f1ola con Marruecos en Melilla. (Foto: AFP). Unas 2.000 personas intentaron cruzar la frontera espa\u00f1ola con Marruecos en Melilla y apenas algo m\u00e1s de un centenar logr\u00f3 hacerlo, en el primer gran intento de este tipo desde la normalizaci\u00f3n de las relaciones entre Espa\u00f1a y Marruecos. &#8220;Cerca de 2.000 migrantes iniciaron [&hellip;]<\/p>\n","protected":false},"author":1,"featured_media":65465,"comment_status":"closed","ping_status":"closed","sticky":false,"template":"","format":"standard","meta":[],"categories":[24],"tags":[],"_links":{"self":[{"href":"http:\/\/cordobadirecto.com\/index.php\/wp-json\/wp\/v2\/posts\/65464"}],"collection":[{"href":"http:\/\/cordobadirecto.com\/index.php\/wp-json\/wp\/v2\/posts"}],"about":[{"href":"http:\/\/cordobadirecto.com\/index.php\/wp-json\/wp\/v2\/types\/post"}],"author":[{"embeddable":true,"href":"http:\/\/cordobadirecto.com\/index.php\/wp-json\/wp\/v2\/users\/1"}],"replies":[{"embeddable":true,"href":"http:\/\/cordobadirecto.com\/index.php\/wp-json\/wp\/v2\/comments?post=65464"}],"version-history":[{"count":0,"href":"http:\/\/cordobadirecto.com\/index.php\/wp-json\/wp\/v2\/posts\/65464\/revisions"}],"wp:featuredmedia":[{"embeddable":true,"href":"http:\/\/cordobadirecto.com\/index.php\/wp-json\/wp\/v2\/media\/65465"}],"wp:attachment":[{"href":"http:\/\/cordobadirecto.com\/index.php\/wp-json\/wp\/v2\/media?parent=65464"}],"wp:term":[{"taxonomy":"category","embeddable":true,"href":"http:\/\/cordobadirecto.com\/index.php\/wp-json\/wp\/v2\/categories?post=65464"},{"taxonomy":"post_tag","embeddable":true,"href":"http:\/\/cordobadirecto.com\/index.php\/wp-json\/wp\/v2\/tags?post=65464"}],"curies":[{"name":"wp","href":"https:\/\/api.w.org\/{rel}","templated":true}]}}