{"id":65572,"date":"2022-06-24T11:47:11","date_gmt":"2022-06-24T11:47:11","guid":{"rendered":"https:\/\/cordoba.gob.ar\/?p=27048"},"modified":"2022-06-24T11:47:11","modified_gmt":"2022-06-24T11:47:11","slug":"se-presento-la-muestra-fotografica-la-ruta-del-mar-egeo","status":"publish","type":"post","link":"http:\/\/cordobadirecto.com\/index.php\/2022\/06\/24\/se-presento-la-muestra-fotografica-la-ruta-del-mar-egeo\/","title":{"rendered":"Se present\u00f3 la muestra fotogr\u00e1fica \u201cLa ruta del mar Egeo\u201d"},"content":{"rendered":"<div><img src=\"http:\/\/cordobadirecto.com\/wp-content\/uploads\/2022\/06\/se-presento-la-muestra-fotografica-la-ruta-del-mar-egeo.jpg\" class=\"ff-og-image-inserted\"><\/div>\n<ul>\n<li><strong>En el marco del D\u00eda Mundial de los Refugiados, el Centro de Atenci\u00f3n a Personas Migrantes y Refugiadas realiz\u00f3 la puesta en escena de una muestra fotogr\u00e1fica.<\/strong><\/li>\n<li><strong>Se podr\u00e1 visitar de manera gratuita desde el 23 de junio hasta el 1 de julio de 9 a 17 horas en la sede ubicada en Caseros 356.<\/strong><\/li>\n<li><strong>Las fotograf\u00edas expuestas pertenecen a Mat\u00edas Quirno Costa y abarcan diferentes conflictos de Oriente Medio y Norte de \u00c1frica y su repercusi\u00f3n en Europa.<\/strong><\/li>\n<\/ul>\n<hr>\n<p>El Centro de Atenci\u00f3n a Personas Migrantes y Refugiadas (CAPeM), dependiente de la Municipalidad de C\u00f3rdoba, present\u00f3 la muestra fotogr\u00e1fica \u201cLa ruta del mar Egeo\u201d, perteneciente al fot\u00f3grafo Mat\u00edas Quirno Acosta.<\/p>\n<p>Las fotograf\u00edas estar\u00e1n expuestas desde el 23 de junio hasta el 1 de julio en la sede del CAPeM, ubicado en Caseros 356. Estar\u00e1 abierta a todo p\u00fablico de manera gratuita y se podr\u00e1 visitar en el horario de 09:00 a 17:00 horas, con capacidad limitada de 120 personas en el sal\u00f3n.<\/p>\n<p>La tem\u00e1tica ronda en torno a los diferentes conflictos de Oriente Medio y Norte de \u00c1frica y su repercusi\u00f3n en Europa a trav\u00e9s del retrato de los rostros de v\u00edctimas civiles del terrorismo y conflictos b\u00e9licos y de las personas que arriesgan sus vidas para ayudar a quienes quedaron abandonados por desidia de los gobiernos y entidades oficiales.<\/p>\n<p>As\u00ed, expone la realidad injusta de millones de personas que huyen de la guerra y abandonan sus hogares para sobrevivir y lograr una vida digna.<\/p>\n<p>Durante la actividad, estuvieron presentes funcionarios municipales, referentes de distintas colectividades, representantes de la agencia de la ONU Argentina (ACNUR) y migrantes. Al mismo tiempo, el destacado periodista especializado en pol\u00edtica internacional y derechos humanos, Mariano Saravia, condujo la apertura de la muestra desde Ucrania.<\/p>\n<p>En este marco, la secretaria de Planeamiento, Modernizaci\u00f3n y Relaciones Internacionales, Alejandra Torres manifest\u00f3: <em>\u201cPara nosotros representa un gran desaf\u00edo poder brindar una respuesta adecuada, urgente, eficiente y sostenible en el tiempo. Somos los gobiernos locales quienes afrontamos el desarrollo e implementaci\u00f3n de pol\u00edticas p\u00fablicas de impacto directo, para la asistencia de esta poblaci\u00f3n que se encuentra en situaci\u00f3n de extrema vulnerabilidad<\/em>\u201d.<\/p>\n","protected":false},"excerpt":{"rendered":"<p>En el marco del D\u00eda Mundial de los Refugiados, el Centro de Atenci\u00f3n a Personas Migrantes y Refugiadas realiz\u00f3 la puesta en escena de una muestra fotogr\u00e1fica. Se podr\u00e1 visitar de manera gratuita desde el 23 de junio hasta el 1 de julio de 9 a 17 horas en la sede ubicada en Caseros 356. [&hellip;]<\/p>\n","protected":false},"author":1,"featured_media":65573,"comment_status":"closed","ping_status":"closed","sticky":false,"template":"","format":"standard","meta":[],"categories":[44],"tags":[],"_links":{"self":[{"href":"http:\/\/cordobadirecto.com\/index.php\/wp-json\/wp\/v2\/posts\/65572"}],"collection":[{"href":"http:\/\/cordobadirecto.com\/index.php\/wp-json\/wp\/v2\/posts"}],"about":[{"href":"http:\/\/cordobadirecto.com\/index.php\/wp-json\/wp\/v2\/types\/post"}],"author":[{"embeddable":true,"href":"http:\/\/cordobadirecto.com\/index.php\/wp-json\/wp\/v2\/users\/1"}],"replies":[{"embeddable":true,"href":"http:\/\/cordobadirecto.com\/index.php\/wp-json\/wp\/v2\/comments?post=65572"}],"version-history":[{"count":0,"href":"http:\/\/cordobadirecto.com\/index.php\/wp-json\/wp\/v2\/posts\/65572\/revisions"}],"wp:featuredmedia":[{"embeddable":true,"href":"http:\/\/cordobadirecto.com\/index.php\/wp-json\/wp\/v2\/media\/65573"}],"wp:attachment":[{"href":"http:\/\/cordobadirecto.com\/index.php\/wp-json\/wp\/v2\/media?parent=65572"}],"wp:term":[{"taxonomy":"category","embeddable":true,"href":"http:\/\/cordobadirecto.com\/index.php\/wp-json\/wp\/v2\/categories?post=65572"},{"taxonomy":"post_tag","embeddable":true,"href":"http:\/\/cordobadirecto.com\/index.php\/wp-json\/wp\/v2\/tags?post=65572"}],"curies":[{"name":"wp","href":"https:\/\/api.w.org\/{rel}","templated":true}]}}