{"id":65777,"date":"2022-06-24T14:04:32","date_gmt":"2022-06-24T14:04:32","guid":{"rendered":"https:\/\/cordoba.gob.ar\/?p=27053"},"modified":"2022-06-24T14:04:32","modified_gmt":"2022-06-24T14:04:32","slug":"este-finde-recibe-el-invierno-con-diversas-propuestas-en-la-ciudad","status":"publish","type":"post","link":"http:\/\/cordobadirecto.com\/index.php\/2022\/06\/24\/este-finde-recibe-el-invierno-con-diversas-propuestas-en-la-ciudad\/","title":{"rendered":"Este \u201cfinde\u201d recibe el invierno con diversas propuestas en la ciudad"},"content":{"rendered":"<div><img src=\"http:\/\/cordobadirecto.com\/wp-content\/uploads\/2022\/06\/este-finde-recibe-el-invierno-con-diversas-propuestas-en-la-ciudad.jpg\" class=\"ff-og-image-inserted\"><\/div>\n<ul>\n<li><strong>La Agenda Cultural y Recreativa invita a disfrutar de la nueva temporada invernal con actividades en ferias, centros culturales, costanera, museos, cementerio, cine y visitas guiadas.<\/strong><\/li>\n<li><strong>Son actividades abiertas al p\u00fablico general y con acceso gratuito.<\/strong><\/li>\n<\/ul>\n<hr>\n<p>Este \u201cfinde\u201d la Municipalidad de C\u00f3rdoba estrena la temporada invernal con novedosas propuestas para disfrutar la ciudad.<\/p>\n<p>La Agenda Cultural y Recreativa propone actividades para todas las edades y abiertas a la comunidad.<\/p>\n<p>Este s\u00e1bado, se podr\u00e1 recorrer el Cementerio San Jer\u00f3nimo con dos visitas guiadas tem\u00e1ticas y gratuitas: \u201cReformas y Revoluciones Cordobesas\u201d y \u201cArquitectura. Civilizaciones de la Antig\u00fcedad\u201d, las cuales requieren previa inscripci\u00f3n y son con cupos limitados.<\/p>\n<p>La propuesta que se realiza todos los s\u00e1bados, junto a los diez paseos fijos cuyas tem\u00e1ticas son variadas.<\/p>\n<p>Por otra parte, el domingo 26 a las 10.30 h, se realizar\u00e1 una caminata ambiental para toda la familia por los m\u00e1rgenes del r\u00edo Suqu\u00eda.<\/p>\n<p>El evento es de car\u00e1cter mundial ya que re\u00fane, en junio, a miles de personas que caminan para crear conciencia en m\u00e1s de 60 ciudades de Am\u00e9rica del Norte y Am\u00e9rica del Sur. En esta oportunidad la Municipalidad se suma a la caminata mundial que tendr\u00e1 a la ciudad como una de las sedes para concientizar sobre la degradaci\u00f3n de los suelos.<\/p>\n<p>La actividad es totalmente gratuita y requiere previa inscripci\u00f3n.<\/p>\n<p>Adem\u00e1s, el Centro de Atenci\u00f3n a Personas Migrantes y Refugiadas (CAPeM) inaugur\u00f3 la muestra fotogr\u00e1fica \u201cLa ruta del mar Egeo\u201d, que podr\u00e1 visitarse de manera gratuita hasta el 1 de julio, de 9 a 17 h.<\/p>\n<p>Durante todo el \u201cfinde\u201d, contin\u00faan las funciones en el Cineclub Municipal con los estrenos y cl\u00e1sicos, a la vez que los centros culturales y museos municipales brindar\u00e1n propuestas abiertas para todo p\u00fablico.<\/p>\n<p>Las Ferias de la Econom\u00eda Popular y las de barrio G\u00fcemes, son otra opci\u00f3n para recorrer la ciudad y visitar los stands que exhiben productos artesanales.<\/p>\n<p>El comienzo del invierno se disfruta con estas propuestas que invita la Agenda Cultural y Recreativa Municipal, y muchas m\u00e1s, que se pueden conocer ingresando en el siguiente archivo: <a href=\"https:\/\/cordoba.gob.ar\/wp-content\/uploads\/2022\/06\/Agenda-Cultural-y-Recreativa-24-25-y-26-de-junio-1.pdf\">Agenda Cultural y Recreativa 24, 25 y 26 de junio<\/a><\/p>\n","protected":false},"excerpt":{"rendered":"<p>La Agenda Cultural y Recreativa invita a disfrutar de la nueva temporada invernal con actividades en ferias, centros culturales, costanera, museos, cementerio, cine y visitas guiadas. Son actividades abiertas al p\u00fablico general y con acceso gratuito. Este \u201cfinde\u201d la Municipalidad de C\u00f3rdoba estrena la temporada invernal con novedosas propuestas para disfrutar la ciudad. La Agenda [&hellip;]<\/p>\n","protected":false},"author":1,"featured_media":65778,"comment_status":"closed","ping_status":"closed","sticky":false,"template":"","format":"standard","meta":[],"categories":[44],"tags":[],"_links":{"self":[{"href":"http:\/\/cordobadirecto.com\/index.php\/wp-json\/wp\/v2\/posts\/65777"}],"collection":[{"href":"http:\/\/cordobadirecto.com\/index.php\/wp-json\/wp\/v2\/posts"}],"about":[{"href":"http:\/\/cordobadirecto.com\/index.php\/wp-json\/wp\/v2\/types\/post"}],"author":[{"embeddable":true,"href":"http:\/\/cordobadirecto.com\/index.php\/wp-json\/wp\/v2\/users\/1"}],"replies":[{"embeddable":true,"href":"http:\/\/cordobadirecto.com\/index.php\/wp-json\/wp\/v2\/comments?post=65777"}],"version-history":[{"count":0,"href":"http:\/\/cordobadirecto.com\/index.php\/wp-json\/wp\/v2\/posts\/65777\/revisions"}],"wp:featuredmedia":[{"embeddable":true,"href":"http:\/\/cordobadirecto.com\/index.php\/wp-json\/wp\/v2\/media\/65778"}],"wp:attachment":[{"href":"http:\/\/cordobadirecto.com\/index.php\/wp-json\/wp\/v2\/media?parent=65777"}],"wp:term":[{"taxonomy":"category","embeddable":true,"href":"http:\/\/cordobadirecto.com\/index.php\/wp-json\/wp\/v2\/categories?post=65777"},{"taxonomy":"post_tag","embeddable":true,"href":"http:\/\/cordobadirecto.com\/index.php\/wp-json\/wp\/v2\/tags?post=65777"}],"curies":[{"name":"wp","href":"https:\/\/api.w.org\/{rel}","templated":true}]}}