{"id":65968,"date":"2022-06-23T15:20:34","date_gmt":"2022-06-23T15:20:34","guid":{"rendered":"https:\/\/es.digitaltrends.com\/?p=948447"},"modified":"2022-06-23T15:20:34","modified_gmt":"2022-06-23T15:20:34","slug":"instagram-quiere-escanear-tu-rostro-para-verificar-tu-edad","status":"publish","type":"post","link":"http:\/\/cordobadirecto.com\/index.php\/2022\/06\/23\/instagram-quiere-escanear-tu-rostro-para-verificar-tu-edad\/","title":{"rendered":"Instagram quiere escanear tu rostro para verificar tu edad"},"content":{"rendered":"<p>En&nbsp;<a href=\"https:\/\/es.digitaltrends.com\/sociales\/instagram-publicaciones-colaborativas-collabs\/\"><strong>Instagram<\/strong><\/a> est\u00e1n preocupados por la masificaci\u00f3n de perfiles de menores de edad, por eso anunci\u00f3 que desde ahora utilizar\u00e1 sistemas de reconocimiento facial por IA y selfies de video para verificaci\u00f3n de identidad antes de hacerse una cuenta.<\/p>\n<p>As\u00ed es como funcionar\u00e1. Cuando un usuario de Instagram intenta editar su fecha de nacimiento en el servicio para que tenga 18 a\u00f1os o m\u00e1s, Instagram le pedir\u00e1 que verifique su edad. Habr\u00e1 varias maneras de hacer esto, incluyendo cargar una identificaci\u00f3n o pedir a tres amigos en com\u00fan que verifiquen su edad.<\/p>\n<figure class=\"alignnone\"><img src=\"http:\/\/cordobadirecto.com\/wp-content\/uploads\/2022\/06\/instagram-quiere-escanear-tu-rostro-para-verificar-tu-edad.gif\" data-dt-lazy-src=\"https:\/\/es.digitaltrends.com\/wp-content\/uploads\/2022\/06\/Captura-web_23-6-2022_111319_mashable.com_.jpeg?fit=720%2C403&amp;p=1\" onerror=\"dti_load_error(this)\" class=\" size-large wp-image-948453 dt-lazy-load dt-lazy-pending\" alt><\/figure>\n<p>La forma m\u00e1s interesante de hacer esto, sin embargo, es subir un video selfie. Instagram luego entregar\u00e1 el video a su socio, Yoti, una compa\u00f1\u00eda que utiliza IA para verificar la edad del usuario.<\/p>\n<p>Instagram dice que Yoti entrena a su IA en \u00abim\u00e1genes an\u00f3nimas de diversas personas de todo el mundo que han permitido de manera transparente que Yoti use sus datos y que pueden pedirle a Yoti que elimine sus datos en cualquier momento\u00bb. Y para las personas menores de 13 a\u00f1os, Yoti recopil\u00f3 datos con padres o tutores que dieron su consentimiento expl\u00edcito.<\/p>\n<p>Seg\u00fan un documento de \u00ablibro blanco\u00bb publicado en su sitio web,&nbsp;<a href=\"https:\/\/www.yoti.com\/blog\/yoti-age-white-paper\/\">Yoti dice<\/a>&nbsp;que su IA tiene una tasa de precisi\u00f3n de 2.96 a\u00f1os para personas de 6 a 70 a\u00f1os (lo que significa que eso es cu\u00e1nto errar\u00e1, en promedio), y esta tasa de precisi\u00f3n mejora para grupos de edad m\u00e1s estrechos. La compa\u00f1\u00eda tambi\u00e9n dice que los usuarios no son identificables individualmente, y que el sesgo de g\u00e9nero y tono de piel se \u00abminimiza\u00bb.<\/p>\n<h4 class=\"b-editors-recs-title h-editors-recs-title\"> Recomendaciones del editor\t<\/h4>\n<p> <span id=\"publisher-md\" itemprop=\"publisher\" itemscope itemtype=\"https:\/\/schema.org\/Organization\"> <span itemprop=\"url\" itemtype=\"https:\/\/schema.org\/Url\" content=\"https:\/\/es.digitaltrends.com\"> <span itemprop=\"logo\" itemscope itemtype=\"https:\/\/schema.org\/ImageObject\"> <meta itemprop=\"url\" content=\"https:\/\/cdn.dtcn.com\/dt\/dt-logo-small.png\"> <meta itemprop=\"width\" content=\"0\"> <meta itemprop=\"height\" content=\"0\"> <\/span> <meta itemprop=\"name\" content=\"Digital Trends Espa\u00f1ol\"> <\/span> <span itemprop=\"image\" itemscope itemtype=\"https:\/\/schema.org\/ImageObject\"> <meta itemprop=\"url\" content=\"https:\/\/es.digitaltrends.com\/wp-content\/uploads\/2022\/06\/Captura-web_23-6-2022_111319_mashable.com_.jpeg?p=1\"> <\/span> <\/span><\/p>\n","protected":false},"excerpt":{"rendered":"<p>En&nbsp;Instagram est\u00e1n preocupados por la masificaci\u00f3n de perfiles de menores de edad, por eso anunci\u00f3 que desde ahora utilizar\u00e1 sistemas de reconocimiento facial por IA y selfies de video para verificaci\u00f3n de identidad antes de hacerse una cuenta. As\u00ed es como funcionar\u00e1. Cuando un usuario de Instagram intenta editar su fecha de nacimiento en el [&hellip;]<\/p>\n","protected":false},"author":1,"featured_media":65969,"comment_status":"closed","ping_status":"closed","sticky":false,"template":"","format":"standard","meta":[],"categories":[26],"tags":[],"_links":{"self":[{"href":"http:\/\/cordobadirecto.com\/index.php\/wp-json\/wp\/v2\/posts\/65968"}],"collection":[{"href":"http:\/\/cordobadirecto.com\/index.php\/wp-json\/wp\/v2\/posts"}],"about":[{"href":"http:\/\/cordobadirecto.com\/index.php\/wp-json\/wp\/v2\/types\/post"}],"author":[{"embeddable":true,"href":"http:\/\/cordobadirecto.com\/index.php\/wp-json\/wp\/v2\/users\/1"}],"replies":[{"embeddable":true,"href":"http:\/\/cordobadirecto.com\/index.php\/wp-json\/wp\/v2\/comments?post=65968"}],"version-history":[{"count":0,"href":"http:\/\/cordobadirecto.com\/index.php\/wp-json\/wp\/v2\/posts\/65968\/revisions"}],"wp:featuredmedia":[{"embeddable":true,"href":"http:\/\/cordobadirecto.com\/index.php\/wp-json\/wp\/v2\/media\/65969"}],"wp:attachment":[{"href":"http:\/\/cordobadirecto.com\/index.php\/wp-json\/wp\/v2\/media?parent=65968"}],"wp:term":[{"taxonomy":"category","embeddable":true,"href":"http:\/\/cordobadirecto.com\/index.php\/wp-json\/wp\/v2\/categories?post=65968"},{"taxonomy":"post_tag","embeddable":true,"href":"http:\/\/cordobadirecto.com\/index.php\/wp-json\/wp\/v2\/tags?post=65968"}],"curies":[{"name":"wp","href":"https:\/\/api.w.org\/{rel}","templated":true}]}}