{"id":66396,"date":"2022-06-29T20:11:58","date_gmt":"2022-06-29T20:11:58","guid":{"rendered":"http:\/\/cordobadirecto.com\/index.php\/2022\/06\/29\/liberan-a-dos-de-los-tres-hinchas-de-boca-detenidos-por-racismo-en-san-pablo\/"},"modified":"2022-06-29T20:11:58","modified_gmt":"2022-06-29T20:11:58","slug":"liberan-a-dos-de-los-tres-hinchas-de-boca-detenidos-por-racismo-en-san-pablo","status":"publish","type":"post","link":"http:\/\/cordobadirecto.com\/index.php\/2022\/06\/29\/liberan-a-dos-de-los-tres-hinchas-de-boca-detenidos-por-racismo-en-san-pablo\/","title":{"rendered":"Liberan a dos de los tres hinchas de Boca detenidos por racismo en San Pablo"},"content":{"rendered":"<figure class=\"mb-3\"><img loading=\"lazy\" src=\"http:\/\/cordobadirecto.com\/wp-content\/uploads\/2022\/06\/liberan-a-dos-de-los-tres-hinchas-de-boca-detenidos-por-racismo-en-san-pablo.jpg\" width=\"100%\" height=\"100%\" alt=\"Los detenidos haban sido imputados del delito de injuria racial\"><figcaption> Los detenidos hab\u00edan sido imputados del delito de injuria racial. <\/figcaption><\/figure>\n<p>Dos de los tres argentinos detenidos por racismo en Brasil en el partido Boca Juniors-Corinthians, por la Copa Libertadores de Am\u00e9rica, <strong>pagaron 4.000 d\u00f3lares de fianza cada uno para lograr la liberaci\u00f3n y regresar a Buenos Aires<\/strong>, inform\u00f3 hoy a T\u00e9lam una fuente policial.<\/p>\n<p>Seg\u00fan el vocero, los dos hinchas a los que se les abri\u00f3 un proceso por injurias racistas y racismo fueron liberados por el juez de turno <strong>luego de haber pasado la jornada detenidos en una sede carcelaria de la polic\u00eda paulista<\/strong>, mientras que el tercer detenido, un argentino residente en San Pablo, no pudo salir por carecer de recursos.<\/p>\n<blockquote class=\"twitter-tweet\" readability=\"6.3411371237458\">\n<p lang=\"es\" dir=\"ltr\">Tres hinchas de Boca quedaron detenidos en San Pablo acusados de actos racistas<\/p>\n<p>Dos de los detenidos fueron imputados del delito de injuria racial luego de haber sido filmados por hinchas de Corinthians<a href=\"https:\/\/t.co\/e4oXqVqF1K\">https:\/\/t.co\/e4oXqVqF1K<\/a> <a href=\"https:\/\/t.co\/xSqeiQJFIp\">pic.twitter.com\/xSqeiQJFIp<\/a><\/p>\n<p>\u2014 Agencia T\u00e9lam (@AgenciaTelam) <a href=\"https:\/\/twitter.com\/AgenciaTelam\/status\/1542150394687541248?ref_src=twsrc%5Etfw\">June 29, 2022<\/a><\/p><\/blockquote>\n<p>Los detenidos hab\u00edan sido imputados del delito de injuria racial luego de haber sido filmados por hinchas de Corinthians imitando gestos de un mono contra los brasile\u00f1os.<\/p>\n<figure class=\"mb-3\"><img loading=\"lazy\" src=\"http:\/\/cordobadirecto.com\/wp-content\/uploads\/2022\/06\/liberan-a-dos-de-los-tres-hinchas-de-boca-detenidos-por-racismo-en-san-pablo-1.jpg\" width=\"100%\" height=\"100%\" alt=\"Los detenidos pasaron la jornada en una sede carcelaria de la polica paulista\"><figcaption> Los detenidos pasaron la jornada en una sede carcelaria de la polic\u00eda paulista. <\/figcaption><\/figure>\n<p>Las denuncias en la comisar\u00eda del estadio ocurrieron en forma similar: hinchas de Corinthians que filmaron a los de Boca en la tribuna visitante cuando comet\u00edan las agresiones gestuales, y que entregaron los videos a la Polic\u00eda y al juzgado que interviene en el partido, con lo cual se abrieron causas contra los hinchas boquenses.<\/p>\n<figure class=\"mb-3\"><img loading=\"lazy\" src=\"http:\/\/cordobadirecto.com\/wp-content\/uploads\/2022\/06\/liberan-a-dos-de-los-tres-hinchas-de-boca-detenidos-por-racismo-en-san-pablo-2.jpg\" width=\"100%\" height=\"100%\" alt=\"Los detenidos pasaron la jornada en una sede carcelaria de la polica paulista\"><figcaption> Los detenidos pasaron la jornada en una sede carcelaria de la polic\u00eda paulista. <\/figcaption><\/figure>\n<p>En abril pasado, durante la visita de Boca a San Pablo para enfrentar a Corinthians por la fase de grupos, un hincha boquense hab\u00eda sido detenido por haber imitado a un mono dirigi\u00e9ndose a los brasile\u00f1os, en una clara agresi\u00f3n racista.<\/p>\n<p>En esa oportunidad, el pago de una fianza de 600 d\u00f3lares (3.000 reales) liber\u00f3 en el acto al hincha, un comerciante mendocino que hab\u00eda viajado para presenciar el partido.<\/p>\n<p>&#8220;<strong>Decidimos elevar la fianza porque esta Copa Libertadores se ha convertido en un escenario de injuria racial<\/strong> como hace mucho tiempo no se ve\u00eda&#8221;, dijo a T\u00e9lam el comisario de Grandes Eventos de la Polic\u00eda paulista, C\u00e9zar Saadi, a cargo del operativo de seguridad de anoche en el estadio de Corinthians.<\/p>\n<figure class=\"mb-3\"><img loading=\"lazy\" src=\"http:\/\/cordobadirecto.com\/wp-content\/uploads\/2022\/06\/liberan-a-dos-de-los-tres-hinchas-de-boca-detenidos-por-racismo-en-san-pablo-3.jpg\" width=\"100%\" height=\"100%\" alt=\"Varios hinchas de Boca dijeron haber sido maltratados por la Polica en la llegada al estadio\"><figcaption> Varios hinchas de Boca dijeron haber sido maltratados por la Polic\u00eda en la llegada al estadio. <\/figcaption><\/figure>\n<p>Un abogado defensor oficial del fuero criminal paulista actu\u00f3 como representante legal de los argentinos detenidos, mientras que personal del consulado argentino en San Pablo acompa\u00f1\u00f3 todos los procedimientos.<\/p>\n<p><strong>El lunes pasado, Boca fuera multado por la Conmebol con el pago de 100.000 d\u00f3lares, justamente por agravios racistas<\/strong> realizados por hinchas &#8220;xeneizes&#8221; a parciales de Corinthians, acontecidos durante el encuentro de mayo pasado en La Bombonera, por la Zona E de la fase de grupos de esta Copa Libertadores.<\/p>\n<p>El esc\u00e1ndalo por racismo ocurri\u00f3 luego de que el \u00f3mnibus que transportaba al plantel y dirigentes de Boca desde el hotel hacia el estadio fuera blanco de piedrazos que rompieron uno de los vidrios.<\/p>\n<p>Adem\u00e1s, <strong>varios hinchas de Boca relataron a T\u00e9lam que fueron maltratados por la Polic\u00eda en la llegada al estadio<\/strong>, inaugurado para el Mundial 2014 y donde la Selecci\u00f3n argentina venci\u00f3 la semifinal por penales ante Pa\u00edses Bajos en aquel certamen.<\/p>\n","protected":false},"excerpt":{"rendered":"<p>Los detenidos hab\u00edan sido imputados del delito de injuria racial. Dos de los tres argentinos detenidos por racismo en Brasil en el partido Boca Juniors-Corinthians, por la Copa Libertadores de Am\u00e9rica, pagaron 4.000 d\u00f3lares de fianza cada uno para lograr la liberaci\u00f3n y regresar a Buenos Aires, inform\u00f3 hoy a T\u00e9lam una fuente policial. Seg\u00fan [&hellip;]<\/p>\n","protected":false},"author":1,"featured_media":66397,"comment_status":"closed","ping_status":"closed","sticky":false,"template":"","format":"standard","meta":[],"categories":[21],"tags":[],"_links":{"self":[{"href":"http:\/\/cordobadirecto.com\/index.php\/wp-json\/wp\/v2\/posts\/66396"}],"collection":[{"href":"http:\/\/cordobadirecto.com\/index.php\/wp-json\/wp\/v2\/posts"}],"about":[{"href":"http:\/\/cordobadirecto.com\/index.php\/wp-json\/wp\/v2\/types\/post"}],"author":[{"embeddable":true,"href":"http:\/\/cordobadirecto.com\/index.php\/wp-json\/wp\/v2\/users\/1"}],"replies":[{"embeddable":true,"href":"http:\/\/cordobadirecto.com\/index.php\/wp-json\/wp\/v2\/comments?post=66396"}],"version-history":[{"count":0,"href":"http:\/\/cordobadirecto.com\/index.php\/wp-json\/wp\/v2\/posts\/66396\/revisions"}],"wp:featuredmedia":[{"embeddable":true,"href":"http:\/\/cordobadirecto.com\/index.php\/wp-json\/wp\/v2\/media\/66397"}],"wp:attachment":[{"href":"http:\/\/cordobadirecto.com\/index.php\/wp-json\/wp\/v2\/media?parent=66396"}],"wp:term":[{"taxonomy":"category","embeddable":true,"href":"http:\/\/cordobadirecto.com\/index.php\/wp-json\/wp\/v2\/categories?post=66396"},{"taxonomy":"post_tag","embeddable":true,"href":"http:\/\/cordobadirecto.com\/index.php\/wp-json\/wp\/v2\/tags?post=66396"}],"curies":[{"name":"wp","href":"https:\/\/api.w.org\/{rel}","templated":true}]}}