{"id":66429,"date":"2022-06-29T18:32:17","date_gmt":"2022-06-29T18:32:17","guid":{"rendered":"https:\/\/cordoba.gob.ar\/?p=27670"},"modified":"2022-06-29T18:32:17","modified_gmt":"2022-06-29T18:32:17","slug":"la-municipalidad-realizo-la-primera-expo-cordobapreviene","status":"publish","type":"post","link":"http:\/\/cordobadirecto.com\/index.php\/2022\/06\/29\/la-municipalidad-realizo-la-primera-expo-cordobapreviene\/","title":{"rendered":"La Municipalidad realiz\u00f3 la primera Expo #C\u00f3rdobaPreviene"},"content":{"rendered":"<div><img src=\"http:\/\/cordobadirecto.com\/wp-content\/uploads\/2022\/06\/la-municipalidad-realizo-la-primera-expo-cordobapreviene.jpg\" class=\"ff-og-image-inserted\"><\/div>\n<ul>\n<li><strong>El evento se llev\u00f3 a cabo para concientizar sobre el consumo problem\u00e1tico de adicciones.<\/strong><\/li>\n<li><strong>\u201cPor primera vez en la historia la Municipalidad de C\u00f3rdoba se compromete en esta pol\u00edtica p\u00fablica. Estado presente y comunidad organizada estamos dando una respuesta\u201d, afirmo el viceintendente, a cargo del Ejecutivo, Daniel Passerini.<\/strong><\/li>\n<\/ul>\n<hr>\n<p>En el marco de la Semana de la Prevenci\u00f3n de las Adicciones 2022, la Municipalidad de C\u00f3rdoba, por medio de la Direcci\u00f3n de Pol\u00edticas Sociales, realiz\u00f3 por primera vez la Expo #C\u00f3rdobaPreviene.<\/p>\n<p>El evento se realiz\u00f3 con el objetivo de concientizar sobre las problem\u00e1ticas de adicci\u00f3n y as\u00ed visibilizar los distintos espacios de atenci\u00f3n y acompa\u00f1amiento frente al consumo problem\u00e1tico que se llevan a cabo en la ciudad de forma mancomunada entre el Estado municipal, provincial y organizaciones sociales.<\/p>\n<p><em>\u201cPor primera vez en la historia la Municipalidad de C\u00f3rdoba se compromete en esta pol\u00edtica p\u00fablica. Estado presente y comunidad organizada estamos dando una respuesta\u201d<\/em>, afirm\u00f3 el viceintendente, a cargo del Ejecutivo, Daniel Passerini.<\/p>\n<p>Por su parte, el secretario de Salud, Ariel Alexandroff, expres\u00f3 su satisfacci\u00f3n no s\u00f3lo por implementar pol\u00edticas p\u00fablicas que previenen adicciones, sino tambi\u00e9n por desarrollar programas de apoyo a las personas que sufren el flagelo de las adicciones: <em>\u201cCuando llegamos, no hab\u00eda en la Secretar\u00eda Direcci\u00f3n de Salud Mental ni pol\u00edticas sociales de adicciones. Hoy estamos articulando Municipalidad, Provincia y distintas organizaciones en donde el Estado antes estaba ausente\u201d.<\/em><\/p>\n<p><em>\u201cEl Estado y las organizaciones son dos caras de un mismo pueblo\u201d<\/em>, expres\u00f3 Lucas Torrice, director de Pol\u00edticas Sociales en Adicciones.<\/p>\n<p>La \u201cExpo\u201d cont\u00f3 con stands informativos, juegos educativos, n\u00fameros art\u00edsticos, conversatorios, talleres, exposici\u00f3n de productos de la econom\u00eda popular. Adem\u00e1s, se realiz\u00f3 la proyecci\u00f3n del micro documental \u201cCapit\u00e1n\u201d, recientemente presentado en el CineClub Municipal.<\/p>\n<p>La iniciativa reuni\u00f3 a las principales instituciones de salud, comunidades terap\u00e9uticas, organizaciones referentes en el trabajo de las adicciones, movimientos sociales, fundaciones, universidades, iglesias, la secretar\u00eda provincial de Prevenci\u00f3n y Asistencia de las Adicciones, la Secretar\u00eda Provincial de Salud Mental, SEDRONAR, entre otras.<\/p>\n<p>Dichos organismos forman parte del Consejo Municipal de Pol\u00edticas Integrales para la Prevenci\u00f3n de los Consumos Problem\u00e1ticos de Drogas de la ciudad de C\u00f3rdoba (COPIPRED), un espacio de concertaci\u00f3n de distintos actores para discutir, intercambiar y generar pol\u00edticas p\u00fablicas integrales para el consumo problem\u00e1tico de sustancias.<\/p>\n<p><strong>Semana de la Prevenci\u00f3n de las Adicciones<\/strong><\/p>\n<p>La Expo #C\u00f3rdobaPreviene fue el cierre de la Semana de la Prevenci\u00f3n de las Adicciones 2022 que se inici\u00f3 el mi\u00e9rcoles 22 de junio.<\/p>\n<p>Esta iniciativa fue el resultado de un trabajo conjunto entre la Direcci\u00f3n de Pol\u00edticas Sociales en Adicciones de la Municipalidad de C\u00f3rdoba y la Secretaria de Prevenci\u00f3n y Asistencia de las Adicciones de la Provincia en el marco del D\u00eda Internacional de la lucha contra el uso indebido y el tr\u00e1fico il\u00edcito de drogas (26 de junio).<\/p>\n<p>Este a\u00f1o, a lo largo de la semana, se realizaron distintas actividades tales como: Avant Premiere del micro documental \u201cCapit\u00e1n\u201d, lanzamiento del curso de promotores territoriales en adicciones, festival comunitario \u201cEn el Barrio Pasan Cosas Lindas\u201d, Kermesse de la Prevenci\u00f3n, entre otras acciones que se desarrollaron en los distintos espacios de atenci\u00f3n y acompa\u00f1amiento de la ciudad.<\/p>\n","protected":false},"excerpt":{"rendered":"<p>El evento se llev\u00f3 a cabo para concientizar sobre el consumo problem\u00e1tico de adicciones. \u201cPor primera vez en la historia la Municipalidad de C\u00f3rdoba se compromete en esta pol\u00edtica p\u00fablica. Estado presente y comunidad organizada estamos dando una respuesta\u201d, afirmo el viceintendente, a cargo del Ejecutivo, Daniel Passerini. En el marco de la Semana de [&hellip;]<\/p>\n","protected":false},"author":1,"featured_media":66430,"comment_status":"closed","ping_status":"closed","sticky":false,"template":"","format":"standard","meta":[],"categories":[44],"tags":[],"_links":{"self":[{"href":"http:\/\/cordobadirecto.com\/index.php\/wp-json\/wp\/v2\/posts\/66429"}],"collection":[{"href":"http:\/\/cordobadirecto.com\/index.php\/wp-json\/wp\/v2\/posts"}],"about":[{"href":"http:\/\/cordobadirecto.com\/index.php\/wp-json\/wp\/v2\/types\/post"}],"author":[{"embeddable":true,"href":"http:\/\/cordobadirecto.com\/index.php\/wp-json\/wp\/v2\/users\/1"}],"replies":[{"embeddable":true,"href":"http:\/\/cordobadirecto.com\/index.php\/wp-json\/wp\/v2\/comments?post=66429"}],"version-history":[{"count":0,"href":"http:\/\/cordobadirecto.com\/index.php\/wp-json\/wp\/v2\/posts\/66429\/revisions"}],"wp:featuredmedia":[{"embeddable":true,"href":"http:\/\/cordobadirecto.com\/index.php\/wp-json\/wp\/v2\/media\/66430"}],"wp:attachment":[{"href":"http:\/\/cordobadirecto.com\/index.php\/wp-json\/wp\/v2\/media?parent=66429"}],"wp:term":[{"taxonomy":"category","embeddable":true,"href":"http:\/\/cordobadirecto.com\/index.php\/wp-json\/wp\/v2\/categories?post=66429"},{"taxonomy":"post_tag","embeddable":true,"href":"http:\/\/cordobadirecto.com\/index.php\/wp-json\/wp\/v2\/tags?post=66429"}],"curies":[{"name":"wp","href":"https:\/\/api.w.org\/{rel}","templated":true}]}}