{"id":66436,"date":"2022-06-30T07:00:03","date_gmt":"2022-06-30T07:00:03","guid":{"rendered":"http:\/\/cordobadirecto.com\/index.php\/2022\/06\/30\/cine-argentino-en-el-cultural-san-martin-durante-julio\/"},"modified":"2022-06-30T07:00:03","modified_gmt":"2022-06-30T07:00:03","slug":"cine-argentino-en-el-cultural-san-martin-durante-julio","status":"publish","type":"post","link":"http:\/\/cordobadirecto.com\/index.php\/2022\/06\/30\/cine-argentino-en-el-cultural-san-martin-durante-julio\/","title":{"rendered":"Cine argentino en el Cultural San Mart\u00edn durante julio"},"content":{"rendered":"<figure class=\"mb-3\"><img loading=\"lazy\" src=\"http:\/\/cordobadirecto.com\/wp-content\/uploads\/2022\/06\/cine-argentino-en-el-cultural-san-martin-durante-julio.jpg\" width=\"100%\" height=\"100%\" alt=\"Osmar Nez en el thriller Lo habrs imaginado\"><figcaption> Osmar N\u00fa\u00f1ez en el thriller &#8220;Lo habr\u00e1s imaginado&#8221; <\/figcaption><\/figure>\n<p>Los viernes de julio a las 21 se podr\u00e1n ver pel\u00edculas argentinas en el Centro Cultural San Mart\u00edn, que han tenido poca o ninguna funci\u00f3n en pantalla grande debido a las restricciones de la pandemia de la Covid-19, y han sido en su mayor\u00eda dirigidas o producidas por mujeres, en el ciclo <strong>&#8220;Vamos al cine&#8221;<\/strong>,<\/p>\n<p>Este viernes se proyectar\u00e1 <strong>&#8220;Lo habr\u00e1s imaginado&#8221;<\/strong>, de <strong>Victoria Chaya Miranda; &#8220;Ese fin de semana&#8221;, <\/strong>de<strong> Mara Pescio<\/strong>, ir\u00e1 el viernes 8; el 15 ser\u00e1 el turno de <strong>&#8220;Falklinas&#8221;,<\/strong> de<strong> Santiago Garc\u00eda Isler<\/strong>; el 22, <strong>&#8220;Hacer la vida&#8221;,<\/strong> de<strong> Alejandra Marino<\/strong>, y el 29, ser\u00e1 el turno de <strong>&#8220;Husek&#8221;<\/strong> , de <strong>Daniela Seggiaro<\/strong>.<\/p>\n<p>El ciclo, que se desarrolla en Sarmiento 1551, con entrada general a 200 pesos,&nbsp;para estudiantes y jubilados150 ,comenz\u00f3 en junio, y est\u00e1 organizado por la Academia de Artes y Ciencias Cinematogr\u00e1ficas de la Argentina, junto a la Asociaci\u00f3n de Productores Independientes de Medios Audiovisuales Distribuci\u00f3n. <\/p>\n","protected":false},"excerpt":{"rendered":"<p>Osmar N\u00fa\u00f1ez en el thriller &#8220;Lo habr\u00e1s imaginado&#8221; Los viernes de julio a las 21 se podr\u00e1n ver pel\u00edculas argentinas en el Centro Cultural San Mart\u00edn, que han tenido poca o ninguna funci\u00f3n en pantalla grande debido a las restricciones de la pandemia de la Covid-19, y han sido en su mayor\u00eda dirigidas o producidas [&hellip;]<\/p>\n","protected":false},"author":1,"featured_media":66437,"comment_status":"closed","ping_status":"closed","sticky":false,"template":"","format":"standard","meta":[],"categories":[20],"tags":[],"_links":{"self":[{"href":"http:\/\/cordobadirecto.com\/index.php\/wp-json\/wp\/v2\/posts\/66436"}],"collection":[{"href":"http:\/\/cordobadirecto.com\/index.php\/wp-json\/wp\/v2\/posts"}],"about":[{"href":"http:\/\/cordobadirecto.com\/index.php\/wp-json\/wp\/v2\/types\/post"}],"author":[{"embeddable":true,"href":"http:\/\/cordobadirecto.com\/index.php\/wp-json\/wp\/v2\/users\/1"}],"replies":[{"embeddable":true,"href":"http:\/\/cordobadirecto.com\/index.php\/wp-json\/wp\/v2\/comments?post=66436"}],"version-history":[{"count":0,"href":"http:\/\/cordobadirecto.com\/index.php\/wp-json\/wp\/v2\/posts\/66436\/revisions"}],"wp:featuredmedia":[{"embeddable":true,"href":"http:\/\/cordobadirecto.com\/index.php\/wp-json\/wp\/v2\/media\/66437"}],"wp:attachment":[{"href":"http:\/\/cordobadirecto.com\/index.php\/wp-json\/wp\/v2\/media?parent=66436"}],"wp:term":[{"taxonomy":"category","embeddable":true,"href":"http:\/\/cordobadirecto.com\/index.php\/wp-json\/wp\/v2\/categories?post=66436"},{"taxonomy":"post_tag","embeddable":true,"href":"http:\/\/cordobadirecto.com\/index.php\/wp-json\/wp\/v2\/tags?post=66436"}],"curies":[{"name":"wp","href":"https:\/\/api.w.org\/{rel}","templated":true}]}}