{"id":66442,"date":"2022-06-29T20:37:02","date_gmt":"2022-06-29T20:37:02","guid":{"rendered":"https:\/\/www.ole.com.ar\/autos\/piquet-disculpas-hamilton-sancion-f1_0_MMI7jAGX0W.html"},"modified":"2022-06-29T20:37:02","modified_gmt":"2022-06-29T20:37:02","slug":"piquet-se-disculpo-con-hamilton-pero-sera-sancionado-por-la-formula-1","status":"publish","type":"post","link":"http:\/\/cordobadirecto.com\/index.php\/2022\/06\/29\/piquet-se-disculpo-con-hamilton-pero-sera-sancionado-por-la-formula-1\/","title":{"rendered":"Piquet se disculp\u00f3 con Hamilton, pero ser\u00e1 sancionado por la F\u00f3rmula 1"},"content":{"rendered":"<p>Despu\u00e9s de sus<a href=\"https:\/\/www.ole.com.ar\/autos\/comentario-racista-piquet-hamilton-f1_0_Wz2P6Tdcbd.html\" target=\"_blank\" rel=\"noopener\"> declaraciones discriminatorias <\/a>a&nbsp;<a alt=\"lewis-hamilton\" class=\"slug\" href=\"https:\/\/www.ole.com.ar\/tema\/lewis-hamilton.html\" target=\"_blank\" title=\"lewis-hamilton\" rel=\"noopener\">Lewis Hamilton<\/a>, el expiloto<a alt=\"nelson-piquet\" class=\"slug\" href=\"https:\/\/www.ole.com.ar\/tema\/nelson-piquet.html\" target=\"_blank\" title=\"nelson-piquet\" rel=\"noopener\"> Nelson Piquet<\/a>&nbsp;sali\u00f3 a pedirle disculpas al brit\u00e1nico&nbsp;y<strong> aclar\u00f3 que no tuvo ninguna intenci\u00f3n la \u00edndole&nbsp;racial, ni discriminatoria.<\/strong> Pese a esto, la <a alt=\"formula-1\" class=\"slug\" href=\"https:\/\/www.ole.com.ar\/tema\/formula-1.html\" target=\"_blank\" title=\"formula-1\" rel=\"noopener\">F\u00f3rmula 1<\/a>, que en los \u00faltimos meses se ha mostrado en contra del racismo y la xenofobia, habr\u00eda decidido<strong> prohibir de por vida el ingreso del brasilero al paddock, seg\u00fan informaron medios brit\u00e1nicos<\/strong>.<\/p>\n<div class=\"sp__Normal\">\n<div class=\"image-embeb image-trigger\" readability=\"6.5\">\n<picture><source media=\"(min-width: 720px)\" srcset=\"http:\/\/cordobadirecto.com\/wp-content\/uploads\/2022\/06\/piquet-se-disculpo-con-hamilton-pero-sera-sancionado-por-la-formula-1.jpg\"><img itemprop=\"image\" src=\"http:\/\/cordobadirecto.com\/wp-content\/uploads\/2022\/06\/piquet-se-disculpo-con-hamilton-pero-sera-sancionado-por-la-formula-1.jpg\" loading=\"lazy\" alt=\"Hamilton, Jean Alesi y Piquet en el funeral de Niki Lauda.\">\n<\/picture><figcaption readability=\"3\">\n<p>Hamilton, Jean Alesi y Piquet en el funeral de Niki Lauda.\n<\/p>\n<\/figcaption><\/div>\n<\/div>\n<p> Cuando el tricampeon de la categor\u00eda se refiri\u00f3 a Hamilton con el termino \u201cnegrito\u201d, el mundo de la F1 se revolucion\u00f3, hecho que caus\u00f3<strong>&nbsp;que la FIA y el mismo Hamilton tuvieran que salir a expresar su repudio<\/strong>. Ahora, <strong>Piquet emiti\u00f3 un comunicado de disculpas y&nbsp;<\/strong>\u200bse justific\u00f3 al decir que los medios tergiversaron su comentario.<\/p>\n<div class=\"sp__SM\">\n<div class=\"content-new \">\n<span class=\"tit-mobile\">Mir\u00e1 tambi\u00e9n<\/span><\/p>\n<div class=\"mg\">\n<div class=\"wrap-figure\">\n<picture>\n<a href=\"https:\/\/www.ole.com.ar\/autos\/horarios-6-fecha_0_B5q2brsiZ5.html\" target=\"_self\" rel=\"noopener\"><br \/>\n<img class=\"img-responsive\" alt=\"Los horarios de la 6\u00b0 fecha\" src=\"http:\/\/cordobadirecto.com\/wp-content\/uploads\/2022\/06\/piquet-se-disculpo-con-hamilton-pero-sera-sancionado-por-la-formula-1-1.jpg\" loading=\"lazy\"><br \/>\n<\/a>\n<\/picture>\n<\/div>\n<\/div><\/div>\n<\/div>\n<p>Aunque Piquet admiti\u00f3 que lo que dijo \u201c<strong>estaba mal pensado y no lo defiendo<\/strong>\u201d, afirm\u00f3 que el t\u00e9rmino que us\u00f3 \u201c<strong>es uno que se ha usado <\/strong>amplia e hist\u00f3ricamente coloquialmente en portugu\u00e9s brasile\u00f1o <strong>como sin\u00f3nimo de &#8216;chico&#8217; o &#8216;persona<\/strong>&#8216; y nunca tuvo la intenci\u00f3n de ofender\u201d.<\/p>\n<div class=\"sp__Normal\">\n<div class=\"image-embeb image-trigger\" readability=\"7\">\n<picture><source media=\"(min-width: 720px)\" srcset=\"http:\/\/cordobadirecto.com\/wp-content\/uploads\/2022\/06\/piquet-se-disculpo-con-hamilton-pero-sera-sancionado-por-la-formula-1-2.jpg\"><img itemprop=\"image\" src=\"http:\/\/cordobadirecto.com\/wp-content\/uploads\/2022\/06\/piquet-se-disculpo-con-hamilton-pero-sera-sancionado-por-la-formula-1-2.jpg\" loading=\"lazy\" alt=\"Nelson Piquet, campe\u00f3n de la F\u00f3rmula 1 en 1981, 1983 y 1987.\">\n<\/picture><figcaption readability=\"4\">\n<p>Nelson Piquet, campe\u00f3n de la F\u00f3rmula 1 en 1981, 1983 y 1987.\n<\/p>\n<\/figcaption><\/div>\n<\/div>\n<p> Piquet remarc\u00f3&nbsp;que la palabra<strong>&nbsp;&#8220;neguinho&#8221;&nbsp;significa tipo o persona en portugu\u00e9s<\/strong> y no la palabra por la que se le acusa de utilizar lenguaje racista. A ra\u00edz de ello, asegur\u00f3&nbsp;que la traducci\u00f3n al ingl\u00e9s era err\u00f3nea y aprovech\u00f3&nbsp;para <strong>condenar cualquier tipo de comentario o actitud discriminatoria<\/strong> a una persona por su color de piel.<\/p>\n<div class=\"sp__SM\">\n<div class=\"content-new \">\n<span class=\"tit-mobile\">Mir\u00e1 tambi\u00e9n<\/span><\/p>\n<div class=\"mg\">\n<div class=\"wrap-figure\">\n<picture>\n<a href=\"https:\/\/www.ole.com.ar\/tenis\/baez-wimbledon-goffin-derrota_0_fgx0l31Yx4.html\" target=\"_self\" rel=\"noopener\"><br \/>\n<img class=\"img-responsive\" alt=\"B\u00e1ez no pudo seguir avanzando en Wimbledon\" src=\"http:\/\/cordobadirecto.com\/wp-content\/uploads\/2022\/06\/piquet-se-disculpo-con-hamilton-pero-sera-sancionado-por-la-formula-1-3.jpg\" loading=\"lazy\"><br \/>\n<\/a>\n<\/picture>\n<\/div>\n<\/div><\/div>\n<\/div>\n<p> \u201c<strong>La discriminaci\u00f3n no tiene cabida en la F1 ni en la sociedad<\/strong> y estoy feliz de aclarar mis pensamientos al respecto\u201d, fueron las palabras finales del multicampe\u00f3n en 1981, 1983 y 1987. Pese a este intento por calmar las aguas, <strong>la F\u00f3rmula 1 tom\u00f3 cartas en el asunto y analiza anunciar en los pr\u00f3ximos d\u00edas una fuerte sanci\u00f3n.<\/strong><\/p>\n<h2><strong>El comunicado de Nelson Piquet:&nbsp;<\/strong><\/h2>\n<p>&#8220;Quisiera aclarar las historias que circulan en los medios sobre un comentario que hice en una entrevista el a\u00f1o pasado. Lo que dije estuvo mal pensado, y no lo defiendo, pero el t\u00e9rmino utilizado se ha usado&nbsp;amplia e hist\u00f3ricamente de forma coloquial&nbsp;en el portugu\u00e9s brasile\u00f1o como sin\u00f3nimo de &#8216;chico&#8217; o &#8216;persona&#8217; y nunca tuvo la intenci\u00f3n de ofender&#8221;.<\/p>\n<p>&#8220;Nunca usar\u00eda la palabra de la que me han acusado en algunas traducciones. Condeno en\u00e9rgicamente cualquier sugerencia de que la palabra fue utilizada por m\u00ed con el objetivo de menospreciar a un conductor por el color de su piel&#8221;.<\/p>\n<div class=\"sp__SM\">\n<div class=\"content-new \">\n<span class=\"tit-mobile\">Mir\u00e1 tambi\u00e9n<\/span><\/p>\n<div class=\"mg\">\n<div class=\"wrap-figure\">\n<picture>\n<a href=\"https:\/\/www.ole.com.ar\/hockey\/sanchez-moccia-leonas-entrevista-mundial_0_RHEke0bQHP.html\" target=\"_self\" rel=\"noopener\"><br \/>\n<img class=\"img-responsive\" alt=\"S\u00e1nchez Moccia: &quot;Nuestras expectativas son altas&quot;\" src=\"http:\/\/cordobadirecto.com\/wp-content\/uploads\/2022\/06\/piquet-se-disculpo-con-hamilton-pero-sera-sancionado-por-la-formula-1-4.jpg\" loading=\"lazy\"><br \/>\n<\/a>\n<\/picture>\n<\/div>\n<\/div><\/div>\n<\/div>\n<p>&#8220;Pido disculpas de todo coraz\u00f3n a todos los que se vieron afectados, incluido Lewis, que es un conductor incre\u00edble, pero la traducci\u00f3n en algunos medios que ahora circula en las redes sociales no es correcta. La discriminaci\u00f3n no tiene lugar en la F1 ni en la sociedad y estoy feliz de aclarar mis pensamientos al respecto&#8221;.&nbsp;<\/p>\n<h2><strong>Mercedes piensa en la victoria<\/strong><\/h2>\n<p>El jefe t\u00e9cnico de <strong>Mercedes<\/strong>,<strong> James Allison<\/strong>, coment\u00f3 que con las actualizaciones realizadas en los talleres,<strong> las Flechas de Plata cuentan chances reales de ganar en el <\/strong><a target=\"_blank\" href=\"https:\/\/www.ole.com.ar\/autos\/hamilton-silverstone-verstappen-formula1-polemica_5_agJe95HvZ.html\" rel=\"noopener\">GP de Silverstone.<\/a> El equipo alem\u00e1n tiene la esperanza de que se pueda revertir el flojo comienzo al cabo de ocho&nbsp;fechas. Actualmente, e<strong>st\u00e1n terceros en el campeonato de constructores<\/strong>.<\/p>\n<div class=\"sp__Normal\">\n<div class=\"image-embeb image-trigger\" readability=\"6.5\">\n<picture><source media=\"(min-width: 720px)\" srcset=\"http:\/\/cordobadirecto.com\/wp-content\/uploads\/2022\/06\/piquet-se-disculpo-con-hamilton-pero-sera-sancionado-por-la-formula-1-5.jpg\"><img itemprop=\"image\" src=\"http:\/\/cordobadirecto.com\/wp-content\/uploads\/2022\/06\/piquet-se-disculpo-con-hamilton-pero-sera-sancionado-por-la-formula-1-5.jpg\" loading=\"lazy\" alt=\"Hamilton consigui\u00f3 dos terceros puestos, en Bahrain y Canad\u00e1.\">\n<\/picture><figcaption readability=\"3\">\n<p>Hamilton consigui\u00f3 dos terceros puestos, en Bahrain y Canad\u00e1.\n<\/p>\n<\/figcaption><\/div>\n<\/div>\n<p> \u201cNo todo el mundo en la f\u00e1brica se atreve a decirlo, pero <strong>somos cautelosamente optimistas para este fin de semana<\/strong>\u201d, declar\u00f3 Allison a Sky Sports. \u201cS\u00ed podemos configurar el coche para rendir bien en Maggots, Becketts y las otras muchas curvas r\u00e1pidas, <strong>tendremos una buena oportunidad de conseguir un buen resultado<\/strong>\u201d, finaliz\u00f3 el ingeniero brit\u00e1nico.<\/p>\n<div class=\"sp__SM\">\n<div class=\"content-new \">\n<span class=\"tit-mobile\">Mir\u00e1 tambi\u00e9n<\/span><\/p>\n<div class=\"mg\">\n<div class=\"wrap-figure\">\n<picture>\n<a href=\"https:\/\/www.ole.com.ar\/tenis\/djokovic-wimbledon-victoria_0_BZbeJ11xxn.html\" target=\"_self\" rel=\"noopener\"><br \/>\n<img class=\"img-responsive\" alt=\"Djokovic gan\u00f3 y avanza a paso firme en Wimbledon\" src=\"http:\/\/cordobadirecto.com\/wp-content\/uploads\/2022\/06\/piquet-se-disculpo-con-hamilton-pero-sera-sancionado-por-la-formula-1-6.jpg\" loading=\"lazy\"><br \/>\n<\/a>\n<\/picture>\n<\/div>\n<\/div><\/div>\n<\/div>\n<p>La realidad del equipo alem\u00e1n es que despu\u00e9s de liderar la categor\u00eda por los \u00faltimos a\u00f1os, <strong>hoy no tiene ning\u00fan piloto en el podio del torneo<\/strong>. <a alt=\"george-rusell\" class=\"slug\" href=\"https:\/\/www.ole.com.ar\/tema\/george-rusell.html\" target=\"_blank\" title=\"george-rusell\" rel=\"noopener\">George Russell,<\/a> la mejor carta hasta ahora de los alemanes, est\u00e1 cuarto, y el heptacampe\u00f3n<a alt=\"lewis-hamilton\" class=\"slug\" href=\"https:\/\/www.ole.com.ar\/tema\/lewis-hamilton.html\" target=\"_blank\" title=\"lewis-hamilton\" rel=\"noopener\">&nbsp;Hamilton<\/a>, sexto. \u00bfSer\u00e1 este, el fin de semana de Mercedes?<\/p>\n<div class=\"entry-tags\">\n<h2>TEMAS QUE APARECEN EN ESTA NOTA<\/h2>\n<\/p><\/div>\n","protected":false},"excerpt":{"rendered":"<p>Despu\u00e9s de sus declaraciones discriminatorias a&nbsp;Lewis Hamilton, el expiloto Nelson Piquet&nbsp;sali\u00f3 a pedirle disculpas al brit\u00e1nico&nbsp;y aclar\u00f3 que no tuvo ninguna intenci\u00f3n la \u00edndole&nbsp;racial, ni discriminatoria. Pese a esto, la F\u00f3rmula 1, que en los \u00faltimos meses se ha mostrado en contra del racismo y la xenofobia, habr\u00eda decidido prohibir de por vida el ingreso [&hellip;]<\/p>\n","protected":false},"author":1,"featured_media":66443,"comment_status":"closed","ping_status":"closed","sticky":false,"template":"","format":"standard","meta":[],"categories":[21],"tags":[],"_links":{"self":[{"href":"http:\/\/cordobadirecto.com\/index.php\/wp-json\/wp\/v2\/posts\/66442"}],"collection":[{"href":"http:\/\/cordobadirecto.com\/index.php\/wp-json\/wp\/v2\/posts"}],"about":[{"href":"http:\/\/cordobadirecto.com\/index.php\/wp-json\/wp\/v2\/types\/post"}],"author":[{"embeddable":true,"href":"http:\/\/cordobadirecto.com\/index.php\/wp-json\/wp\/v2\/users\/1"}],"replies":[{"embeddable":true,"href":"http:\/\/cordobadirecto.com\/index.php\/wp-json\/wp\/v2\/comments?post=66442"}],"version-history":[{"count":0,"href":"http:\/\/cordobadirecto.com\/index.php\/wp-json\/wp\/v2\/posts\/66442\/revisions"}],"wp:featuredmedia":[{"embeddable":true,"href":"http:\/\/cordobadirecto.com\/index.php\/wp-json\/wp\/v2\/media\/66443"}],"wp:attachment":[{"href":"http:\/\/cordobadirecto.com\/index.php\/wp-json\/wp\/v2\/media?parent=66442"}],"wp:term":[{"taxonomy":"category","embeddable":true,"href":"http:\/\/cordobadirecto.com\/index.php\/wp-json\/wp\/v2\/categories?post=66442"},{"taxonomy":"post_tag","embeddable":true,"href":"http:\/\/cordobadirecto.com\/index.php\/wp-json\/wp\/v2\/tags?post=66442"}],"curies":[{"name":"wp","href":"https:\/\/api.w.org\/{rel}","templated":true}]}}