{"id":6764,"date":"2021-05-21T01:22:00","date_gmt":"2021-05-21T01:22:00","guid":{"rendered":"http:\/\/cordobadirecto.com\/index.php\/2021\/05\/21\/israel-y-hamas-acordaron-un-alto-el-fuego-en-la-franja-de-gaza\/"},"modified":"2021-05-21T01:22:00","modified_gmt":"2021-05-21T01:22:00","slug":"israel-y-hamas-acordaron-un-alto-el-fuego-en-la-franja-de-gaza","status":"publish","type":"post","link":"http:\/\/cordobadirecto.com\/index.php\/2021\/05\/21\/israel-y-hamas-acordaron-un-alto-el-fuego-en-la-franja-de-gaza\/","title":{"rendered":"Israel y Hamas acordaron un alto el fuego en la Franja de Gaza"},"content":{"rendered":"<div class=\"image\" id=\"image\" readability=\"7\"> <img src=\"http:\/\/cordobadirecto.com\/wp-content\/uploads\/2021\/05\/israel-y-hamas-acordaron-un-alto-el-fuego-en-la-franja-de-gaza.jpg\" alt=\"Alto el fuego entre Israel y Hamas.\" title=\"Alto el fuego entre Israel y Hamas.\"><\/p>\n<p>Alto el fuego entre Israel y Hamas.<\/p>\n<\/div>\n<p>En medio de una creciente presi\u00f3n internacional, el Gobierno israel\u00ed y el movimiento palestino Hamas acordaron este jueves un alto al fuego que ya entr\u00f3 en vigor, despu\u00e9s de 11 d\u00edas de bombardeos y ataques constantes, que por ahora dejaron un saldo de 232 muertos en la Franja de Gaza y 12 en Israel y representaron la peor escalada militar del conflicto desde 2014.<\/p>\n<p><strong>&#8220;El gabinete (de seguridad) acept\u00f3 por unanimidad la recomendaci\u00f3n de los funcionarios de seguridad (&#8230;) de aceptar la iniciativa egipcia de cese del fuego bilateral sin condiciones&#8221;<\/strong>, inform\u00f3 la oficina del primer ministro israel\u00ed, Benjamin Netanyahu, en un comunicado, citado por la agencia de noticias AFP.<\/p>\n<p>Poco despu\u00e9s, tanto <strong>Hamas, la fuerza pol\u00edtica que controla el interior de la franja, como la Yihad Isl\u00e1mica, otro partido con brazo armado en ese territorio, confirmaron la tregu<\/strong>a, que comenz\u00f3 a regir a las dos de la madrugada local del viernes (20 hs del jueves de Argentina).<\/p>\n<p> <iframe width=\"560\" height=\"315\" src=\"https:\/\/www.youtube.com\/embed\/KC-6I1ug6GM?wmode=transparent&amp;showinfo=0&amp;autohide=1&amp;rel=0\" frameborder=\"0\" allowfullscreen>[embedded content]<\/iframe> <\/p>\n<p>Alto al fuego entre Israel y Hamas tras 11 d\u00edas de ataques y m\u00e1s de 240 muertos<\/p>\n<p>Aunque el comunicado del Gobierno israel\u00ed destac\u00f3 que la tregua no conlleva condiciones, Osama Hamdan, un miembro del bureau pol\u00edtico de Hamas, le dijo al canal de noticias Al Mayadeen -vinculado al movimiento islamista libanes Hezbollah- que hab\u00edan recibido &#8220;garant\u00edas de que la agresi\u00f3n israel\u00ed contra la mezquita de Al Aqsa y (el barrio de Jerusal\u00e9n este) Sheikh Jarrah se detendr\u00e1&#8221;, seg\u00fan reprodujo el diario Haaretz.<\/p>\n<p>Este punto es relevante para los palestinos ya que fue en esos dos lugares en Jerusal\u00e9n que comenz\u00f3 toda la escalada a principio de mes.<\/p>\n<p><strong>La tensi\u00f3n comenz\u00f3 a escalar cuando familias palestinas del barrio Sheikh Jarrah resistieron a las \u00f3rdenes de desalojo entregadas por las autoridades y termin\u00f3 de explotar cuando la polic\u00eda israel\u00ed reprimi\u00f3 y enfrent\u00f3 a miles de fieles musulmanes que rezaban en la explanada de las mezquitas<\/strong> -uno de los lugares santos del islam, donde est\u00e1 Al Aqsa- durante el mes de Ramad\u00e1n.<\/p>\n<p>Esto desat\u00f3 no solo una ola de protestas dentro de Israel de la minor\u00eda palestina, sino tambi\u00e9n inici\u00f3 una serie de lanzamientos diarios de cohetes desde la Franja de Gaza que golpearon parte del sur y centro del pa\u00eds, dejando 12 muertos, entre ellos un ni\u00f1o y un soldado, y 333 heridos.<\/p>\n<div class=\"image\" id=\"image\" readability=\"7\"> <img src=\"http:\/\/cordobadirecto.com\/wp-content\/uploads\/2021\/05\/israel-y-hamas-acordaron-un-alto-el-fuego-en-la-franja-de-gaza-1.jpg\" alt=\"Los bombardeos dejaron al menos a 232 personas fallecidas en la Franja de Gaza y 12 en Israel\" title=\"Los bombardeos dejaron al menos a 232 personas fallecidas en la Franja de Gaza y 12 en Israel\"><\/p>\n<p>Los bombardeos dejaron al menos a 232 personas fallecidas en la Franja de Gaza y 12 en Israel<\/p>\n<\/div>\n<p><br open><br \/>\n<strong>La ofensiva con misiles y artiller\u00eda que lanz\u00f3 Israel contra ese peque\u00f1o y completamente encerrado territorio con dos millones de habitantes, en cambio, termin\u00f3 por ahora con 232 muertos, 65 de ellos ni\u00f1os y 39 mujeres, y 1.900 heridos<\/strong>, seg\u00fan el Ministerio de Salud de Gaza, que no distingue entre v\u00edctimas civiles y combatientes.<\/p>\n<p>Adem\u00e1s, la ONU denunci\u00f3 que m\u00e1s de 90.000 personas se quedaron sin casa por los bombardeos y se refugiaron en sus escuelas.<\/p>\n<p>Desde otro territorio palestino ocupado, Cisjordania, donde el Gobierno internacionalmente reconocido de<strong> Mahmud Abbas tiene su sede, celebraron el anuncio de la tregua, aunque pidieron &#8220;no olvidar a Jerusal\u00e9n&#8221;.<\/strong><\/p>\n<p><strong>&#8220;Israel no tiene otra salida que detener su carnicer\u00eda, su agresi\u00f3n contra el pueblo palestino, creemos que podr\u00edan optar por un alto el fuego unilateral, porque Israel, como siempre, intenta evitar alcanzar un alto el fuego conjunto<\/strong>. Esto es bueno que el pueblo palestino, m\u00e1s de 2 millones de personas, pueda irse a dormir esta noche, sabiendo que tendr\u00e1 una ma\u00f1ana m\u00e1s brillante, pero no es suficiente&#8221;, asegur\u00f3 el canciller Riyad al Maliki en un mensaje virtual, al margen de la sesi\u00f3n de la Asamblea General de la ONU sobre Israel y Palestina.<\/p>\n<p>&#8220;El tema central que inici\u00f3 todos estos episodios es Jerusal\u00e9n, no podemos olvidar Jerusal\u00e9n&#8221;, pidi\u00f3, citado por la agencia de noticias Sputnik.<\/p>\n<p><em><strong><a href=\"https:\/\/www.telam.com.ar\/notas\/202105\/554860-israel-ataques-hamas-pedido-eeuu.html\" target=\"_blank\" rel=\"noopener\">Los rumores de una inminente tregua crecieron en los \u00faltimos d\u00edas junto con la prensi\u00f3n internacional.<\/a><\/strong><\/em><\/p>\n<p>El mi\u00e9rcoles, el presidente estadounidense, Joe <strong>Biden, le dijo a Netanyahu que esperaba una &#8220;desescalada importante en camino a un alto el fuego&#8221; y <em><a href=\"https:\/\/www.telam.com.ar\/notas\/202105\/554968-lideres-mundiales-celebran-alto-al-fuego-entre-israel-y-hamas.html\" target=\"_blank\" rel=\"noopener\">este jueves fue el primero en celebrar la tregua.<\/a><\/em><\/strong><\/p>\n<p><strong>&#8220;Creo que los israel\u00edes y los palestinos merecen de la misma manera vivir seguros, tranquilos y con el mismo nivel de libertad, prosperidad y democracia. Mi Gobierno seguir\u00e1 trabajando a trav\u00e9s de una diplomacia silenciosa pero sin tregua para alcanzar ese objetivo&#8221;, dijo el mandatario, desde la Casa Blanca, flanqueado por la vicepresidenta, Kamala Harris.<\/strong><\/p>\n<p>Luego <strong>se sum\u00f3 el Gobierno brit\u00e1nico<\/strong> que pidi\u00f3 que el alto al fuego sea &#8220;duradero&#8221;, para lo cual el presidente de Egipto, Abdelfatah al Sisi, orden\u00f3 enviar delegaciones a Palestina e Israel para garantizar el cumplimiento de la tregua, inform\u00f3 el Canal 1 egipcio, citado por Sputnik.<\/p>\n<p>En ese sentido, <strong>el secretario general de la ONU, Ant\u00f3nio Guterres, tambi\u00e9n pidi\u00f3 un compromiso a ambas partes.<\/strong><\/p>\n<p>&#8220;Doy la bienvenida al alto el fuego entre Gaza e Israel despu\u00e9s de 11 d\u00edas de hostilidades mortales. Hago un llamado a todas las partes para que observen el alto el fuego&#8221;, asegur\u00f3.<\/p>\n<p>En el momento del anuncio de la tregua y durante la hora siguiente, no hubo lanzamientos de cohetes desde la franja ni bombardeos israel\u00edes contra ese territorio palestinos. Sin embargo, tras un d\u00eda que transcurri\u00f3 entre constantes ataques, el clima segu\u00eda siendo tenso.<\/p>\n<div class=\"image\" id=\"image\" readability=\"7\"> <img src=\"http:\/\/cordobadirecto.com\/wp-content\/uploads\/2021\/05\/israel-y-hamas-acordaron-un-alto-el-fuego-en-la-franja-de-gaza-2.jpg\" alt=\"Muchos edificios de la Franja de Gaza fueron destruidos durante la ofensiva israel\u00ed\" title=\"Muchos edificios de la Franja de Gaza fueron destruidos durante la ofensiva israel\u00ed\"><\/p>\n<p>Muchos edificios de la Franja de Gaza fueron destruidos durante la ofensiva israel\u00ed<\/p>\n<\/div>\n<p><br open><br \/>\n<strong>El mi\u00e9rcoles por la noche, varias explosiones hab\u00edan sacudido una zona comercial de Ciudad de Gaza,<\/strong> la localidad central de Deir al-Balah y la sure\u00f1a Khan Younis.<\/p>\n<p>Desde bien temprano a la ma\u00f1ana, residentes inspeccionaban los escombros de al menos cinco casas de familia destruidas en Khan Younis, inform\u00f3 la agencia de noticias palestina Ma&#8217;an.<\/p>\n<p><strong>El Ej\u00e9rcito israel\u00ed dijo que atac\u00f3 las casas de tres comandantes de Hamas en Khan Younis y que lanz\u00f3 tambi\u00e9n bombardeos en Rafah contra &#8220;infraestructura militar&#8221; y contra una casa de Ciudad de Gaza donde hab\u00eda un arsenal.<\/strong><\/p>\n<p>En Khan Younis, uno de los ataques israel\u00edes destruy\u00f3 una casa de dos pisos, y esquirlas golpearon otra vivienda y provocaron la muerte de una mujer, inform\u00f3 Ma&#8217;an.<\/p>\n<p>Voceros hospitalarios confirmaron la muerte de la mujer y dijeron que al menos otras diez personas resultaron heridas en la localidad en ataques a\u00e9reos nocturnos.<\/p>\n<p>Horas m\u00e1s tarde, al menos tres palestinos m\u00e1s murieron en un ataque a\u00e9reo israel\u00ed contra dos autos en un ruta del norte de la franja, seg\u00fan Ma&#8217;an.<\/p>\n<p>El Ministerio de Salud palestino inform\u00f3 de cinco muertos este jueves en ataques contra Gaza.<\/p>\n<p>Poco despu\u00e9s del mediod\u00eda, milicianos palestinos lanzaron una nueva andanada de cohetes hacia el sur de Israel luego de una pausa de ocho horas, inform\u00f3 el Ej\u00e9rcito, que no report\u00f3 v\u00edctimas.<\/p>\n<div class=\"image\" id=\"image\"> <img src=\"http:\/\/cordobadirecto.com\/wp-content\/uploads\/2021\/05\/israel-y-hamas-acordaron-un-alto-el-fuego-en-la-franja-de-gaza-3.jpg\" alt title><\/div>\n","protected":false},"excerpt":{"rendered":"<p>Alto el fuego entre Israel y Hamas. En medio de una creciente presi\u00f3n internacional, el Gobierno israel\u00ed y el movimiento palestino Hamas acordaron este jueves un alto al fuego que ya entr\u00f3 en vigor, despu\u00e9s de 11 d\u00edas de bombardeos y ataques constantes, que por ahora dejaron un saldo de 232 muertos en la Franja [&hellip;]<\/p>\n","protected":false},"author":1,"featured_media":6765,"comment_status":"closed","ping_status":"closed","sticky":false,"template":"","format":"standard","meta":[],"categories":[24],"tags":[],"_links":{"self":[{"href":"http:\/\/cordobadirecto.com\/index.php\/wp-json\/wp\/v2\/posts\/6764"}],"collection":[{"href":"http:\/\/cordobadirecto.com\/index.php\/wp-json\/wp\/v2\/posts"}],"about":[{"href":"http:\/\/cordobadirecto.com\/index.php\/wp-json\/wp\/v2\/types\/post"}],"author":[{"embeddable":true,"href":"http:\/\/cordobadirecto.com\/index.php\/wp-json\/wp\/v2\/users\/1"}],"replies":[{"embeddable":true,"href":"http:\/\/cordobadirecto.com\/index.php\/wp-json\/wp\/v2\/comments?post=6764"}],"version-history":[{"count":0,"href":"http:\/\/cordobadirecto.com\/index.php\/wp-json\/wp\/v2\/posts\/6764\/revisions"}],"wp:featuredmedia":[{"embeddable":true,"href":"http:\/\/cordobadirecto.com\/index.php\/wp-json\/wp\/v2\/media\/6765"}],"wp:attachment":[{"href":"http:\/\/cordobadirecto.com\/index.php\/wp-json\/wp\/v2\/media?parent=6764"}],"wp:term":[{"taxonomy":"category","embeddable":true,"href":"http:\/\/cordobadirecto.com\/index.php\/wp-json\/wp\/v2\/categories?post=6764"},{"taxonomy":"post_tag","embeddable":true,"href":"http:\/\/cordobadirecto.com\/index.php\/wp-json\/wp\/v2\/tags?post=6764"}],"curies":[{"name":"wp","href":"https:\/\/api.w.org\/{rel}","templated":true}]}}