{"id":6776,"date":"2021-05-20T21:10:59","date_gmt":"2021-05-20T21:10:59","guid":{"rendered":"https:\/\/www.cordoba.gob.ar\/?p=9659"},"modified":"2021-05-20T21:10:59","modified_gmt":"2021-05-20T21:10:59","slug":"la-municipalidad-y-la-upc-capacitaran-a-90-referentes-de-organizaciones-comunitarias","status":"publish","type":"post","link":"http:\/\/cordobadirecto.com\/index.php\/2021\/05\/20\/la-municipalidad-y-la-upc-capacitaran-a-90-referentes-de-organizaciones-comunitarias\/","title":{"rendered":"La Municipalidad y la UPC capacitar\u00e1n a 90 referentes de organizaciones comunitarias"},"content":{"rendered":"<div><img src=\"http:\/\/cordobadirecto.com\/wp-content\/uploads\/2021\/05\/la-municipalidad-y-la-upc-capacitaran-a-90-referentes-de-organizaciones-comunitarias.jpg\" class=\"ff-og-image-inserted\"><\/div>\n<p>El municipio capitalino firm\u00f3 un acta acuerdo con la Universidad Provincial de C\u00f3rdoba, con el objetivo de desarrollar formaciones para potenciar las habilidades de 90 referentes de organizaciones comunitarias que participan en los tres Centros Integradores Comunitarios de la ciudad.<\/p>\n<p>Los talleres de formaci\u00f3n buscan optimizar las capacidades de gesti\u00f3n de las organizaciones que trabajan en conjunto con el Estado en acciones de promoci\u00f3n social y prevenci\u00f3n socio-sanitaria.<\/p>\n<p>La iniciativa se llevar\u00e1 a cabo en el marco del Programa Centros Integradores Comunitarios que lleva adelante la Secretaria de Pol\u00edticas Sociales, Inclusi\u00f3n y Convivencia de la Municipalidad y el Programa de Vinculaci\u00f3n Territorial y Comunitaria de la UPC.<\/p>\n<p>Rubricaron el acuerdo el secretario de Pol\u00edticas Sociales, Inclusi\u00f3n y Convivencia, Ra\u00fal La Cava, y la rectora de la Universidad Provincial, Raquel Krawchik.<\/p>\n<p>Las CIC son espacios comunitarios, donde organizaciones junto a los distintos niveles del Estado trabajan en conjunto para responder las demandas y necesidades en el territorio, promoviendo al desarrollo humano de las comunidades.<\/p>\n<p>Se encuentran en barrio Cabildo, Villa La Tela y Villa Siburu.<\/p>\n","protected":false},"excerpt":{"rendered":"<p>El municipio capitalino firm\u00f3 un acta acuerdo con la Universidad Provincial de C\u00f3rdoba, con el objetivo de desarrollar formaciones para potenciar las habilidades de 90 referentes de organizaciones comunitarias que participan en los tres Centros Integradores Comunitarios de la ciudad. Los talleres de formaci\u00f3n buscan optimizar las capacidades de gesti\u00f3n de las organizaciones que trabajan [&hellip;]<\/p>\n","protected":false},"author":1,"featured_media":6777,"comment_status":"closed","ping_status":"closed","sticky":false,"template":"","format":"standard","meta":[],"categories":[44],"tags":[],"_links":{"self":[{"href":"http:\/\/cordobadirecto.com\/index.php\/wp-json\/wp\/v2\/posts\/6776"}],"collection":[{"href":"http:\/\/cordobadirecto.com\/index.php\/wp-json\/wp\/v2\/posts"}],"about":[{"href":"http:\/\/cordobadirecto.com\/index.php\/wp-json\/wp\/v2\/types\/post"}],"author":[{"embeddable":true,"href":"http:\/\/cordobadirecto.com\/index.php\/wp-json\/wp\/v2\/users\/1"}],"replies":[{"embeddable":true,"href":"http:\/\/cordobadirecto.com\/index.php\/wp-json\/wp\/v2\/comments?post=6776"}],"version-history":[{"count":0,"href":"http:\/\/cordobadirecto.com\/index.php\/wp-json\/wp\/v2\/posts\/6776\/revisions"}],"wp:featuredmedia":[{"embeddable":true,"href":"http:\/\/cordobadirecto.com\/index.php\/wp-json\/wp\/v2\/media\/6777"}],"wp:attachment":[{"href":"http:\/\/cordobadirecto.com\/index.php\/wp-json\/wp\/v2\/media?parent=6776"}],"wp:term":[{"taxonomy":"category","embeddable":true,"href":"http:\/\/cordobadirecto.com\/index.php\/wp-json\/wp\/v2\/categories?post=6776"},{"taxonomy":"post_tag","embeddable":true,"href":"http:\/\/cordobadirecto.com\/index.php\/wp-json\/wp\/v2\/tags?post=6776"}],"curies":[{"name":"wp","href":"https:\/\/api.w.org\/{rel}","templated":true}]}}