{"id":6897,"date":"2021-05-23T06:36:22","date_gmt":"2021-05-23T06:36:22","guid":{"rendered":"https:\/\/puntoapunto.com.ar\/?p=278073"},"modified":"2021-05-23T06:36:22","modified_gmt":"2021-05-23T06:36:22","slug":"uia-la-actividad-industrial-crecio-241-en-marzo","status":"publish","type":"post","link":"http:\/\/cordobadirecto.com\/index.php\/2021\/05\/23\/uia-la-actividad-industrial-crecio-241-en-marzo\/","title":{"rendered":"UIA: la actividad industrial creci\u00f3 24,1% en marzo"},"content":{"rendered":"<p><!-- image --><\/p>\n<div class=\"td-post-featured-image\"><a href=\"http:\/\/cordobadirecto.com\/wp-content\/uploads\/2021\/05\/uia-la-actividad-industrial-crecio-241-en-marzo-5.jpg\" data-caption><img loading=\"lazy\" width=\"696\" height=\"406\" class=\"entry-thumb td-modal-image\" src=\"http:\/\/cordobadirecto.com\/wp-content\/uploads\/2021\/05\/uia-la-actividad-industrial-crecio-241-en-marzo.jpg\" srcset=\"http:\/\/cordobadirecto.com\/wp-content\/uploads\/2021\/05\/uia-la-actividad-industrial-crecio-241-en-marzo.jpg 696w, http:\/\/cordobadirecto.com\/wp-content\/uploads\/2021\/05\/uia-la-actividad-industrial-crecio-241-en-marzo-1.jpg 300w, http:\/\/cordobadirecto.com\/wp-content\/uploads\/2021\/05\/uia-la-actividad-industrial-crecio-241-en-marzo-2.jpg 768w, http:\/\/cordobadirecto.com\/wp-content\/uploads\/2021\/05\/uia-la-actividad-industrial-crecio-241-en-marzo-3.jpg 150w, http:\/\/cordobadirecto.com\/wp-content\/uploads\/2021\/05\/uia-la-actividad-industrial-crecio-241-en-marzo-4.jpg 720w, http:\/\/cordobadirecto.com\/wp-content\/uploads\/2021\/05\/uia-la-actividad-industrial-crecio-241-en-marzo-5.jpg 960w\" sizes=\"(max-width: 696px) 100vw, 696px\" alt title=\"industria\"><\/a><\/div>\n<p> <!-- content --><\/p>\n<div class=\"td-a-rec td-a-rec-id-content_top tdi_73_1ad td_block_template_10\">\n<div class=\"g g-34\">\n<div class=\"g-single a-299\"><a class=\"gofollow\" data-track=\"Mjk5LDM0LDEsNjA=\" href=\"http:\/\/www.grupocanter.com.ar\/landing\/blanqueo\/pap\/?utm_source=Punto%20a%20Punto&amp;utm_medium=Banners&amp;utm_campaign=Blanqueo&amp;utm_term=950x187\"><img src=\"http:\/\/cordobadirecto.com\/wp-content\/uploads\/2021\/05\/uia-la-actividad-industrial-crecio-241-en-marzo.gif\"><\/a><\/div>\n<\/div>\n<\/div>\n<p>La <strong>actividad industrial creci\u00f3 un significativo 24,1% interanual en marzo<\/strong>, pero la comparaci\u00f3n se realiza con el mismo mes de 2020, cuando la <a href=\"https:\/\/puntoapunto.com.ar\/tag\/produccion\/\" class=\"st_tag internal_tag\" rel=\"tag\" title=\"Posts tagged with producci\u00f3n\">producci\u00f3n<\/a> comenz\u00f3 a ser afectada por la cuarentena, inform\u00f3 este viernes la Uni\u00f3n Industrial Argentina (UIA)<a href=\"https:\/\/puntoapunto.com.ar\/tag\/107548\/\" class=\"st_tag internal_tag\" rel=\"tag\" title=\"Posts tagged with .\">.<\/a><\/p>\n<p>Con relaci\u00f3n a febrero de este a\u00f1o, <strong>la mejora fue del 10,3%<\/strong>, y la mayor\u00eda de las actividades productivas tuvieron subas interanuales.<\/p>\n<p>Con estos datos, en<strong> el primer trimestre la actividad acumul\u00f3 suba interanual de 7,1%<\/strong> y una variaci\u00f3n trimestral de 5,3% sin estacionalidad.<\/p>\n<p>Seg\u00fan la UIA, los fuertes incrementos del tercer mes de 2021 se deben principalmente a la baja base de comparaci\u00f3n, dado el inicio del ASPO a mediados de marzo 2020.<\/p>\n<p>Sin embargo, son varios los sectores que mostraron un buen desempe\u00f1o comparando tambi\u00e9n con marzo de 2019: entre ellos se destacan el <strong>sector Automotor, que tuvo la mayor alza (125,2% con respecto a 2020 y 47,7% respecto a 2019),<\/strong> seguido por Minerales no Met\u00e1licos (99,9% respecto a 2020 y 15,5% respecto a 2019).<\/p>\n<p>Por su parte, el sector de Metales b\u00e1sicos mostr\u00f3 un significativo crecimiento interanual (26,1% respecto a 2020 y 16,3% respecto a 2019), aunque con bastante heterogeneidad: el acero impuls\u00f3 el indicador al alza mientras que la producci\u00f3n de aluminio a\u00fan no llega a los niveles de marzo de 2020, detall\u00f3 el informe de la central fabril.<\/p>\n<p>Otros sectores mostraron un alza algo m\u00e1s moderada, como es el caso de Alimentos y bebidas (12,3% respecto a 2020 y 13,2%&nbsp;respecto a 2019).<\/p>\n<p>En este \u00faltimo sector, la molienda de oleaginosas represent\u00f3 un gran impulso, mientras que el resto del sector acompa\u00f1\u00f3 la suba pero a un ritmo menor.<\/p>\n<p>En una situaci\u00f3n similar se encuentran Papel y cart\u00f3n (9,5% respecto a 2020 y 1,4% respecto a 2019) y Sustancias y productos qu\u00edmicos (7% respecto a 2020 y 4,4% respecto a 2019).<br \/>Asimismo, es posible encontrar sectores que a pesar de tener un buen desempe\u00f1o respecto del a\u00f1o pasado, a\u00fan no logran recuperarse totalmente: es el caso de Metalmec\u00e1nica que mostr\u00f3 un buen resultado respecto a marzo de 2020 (24,9%) pero todav\u00eda se encuentra por debajo del nivel de 2019 (-3,2%).<\/p>\n<p>Persiste con datos negativos el sector de Refinaci\u00f3n de petr\u00f3leo, con ca\u00eddas tanto respecto al a\u00f1o anterior (-8%) como respecto a 2019 (-16,9%).<\/p>\n<p>La UIA resalt\u00f3 adem\u00e1s que los primeros datos de abril de 2021 anticipan un nuevo crecimiento de la producci\u00f3n con variaciones interanuales que se aceleran notablemente por la comparaci\u00f3n con abril 2020, cuando muchas actividades estuvieron paralizadas.<\/p>\n<p>Se observa tambi\u00e9n un incremento importante en el sector automotor, con un alza fuerte en los patentamientos y en la producci\u00f3n, la cual se reactiv\u00f3 luego de estar parada durante abril de 2020, aunque a\u00fan se encuentra por debajo de los niveles observados en 2019.<\/p>\n<p>La entidad empresaria consider\u00f3 que con estos datos y, de cara al segundo trimestre del a\u00f1o,&nbsp;<strong>&amp;<a href=\"https:\/\/puntoapunto.com.ar\/tag\/220\/\" class=\"st_tag internal_tag\" rel=\"tag\" title=\"Posts tagged with 220\">220<\/a>;las perspectivas positivas de la producci\u00f3n se mantienen, aunque empiezan a ganar participaci\u00f3n ciertas problem\u00e1ticas vinculadas a la situaci\u00f3n <a href=\"https:\/\/puntoapunto.com.ar\/tag\/sanitaria\/\" class=\"st_tag internal_tag\" rel=\"tag\" title=\"Posts tagged with Sanitaria\">sanitaria<\/a>, los nuevos costos y las dificultades asociadas al elevado ausentismo\u201d.<\/strong><\/p>\n<p><strong>\u201cSer\u00e1n importantes las medidas orientadas a fortalecer las exportaciones y reducir la incertidumbre macroecon\u00f3mica\u201d, concluy\u00f3.<\/strong><\/p>\n<p>No tags for this post. <!-- A generated by theme --> <!-- end A --> <\/p>\n","protected":false},"excerpt":{"rendered":"<p>La actividad industrial creci\u00f3 un significativo 24,1% interanual en marzo, pero la comparaci\u00f3n se realiza con el mismo mes de 2020, cuando la producci\u00f3n comenz\u00f3 a ser afectada por la cuarentena, inform\u00f3 este viernes la Uni\u00f3n Industrial Argentina (UIA). Con relaci\u00f3n a febrero de este a\u00f1o, la mejora fue del 10,3%, y la mayor\u00eda de [&hellip;]<\/p>\n","protected":false},"author":1,"featured_media":6898,"comment_status":"closed","ping_status":"closed","sticky":false,"template":"","format":"standard","meta":[],"categories":[25],"tags":[],"_links":{"self":[{"href":"http:\/\/cordobadirecto.com\/index.php\/wp-json\/wp\/v2\/posts\/6897"}],"collection":[{"href":"http:\/\/cordobadirecto.com\/index.php\/wp-json\/wp\/v2\/posts"}],"about":[{"href":"http:\/\/cordobadirecto.com\/index.php\/wp-json\/wp\/v2\/types\/post"}],"author":[{"embeddable":true,"href":"http:\/\/cordobadirecto.com\/index.php\/wp-json\/wp\/v2\/users\/1"}],"replies":[{"embeddable":true,"href":"http:\/\/cordobadirecto.com\/index.php\/wp-json\/wp\/v2\/comments?post=6897"}],"version-history":[{"count":0,"href":"http:\/\/cordobadirecto.com\/index.php\/wp-json\/wp\/v2\/posts\/6897\/revisions"}],"wp:featuredmedia":[{"embeddable":true,"href":"http:\/\/cordobadirecto.com\/index.php\/wp-json\/wp\/v2\/media\/6898"}],"wp:attachment":[{"href":"http:\/\/cordobadirecto.com\/index.php\/wp-json\/wp\/v2\/media?parent=6897"}],"wp:term":[{"taxonomy":"category","embeddable":true,"href":"http:\/\/cordobadirecto.com\/index.php\/wp-json\/wp\/v2\/categories?post=6897"},{"taxonomy":"post_tag","embeddable":true,"href":"http:\/\/cordobadirecto.com\/index.php\/wp-json\/wp\/v2\/tags?post=6897"}],"curies":[{"name":"wp","href":"https:\/\/api.w.org\/{rel}","templated":true}]}}