{"id":6949,"date":"2021-05-24T00:56:48","date_gmt":"2021-05-24T00:56:48","guid":{"rendered":"https:\/\/puntoapunto.com.ar\/?p=278062"},"modified":"2021-05-24T00:56:48","modified_gmt":"2021-05-24T00:56:48","slug":"los-precios-mayoristas-subieron-48-en-abril-en-ultimos-12-meses-aumentaron-mas-de-60","status":"publish","type":"post","link":"http:\/\/cordobadirecto.com\/index.php\/2021\/05\/24\/los-precios-mayoristas-subieron-48-en-abril-en-ultimos-12-meses-aumentaron-mas-de-60\/","title":{"rendered":"Los precios mayoristas subieron 4,8% en abril: en \u00faltimos 12 meses aumentaron m\u00e1s de 60%"},"content":{"rendered":"<p><!-- image --><\/p>\n<div class=\"td-post-featured-image\"><a href=\"http:\/\/cordobadirecto.com\/wp-content\/uploads\/2021\/05\/los-precios-mayoristas-subieron-48-en-abril-en-ultimos-12-meses-aumentaron-mas-de-60.png\" data-caption><img loading=\"lazy\" width=\"696\" height=\"420\" class=\"entry-thumb td-modal-image\" src=\"http:\/\/cordobadirecto.com\/wp-content\/uploads\/2021\/05\/los-precios-mayoristas-subieron-48-en-abril-en-ultimos-12-meses-aumentaron-mas-de-60.png\" srcset=\"http:\/\/cordobadirecto.com\/wp-content\/uploads\/2021\/05\/los-precios-mayoristas-subieron-48-en-abril-en-ultimos-12-meses-aumentaron-mas-de-60.png 800w, http:\/\/cordobadirecto.com\/wp-content\/uploads\/2021\/05\/los-precios-mayoristas-subieron-48-en-abril-en-ultimos-12-meses-aumentaron-mas-de-60-1.png 300w, http:\/\/cordobadirecto.com\/wp-content\/uploads\/2021\/05\/los-precios-mayoristas-subieron-48-en-abril-en-ultimos-12-meses-aumentaron-mas-de-60-2.png 768w\" sizes=\"(max-width: 696px) 100vw, 696px\" alt title=\"precios mayoristas\"><\/a><\/div>\n<p> <!-- content --><\/p>\n<div class=\"td-a-rec td-a-rec-id-content_top tdi_73_ff6 td_block_template_10\">\n<div class=\"g g-34\">\n<div class=\"g-single a-299\"><a class=\"gofollow\" data-track=\"Mjk5LDM0LDEsNjA=\" href=\"http:\/\/www.grupocanter.com.ar\/landing\/blanqueo\/pap\/?utm_source=Punto%20a%20Punto&amp;utm_medium=Banners&amp;utm_campaign=Blanqueo&amp;utm_term=950x187\"><img src=\"http:\/\/cordobadirecto.com\/wp-content\/uploads\/2021\/05\/los-precios-mayoristas-subieron-48-en-abril-en-ultimos-12-meses-aumentaron-mas-de-60.gif\"><\/a><\/div>\n<\/div>\n<\/div>\n<p>Los <strong>precios mayoristas<\/strong> registraron en abril un <strong>aumento del 4,8%<\/strong> y <strong>acumulan en el a\u00f1o un incremento del 21,9%<a href=\"https:\/\/puntoapunto.com.ar\/tag\/107548\/\" class=\"st_tag internal_tag\" rel=\"tag\" title=\"Posts tagged with .\">.<\/a><\/strong><\/p>\n<p>El nivel general del \u00cdndice de Precios Internos al por Mayor&nbsp;(IPIM) acumula en los \u00faltimos doce meses un<strong> alza del 61,3%<\/strong>, quince puntos porcentuales por encima de la inflaci\u00f3n de ese per\u00edodo, de acuerdo a estimaciones de INDEC.<\/p>\n<p>El aumento de abril fue consecuencia del <strong>alza del 5% en los&nbsp;<a href=\"https:\/\/puntoapunto.com.ar\/tag\/productos\/\" class=\"st_tag internal_tag\" rel=\"tag\" title=\"Posts tagged with Productos\">productos<\/a> nacionales y del 2,5% en importados.<\/strong><\/p>\n<p>El \u00cdndice de Precios Internos B\u00e1sicos al por Mayor (IPIB) mostr\u00f3 tambi\u00e9n en abril un aumento desestacionalizado del 4,8% respecto de marzo, y el de Precios B\u00e1sicos del Productor (IPP) del 5%, en la misma comparaci\u00f3n.<\/p>\n<p>De acuerdo con las cifras del organismo, los tres indicadores del <a href=\"https:\/\/puntoapunto.com.ar\/tag\/sistema\/\" class=\"st_tag internal_tag\" rel=\"tag\" title=\"Posts tagged with sistema\">Sistema<\/a> de Precios Mayoristas superan a la inflaci\u00f3n en todas las comparaciones.<\/p>\n<p>En el caso del IPIB, <strong>el aumento desde diciembre llega al 21,4%<\/strong> y se ubica cuatro puntos porcentuales por encima del \u00cdndice de Precios al Consumidor (IPC) de abril \u00faltimo, del 17,6%.<\/p>\n<p>En la comparaci\u00f3n interanual, el IPIB alcanza un aumento del&nbsp;64,4%, casi 20 puntos porcentuales por encima de la inflaci\u00f3n en&nbsp;ese per\u00edodo del 46,3%.<\/p>\n<p>Las mismas diferencias porcentuales se verifican en el caso del \u00edndice de precios del productor, que <strong>desde diciembre \u00faltimo registran un alza del 21,7%, y desde abril del 2020 la suba&nbsp;llega al 67,4%<\/strong>.<\/p>\n<p>Si bien esas diferencias no impactan inmediatamente en el&nbsp;indicador de precios mayoristas, si gradualmente van alimentando la inflaci\u00f3n minorista con el correr de los meses siguientes.<\/p>\n<p>En la comparaci\u00f3n interanual <strong>los productos nacionales registran un aumento de precios mayoristas del 61,1%<\/strong>, los primarios del 78,5% y en los importados la suba llega al 63,8%.<\/p>\n<p>Los productos que registran los mayores aumentos interanuales en abril fueron liderados por los del petr\u00f3leo, con una suba del&nbsp;110,3%, seguidos de productos de <a href=\"https:\/\/puntoapunto.com.ar\/tag\/madera\/\" class=\"st_tag internal_tag\" rel=\"tag\" title=\"Posts tagged with madera\">madera<\/a> con 104,7%, aparatos&nbsp;el\u00e9ctricos con 78,5%, muebles con 66,7% y maquinas y equipos con&nbsp;64%.<\/p>\n<p>No tags for this post. <!-- A generated by theme --> <!-- end A --> <\/p>\n","protected":false},"excerpt":{"rendered":"<p>Los precios mayoristas registraron en abril un aumento del 4,8% y acumulan en el a\u00f1o un incremento del 21,9%. El nivel general del \u00cdndice de Precios Internos al por Mayor&nbsp;(IPIM) acumula en los \u00faltimos doce meses un alza del 61,3%, quince puntos porcentuales por encima de la inflaci\u00f3n de ese per\u00edodo, de acuerdo a estimaciones [&hellip;]<\/p>\n","protected":false},"author":1,"featured_media":6950,"comment_status":"closed","ping_status":"closed","sticky":false,"template":"","format":"standard","meta":[],"categories":[25],"tags":[],"_links":{"self":[{"href":"http:\/\/cordobadirecto.com\/index.php\/wp-json\/wp\/v2\/posts\/6949"}],"collection":[{"href":"http:\/\/cordobadirecto.com\/index.php\/wp-json\/wp\/v2\/posts"}],"about":[{"href":"http:\/\/cordobadirecto.com\/index.php\/wp-json\/wp\/v2\/types\/post"}],"author":[{"embeddable":true,"href":"http:\/\/cordobadirecto.com\/index.php\/wp-json\/wp\/v2\/users\/1"}],"replies":[{"embeddable":true,"href":"http:\/\/cordobadirecto.com\/index.php\/wp-json\/wp\/v2\/comments?post=6949"}],"version-history":[{"count":0,"href":"http:\/\/cordobadirecto.com\/index.php\/wp-json\/wp\/v2\/posts\/6949\/revisions"}],"wp:featuredmedia":[{"embeddable":true,"href":"http:\/\/cordobadirecto.com\/index.php\/wp-json\/wp\/v2\/media\/6950"}],"wp:attachment":[{"href":"http:\/\/cordobadirecto.com\/index.php\/wp-json\/wp\/v2\/media?parent=6949"}],"wp:term":[{"taxonomy":"category","embeddable":true,"href":"http:\/\/cordobadirecto.com\/index.php\/wp-json\/wp\/v2\/categories?post=6949"},{"taxonomy":"post_tag","embeddable":true,"href":"http:\/\/cordobadirecto.com\/index.php\/wp-json\/wp\/v2\/tags?post=6949"}],"curies":[{"name":"wp","href":"https:\/\/api.w.org\/{rel}","templated":true}]}}