{"id":6962,"date":"2021-05-24T12:51:15","date_gmt":"2021-05-24T12:51:15","guid":{"rendered":"https:\/\/lmdiario.com.ar\/contenido\/289895\/raly-barrionuevo-presenta-su-nuevo-disco-1972"},"modified":"2021-05-24T12:51:15","modified_gmt":"2021-05-24T12:51:15","slug":"raly-barrionuevo-presentara-el-27-de-junio-su-nuevo-disco-1972","status":"publish","type":"post","link":"http:\/\/cordobadirecto.com\/index.php\/2021\/05\/24\/raly-barrionuevo-presentara-el-27-de-junio-su-nuevo-disco-1972\/","title":{"rendered":"Raly Barrionuevo presentar\u00e1 el 27 de junio su nuevo disco &#8220;1972&#8221;"},"content":{"rendered":"<div readability=\"32\"> <img alt=\"FOTO RALY BARRIONUEVO\" class=\"img-responsive\" data-alto-grande=\"664\" data-ancho-grande=\"999\" height=\"664\" loading=\"lazy\" sizes=\"auto\" src=\"http:\/\/cordobadirecto.com\/wp-content\/uploads\/2021\/05\/raly-barrionuevo-presentara-el-27-de-junio-su-nuevo-disco-1972.jpg\" srcset=\"http:\/\/cordobadirecto.com\/wp-content\/uploads\/2021\/05\/raly-barrionuevo-presentara-el-27-de-junio-su-nuevo-disco-1972.jpg 800w, http:\/\/cordobadirecto.com\/wp-content\/uploads\/2021\/05\/raly-barrionuevo-presentara-el-27-de-junio-su-nuevo-disco-1972-1.jpg 240w, http:\/\/cordobadirecto.com\/wp-content\/uploads\/2021\/05\/raly-barrionuevo-presentara-el-27-de-junio-su-nuevo-disco-1972-2.jpg 999w\" width=\"999\"> <\/p>\n<p> <span>1972 es un disco de especial significado en la historia de Barrionuevo. Foto: gentileza.<\/span> <\/p>\n<\/p><\/div>\n<div readability=\"71\">\n<p><strong>&#8220;1972&#8221; es el nombre que lleva el nuevo disco de Raly Barrionuevo y ser\u00e1 presentado en distintas radios del pa\u00eds de manera simult\u00e1nea el domingo 27 de junio.<\/strong><br \/>&nbsp;<br \/>Por este motivo, lanzamos una invitaci\u00f3n abierta a todas las emisoras, con la intenci\u00f3n de que participen en la transmisi\u00f3n del contenido art\u00edstico especial a modo de \u00fanica presentaci\u00f3n del nuevo disco, en la propia voz del artista.&nbsp;<\/p>\n<p><strong>Un programa con un recorrido por las canciones agrupadas en este disco y atravesadas por su historia, en una conversaci\u00f3n entre Raly y Mar\u00eda Teresa Andruetto (la gran escritora cordobesa). &nbsp; &nbsp; &nbsp; &nbsp; &nbsp; <\/strong>&nbsp; &nbsp;<\/p>\n<p>1972 es un disco de especial significado en la<strong> historia de Barrionuevo, donde se encontrar\u00e1 la interpretaci\u00f3n de obras que son parte del cancionero folkl\u00f3rico, con la participaci\u00f3n de Luis Chazarreta, Carlos Garc\u00eda, Daniel Barrionuevo <\/strong>y la especial intervenci\u00f3n de la virtuosa pianista <strong>Elvira Ceballos<\/strong>; la misma formaci\u00f3n que grab\u00f3 Radio AM.&nbsp;<\/p>\n<p>Ante la imposibilidad de la presentaci\u00f3n en vivo sobre los escenarios, es que se realizar\u00e1 la escucha atenta de <strong>la historia contada por el protagonista de 1972, el disco que canta la otra parte de su historia.<\/strong><\/p>\n<p><strong>Mar\u00eda Teresa Andruetto es la primera escritora argentina y en lengua espa\u00f1ola en ganar el premio Hans Christian Andersen (2012). <\/strong>Se licenci\u00f3 en Letras Modernas en la Universidad Nacional de C\u00f3rdoba.&nbsp;<br \/>Su obra se estudia en universidades americanas y europeas, y se realizaron a partir de ella libros objeto, cortometrajes, espect\u00e1culos po\u00e9tico-musicales, coreograf\u00edas, espect\u00e1culos de narraci\u00f3n oral esc\u00e9nica y adaptaciones teatrales.<strong> Desde hace treinta a\u00f1os trabaja en la formaci\u00f3n de lectores, por lo que visita escuelas, profesorados y universidades y es habitual conferencista sobre literatura en general, literatura destinada a ni\u00f1os y j\u00f3venes y construcci\u00f3n de h\u00e1bitos lectores.<\/strong><\/p>\n<p><strong><img alt=\"unnamed (1)\" class=\"img-responsive\" height=\"940\" loading=\"lazy\" sizes=\"auto\" src=\"http:\/\/cordobadirecto.com\/wp-content\/uploads\/2021\/05\/raly-barrionuevo-presentara-el-27-de-junio-su-nuevo-disco-1972.png\" srcset=\"http:\/\/cordobadirecto.com\/wp-content\/uploads\/2021\/05\/raly-barrionuevo-presentara-el-27-de-junio-su-nuevo-disco-1972.png 1050w, http:\/\/cordobadirecto.com\/wp-content\/uploads\/2021\/05\/raly-barrionuevo-presentara-el-27-de-junio-su-nuevo-disco-1972-1.png 335w\" width=\"1050\"><\/strong><\/p>\n<\/p><\/div>\n","protected":false},"excerpt":{"rendered":"<p>1972 es un disco de especial significado en la historia de Barrionuevo. Foto: gentileza. &#8220;1972&#8221; es el nombre que lleva el nuevo disco de Raly Barrionuevo y ser\u00e1 presentado en distintas radios del pa\u00eds de manera simult\u00e1nea el domingo 27 de junio.&nbsp;Por este motivo, lanzamos una invitaci\u00f3n abierta a todas las emisoras, con la intenci\u00f3n [&hellip;]<\/p>\n","protected":false},"author":1,"featured_media":6963,"comment_status":"open","ping_status":"closed","sticky":false,"template":"","format":"standard","meta":[],"categories":[19],"tags":[],"_links":{"self":[{"href":"http:\/\/cordobadirecto.com\/index.php\/wp-json\/wp\/v2\/posts\/6962"}],"collection":[{"href":"http:\/\/cordobadirecto.com\/index.php\/wp-json\/wp\/v2\/posts"}],"about":[{"href":"http:\/\/cordobadirecto.com\/index.php\/wp-json\/wp\/v2\/types\/post"}],"author":[{"embeddable":true,"href":"http:\/\/cordobadirecto.com\/index.php\/wp-json\/wp\/v2\/users\/1"}],"replies":[{"embeddable":true,"href":"http:\/\/cordobadirecto.com\/index.php\/wp-json\/wp\/v2\/comments?post=6962"}],"version-history":[{"count":0,"href":"http:\/\/cordobadirecto.com\/index.php\/wp-json\/wp\/v2\/posts\/6962\/revisions"}],"wp:featuredmedia":[{"embeddable":true,"href":"http:\/\/cordobadirecto.com\/index.php\/wp-json\/wp\/v2\/media\/6963"}],"wp:attachment":[{"href":"http:\/\/cordobadirecto.com\/index.php\/wp-json\/wp\/v2\/media?parent=6962"}],"wp:term":[{"taxonomy":"category","embeddable":true,"href":"http:\/\/cordobadirecto.com\/index.php\/wp-json\/wp\/v2\/categories?post=6962"},{"taxonomy":"post_tag","embeddable":true,"href":"http:\/\/cordobadirecto.com\/index.php\/wp-json\/wp\/v2\/tags?post=6962"}],"curies":[{"name":"wp","href":"https:\/\/api.w.org\/{rel}","templated":true}]}}