{"id":6970,"date":"2021-05-23T17:11:00","date_gmt":"2021-05-23T17:11:00","guid":{"rendered":"https:\/\/lmdiario.com.ar\/contenido\/289929\/sebastian-saborido-es-el-nuevo-dt-de-atenas-en-la-liga-nacional"},"modified":"2021-05-23T17:11:00","modified_gmt":"2021-05-23T17:11:00","slug":"sebastian-saborido-es-el-nuevo-dt-de-atenas-en-la-liga-nacional","status":"publish","type":"post","link":"http:\/\/cordobadirecto.com\/index.php\/2021\/05\/23\/sebastian-saborido-es-el-nuevo-dt-de-atenas-en-la-liga-nacional\/","title":{"rendered":"Sebasti\u00e1n Saborido es el nuevo DT de Atenas en la Liga Nacional"},"content":{"rendered":"<div readability=\"32\"> <img alt=\"Sebasti\u00e1n Saborido\" class=\"img-responsive\" height=\"506\" loading=\"lazy\" sizes=\"auto\" src=\"http:\/\/cordobadirecto.com\/wp-content\/uploads\/2021\/05\/sebastian-saborido-es-el-nuevo-dt-de-atenas-en-la-liga-nacional.jpg\" srcset=\"http:\/\/cordobadirecto.com\/wp-content\/uploads\/2021\/05\/sebastian-saborido-es-el-nuevo-dt-de-atenas-en-la-liga-nacional.jpg 680w, http:\/\/cordobadirecto.com\/wp-content\/uploads\/2021\/05\/sebastian-saborido-es-el-nuevo-dt-de-atenas-en-la-liga-nacional-1.jpg 400w\" width=\"680\"> <\/p>\n<p> <span>Saborido estuvo cuatro a\u00f1os en el conjunto sunchalense donde logr\u00f3 un ascenso.<\/span> <span>Foto: UcoWeb.<\/span> <\/p>\n<\/p><\/div>\n<div readability=\"44.709677419355\">\n<p><strong>La dirigencia de Atenas comenz\u00f3 a moverse en el mercado de pases y empez\u00f3 con el entrenador<\/strong>. Anunci\u00f3 este domingo la contrataci\u00f3n de<strong> Sebasti\u00e1n Saborido<\/strong>, quien viene de dirigir a Libertad de Sunchales.<\/p>\n<p><strong>Saborido estuvo cuatro a\u00f1os en el conjunto sunchalense donde logr\u00f3 un ascenso<\/strong>. Y de esta forma reemplazar\u00e1 a la dupla t\u00e9cnica compuesta por <strong>Nicol\u00e1s Arduh<\/strong> (hijo del &#8220;Turco&#8221;, fallecido durante la temporada pasada de la Liga Nacional de B\u00e1squetbol) y <strong>Germ\u00e1n Colli<\/strong>.<\/p>\n<p><strong>El &#8220;Griego&#8221; buscar\u00e1 levantar vuelo tras dos temporadas donde fue salvado por el play off final para no descender.<\/strong> Hizo un intento por Sebasti\u00e1n Gonz\u00e1lez, quien renov\u00f3 en Quimsa de Santiago del Estero. Sigue sonando el base ex Instituto, Gast\u00f3n Whelam, y el el ala pivote Mariano Fierro, de Ferro Carril Oeste.<\/p>\n<\/p><\/div>\n","protected":false},"excerpt":{"rendered":"<p>Saborido estuvo cuatro a\u00f1os en el conjunto sunchalense donde logr\u00f3 un ascenso. Foto: UcoWeb. La dirigencia de Atenas comenz\u00f3 a moverse en el mercado de pases y empez\u00f3 con el entrenador. Anunci\u00f3 este domingo la contrataci\u00f3n de Sebasti\u00e1n Saborido, quien viene de dirigir a Libertad de Sunchales. Saborido estuvo cuatro a\u00f1os en el conjunto sunchalense [&hellip;]<\/p>\n","protected":false},"author":1,"featured_media":6971,"comment_status":"open","ping_status":"closed","sticky":false,"template":"","format":"standard","meta":[],"categories":[21],"tags":[],"_links":{"self":[{"href":"http:\/\/cordobadirecto.com\/index.php\/wp-json\/wp\/v2\/posts\/6970"}],"collection":[{"href":"http:\/\/cordobadirecto.com\/index.php\/wp-json\/wp\/v2\/posts"}],"about":[{"href":"http:\/\/cordobadirecto.com\/index.php\/wp-json\/wp\/v2\/types\/post"}],"author":[{"embeddable":true,"href":"http:\/\/cordobadirecto.com\/index.php\/wp-json\/wp\/v2\/users\/1"}],"replies":[{"embeddable":true,"href":"http:\/\/cordobadirecto.com\/index.php\/wp-json\/wp\/v2\/comments?post=6970"}],"version-history":[{"count":0,"href":"http:\/\/cordobadirecto.com\/index.php\/wp-json\/wp\/v2\/posts\/6970\/revisions"}],"wp:featuredmedia":[{"embeddable":true,"href":"http:\/\/cordobadirecto.com\/index.php\/wp-json\/wp\/v2\/media\/6971"}],"wp:attachment":[{"href":"http:\/\/cordobadirecto.com\/index.php\/wp-json\/wp\/v2\/media?parent=6970"}],"wp:term":[{"taxonomy":"category","embeddable":true,"href":"http:\/\/cordobadirecto.com\/index.php\/wp-json\/wp\/v2\/categories?post=6970"},{"taxonomy":"post_tag","embeddable":true,"href":"http:\/\/cordobadirecto.com\/index.php\/wp-json\/wp\/v2\/tags?post=6970"}],"curies":[{"name":"wp","href":"https:\/\/api.w.org\/{rel}","templated":true}]}}