{"id":6997,"date":"2021-05-24T20:03:45","date_gmt":"2021-05-24T20:03:45","guid":{"rendered":"http:\/\/cordobadirecto.com\/index.php\/2021\/05\/24\/el-federalismo-economico-en-al-historia-argentina\/"},"modified":"2021-05-24T20:03:45","modified_gmt":"2021-05-24T20:03:45","slug":"el-federalismo-economico-en-al-historia-argentina","status":"publish","type":"post","link":"http:\/\/cordobadirecto.com\/index.php\/2021\/05\/24\/el-federalismo-economico-en-al-historia-argentina\/","title":{"rendered":"El federalismo <b>econ\u00f3mico<\/b> en al historia argentina"},"content":{"rendered":"<p>Para dar inicio a esta <b>nueva<\/b> edici\u00f3n el eje tem\u00e1tico ser\u00e1 \u201cEl Federalismo &#8230; por Mendoza nos acompa\u00f1ar\u00e1 Daniel Garro, Licenciado en <b>Econom\u00eda<\/b>, M\u00e1ster &#8230; y Prudencio Bustos Arga\u00f1ar\u00e1s de <b>C\u00f3rdoba<\/b>, M\u00e9dico, Historiador y Escritor. <\/p>\n","protected":false},"excerpt":{"rendered":"<p>Para dar inicio a esta nueva edici\u00f3n el eje tem\u00e1tico ser\u00e1 \u201cEl Federalismo &#8230; por Mendoza nos acompa\u00f1ar\u00e1 Daniel Garro, Licenciado en Econom\u00eda, M\u00e1ster &#8230; y Prudencio Bustos Arga\u00f1ar\u00e1s de C\u00f3rdoba, M\u00e9dico, Historiador y Escritor.<\/p>\n","protected":false},"author":1,"featured_media":0,"comment_status":"closed","ping_status":"closed","sticky":false,"template":"","format":"standard","meta":[],"categories":[40],"tags":[],"_links":{"self":[{"href":"http:\/\/cordobadirecto.com\/index.php\/wp-json\/wp\/v2\/posts\/6997"}],"collection":[{"href":"http:\/\/cordobadirecto.com\/index.php\/wp-json\/wp\/v2\/posts"}],"about":[{"href":"http:\/\/cordobadirecto.com\/index.php\/wp-json\/wp\/v2\/types\/post"}],"author":[{"embeddable":true,"href":"http:\/\/cordobadirecto.com\/index.php\/wp-json\/wp\/v2\/users\/1"}],"replies":[{"embeddable":true,"href":"http:\/\/cordobadirecto.com\/index.php\/wp-json\/wp\/v2\/comments?post=6997"}],"version-history":[{"count":0,"href":"http:\/\/cordobadirecto.com\/index.php\/wp-json\/wp\/v2\/posts\/6997\/revisions"}],"wp:attachment":[{"href":"http:\/\/cordobadirecto.com\/index.php\/wp-json\/wp\/v2\/media?parent=6997"}],"wp:term":[{"taxonomy":"category","embeddable":true,"href":"http:\/\/cordobadirecto.com\/index.php\/wp-json\/wp\/v2\/categories?post=6997"},{"taxonomy":"post_tag","embeddable":true,"href":"http:\/\/cordobadirecto.com\/index.php\/wp-json\/wp\/v2\/tags?post=6997"}],"curies":[{"name":"wp","href":"https:\/\/api.w.org\/{rel}","templated":true}]}}