{"id":7008,"date":"2021-05-24T21:10:00","date_gmt":"2021-05-24T21:10:00","guid":{"rendered":"http:\/\/cordobadirecto.com\/index.php\/2021\/05\/24\/apelan-a-la-logica-de-economia-de-guerra-para-favorecer-la-distribucion-de-vacunas\/"},"modified":"2021-05-24T21:10:00","modified_gmt":"2021-05-24T21:10:00","slug":"apelan-a-la-logica-de-economia-de-guerra-para-favorecer-la-distribucion-de-vacunas","status":"publish","type":"post","link":"http:\/\/cordobadirecto.com\/index.php\/2021\/05\/24\/apelan-a-la-logica-de-economia-de-guerra-para-favorecer-la-distribucion-de-vacunas\/","title":{"rendered":"Apelan a la l\u00f3gica de &#8220;econom\u00eda de guerra&#8221; para favorecer la distribuci\u00f3n de vacunas"},"content":{"rendered":"<div class=\"image\" id=\"image\" readability=\"11\"> <img src=\"http:\/\/cordobadirecto.com\/wp-content\/uploads\/2021\/05\/apelan-a-la-logica-de-economia-de-guerra-para-favorecer-la-distribucion-de-vacunas.jpg\" alt=\"&quot;Se perdieron m\u00e1s de 3,4 millones de vidas, se destruyeron unos 500 millones de empleos, y las empresas han visto salir a miles de millones de sus balances&quot;.\" title=\"&quot;Se perdieron m\u00e1s de 3,4 millones de vidas, se destruyeron unos 500 millones de empleos, y las empresas han visto salir a miles de millones de sus balances&quot;.\"><\/p>\n<p>&#8220;Se perdieron m\u00e1s de 3,4 millones de vidas, se destruyeron unos 500 millones de empleos, y las empresas han visto salir a miles de millones de sus balances&#8221;.<\/p>\n<\/div>\n<p>La Organizaci\u00f3n Mundial de la Salud (OMS) inaugur\u00f3 este lunes su asamblea anual con llamados a reformar el organismo y a una m\u00e1s justa distribuci\u00f3n de las vacunas en un mundo &#8220;en guerra&#8221; contra el coronavirus, mientras India super\u00f3 las 300.000 muertes por el virus y la pandemia segu\u00eda sin dar tregua en Sudam\u00e9rica.<\/p>\n<p><strong>&#8220;Estamos en guerra contra un virus, necesitamos la l\u00f3gica y la urgencia de una econom\u00eda de guerra para aumentar la capacidad de nuestras armas&#8221;, dijo en Ginebra el secretario general de la ONU, Ant\u00f3nio Guterres<\/strong>, al inicio del principal encuentro anual de la OMS, que se realizar\u00e1 de manera remota hasta el 1 de junio.<\/p>\n<p>Seg\u00fan cifras oficiales, hasta la fecha,<strong> la pandemia caus\u00f3 m\u00e1s de 3,45 millones de v\u00edctimas mortales<\/strong> en todo el mundo; pero seg\u00fan la OMS, esa cifra podr\u00eda ser de &#8220;unos seis a ocho millones&#8221; de fallecimientos directos e indirectos, inform\u00f3 Guterres, citado por la agencia de noticias AFP.<\/p>\n<p>A su turno, el director general de la OMS,<strong> Tedros Adhanom Ghebreyesus, exhort\u00f3 a un esfuerzo global para garantizar que el 10% de la poblaci\u00f3n de cada pa\u00eds haya sido vacunado contra el coronavirus antes de septiembre.<\/strong><\/p>\n<p>La asamblea mundial de la OMS, que se celebra en momentos en que la comunidad internacional trata de acelerar las vacunaciones en los pa\u00edses pobres, tambi\u00e9n suma el pedido de pa\u00edses europeos sobre una organizaci\u00f3n m\u00e1s poderosa, capaz de llevar a cabo investigaciones independientes y mejor dotada en t\u00e9rminos financieros.<\/p>\n<p><strong>Apenas el 16% de su presupuesto procede de los aportes obligatorios de los Estados.<\/strong><\/p>\n<p> <iframe width=\"560\" height=\"315\" src=\"https:\/\/www.youtube.com\/embed\/Cfmojvg24FI?wmode=transparent&amp;showinfo=0&amp;autohide=1&amp;rel=0\" frameborder=\"0\" allowfullscreen>[embedded content]<\/iframe> <\/p>\n<p>La OMS abri\u00f3 su asamblea anual<\/p>\n<p><br open><br \/>\nMientras tanto, <strong>en la capital espa\u00f1ola de Madrid dejaron de tener vigencia&nbsp; los confinamientos<\/strong> decretados en las \u00faltimas semanas para algunos barrios y municipios considerados de alto riesgo de contagio de la Covid-19, inform\u00f3 la agencia de noticias Europa Press.<\/p>\n<p><strong>En Alemania<\/strong>, la incidencia de coronavirus en los \u00faltimos siete d\u00edas continuaba a la baja en Alemania, al registrarse 62,5 casos por cada 100.000 habitantes, inform\u00f3 el Instituto Robert Koch (RKI), dos puntos por debajo de la cifra del d\u00eda anterior.<\/p>\n<p>En paralelo, India se convirti\u00f3 en el tercer pa\u00eds en superar los 300.000 muertos por coronavirus despu\u00e9s de Estados Unidos y Brasil, en medio de un calamitoso brote que hizo colapsar su sistema hospitalario y provoc\u00f3 escasez de ox\u00edgeno y medicamentos.<\/p>\n<p>La naci\u00f3n del sur asi\u00e1tico registra 303.720 muertos tras sumar 50.000 fallecidos en dos semanas, mientras el n\u00famero de personas contagiadas se eleva a 26,7 millones, seg\u00fan datos del Ministerio de Salud.<\/p>\n<p>El pa\u00eds report\u00f3 4.454 muertes por Covid-19, la segunda cifra m\u00e1s alta desde que alcanz\u00f3 el r\u00e9cord diario de 4.529 el mi\u00e9rcoles pasado, inform\u00f3 la agencia de noticias AFP.<\/p>\n<p><strong>En Camboya<\/strong>, el Gobierno dio un nuevo paso en el plan de desescalada impuesto en febrero \u00faltimo para contener el avance de la pandemia de coronavirus, mientras que las autoridades penitenciarias alertaron de nuevos brotes en algunas de las c\u00e1rceles m\u00e1s masificadas del pa\u00eds.<\/p>\n<p>Un ejemplo es el Centro Correccional Prey Sar 1 de Nom Pen, el m\u00e1s grande del pa\u00eds con capacidad para 10.000 personas pero con un 500% por encima de su capacidad actualmente, donde este fin de semana se report\u00f3 al menos una veintena de nuevos contagios.<\/p>\n<p>En el continente Americano, <strong>Estados Unidos<\/strong> recomend\u00f3 a sus ciudadanos no viajar a Jap\u00f3n, sede de los pr\u00f3ximos Juegos Ol\u00edmpicos, por razones sanitarias, pero tambi\u00e9n por &#8220;factores secundarios como la disponibilidad de vuelos comerciales, restricciones a los ingresos de ciudadanos estadounidenses e impedimentos para obtener en tres d\u00edas los resultados de los test de Covid&#8221;, comunic\u00f3 el Departamento de Estado.<\/p>\n<div class=\"image\" id=\"image\" readability=\"7\"> <img src=\"http:\/\/cordobadirecto.com\/wp-content\/uploads\/2021\/05\/apelan-a-la-logica-de-economia-de-guerra-para-favorecer-la-distribucion-de-vacunas-1.jpg\" alt=\"115.000 trabajadores sanitarios de todo el mundo murieron de Covid-19.\" title=\"115.000 trabajadores sanitarios de todo el mundo murieron de Covid-19.\"><\/p>\n<p>115.000 trabajadores sanitarios de todo el mundo murieron de Covid-19.<\/p>\n<\/div>\n<p><br open><br \/>\n<strong>Jap\u00f3n<\/strong> abri\u00f3 sus primeros centros de vacunaci\u00f3n masiva en forma acelerada en una campa\u00f1a previa a los Juegos Ol\u00edmpicos, que hab\u00edan sido cancelados el a\u00f1o pasado debido a la pandemia, pero solo el 2% de los 125 millones de habitantes fueron completamente vacunados.<\/p>\n<p><strong>Hait\u00ed<\/strong>, por su parte, declar\u00f3 este lunes el estado de emergencia sanitaria en todo el pa\u00eds por ocho d\u00edas ante el aumento de los contagios de covid-19 tras la detecci\u00f3n de las variantes inglesa y brasile\u00f1a del virus.<\/p>\n<p>Por otro lado, en Chile, el presidente Sebasti\u00e1n Pi\u00f1era anunci\u00f3 que el pa\u00eds implementar\u00e1 un &#8220;pase de movilidad&#8221; para quienes hayan recibido dos dosis de una vacuna contra el coronavirus, lo que les permitir\u00eda desplazarse entre regiones y recibir gradualmente m\u00e1s libertades, y subray\u00f3 que las libertades de este pase \u201cse ir\u00e1n ampliando seg\u00fan la evoluci\u00f3n de las condiciones sanitarias\u201d.<\/p>\n<div class=\"image\" id=\"image\" readability=\"7\"> <img src=\"http:\/\/cordobadirecto.com\/wp-content\/uploads\/2021\/05\/apelan-a-la-logica-de-economia-de-guerra-para-favorecer-la-distribucion-de-vacunas-2.jpg\" alt=\"M\u00e1s del 75% de todas las vacunas se han administrado en solo diez pa\u00edses.\" title=\"M\u00e1s del 75% de todas las vacunas se han administrado en solo diez pa\u00edses.\"><\/p>\n<p>M\u00e1s del 75% de todas las vacunas se han administrado en solo diez pa\u00edses.<\/p>\n<\/div>\n<p><br open><br \/>\n<b>Chile&nbsp;<\/b>ya vacun\u00f3 a 9,5 millones de personas con una dosis de la vacuna y 7,6 millones de personas con las dos dosis, lo que supone m\u00e1s del 50% de la poblaci\u00f3n objetiva de vacunaci\u00f3n completa, que est\u00e1 en 15,2 millones de los 19 millones de chilenos.<\/p>\n<p>El buen ritmo de vacunaci\u00f3n puso al pa\u00eds como l\u00edder en esta materia en Am\u00e9rica Latina.<\/p>\n<p>Los contagios, sin embargo, repuntaron, y la tasa de positividad diaria es actualmente de 9,02% y los casos activos superan los 40.000.<\/p>\n<p>El presidente de <strong>Bolivia<\/strong>, Luis Arce, recibi\u00f3 la primera dosis de la vacuna Sputnik V contra el coronavirus.<\/p>\n<p>&#8220;Creo que esta es una se\u00f1al para la poblaci\u00f3n, para que acuda a los centros de vacunaci\u00f3n y se ponga la primera dosis y a aquellos a los que les toca la segunda, tambi\u00e9n que acudan&#8221;, dijo Arce en el Hospital del Sur de El Alto, citado por la agencia de noticias ABI. <\/p>\n","protected":false},"excerpt":{"rendered":"<p>&#8220;Se perdieron m\u00e1s de 3,4 millones de vidas, se destruyeron unos 500 millones de empleos, y las empresas han visto salir a miles de millones de sus balances&#8221;. La Organizaci\u00f3n Mundial de la Salud (OMS) inaugur\u00f3 este lunes su asamblea anual con llamados a reformar el organismo y a una m\u00e1s justa distribuci\u00f3n de las [&hellip;]<\/p>\n","protected":false},"author":1,"featured_media":7009,"comment_status":"closed","ping_status":"closed","sticky":false,"template":"","format":"standard","meta":[],"categories":[24],"tags":[],"_links":{"self":[{"href":"http:\/\/cordobadirecto.com\/index.php\/wp-json\/wp\/v2\/posts\/7008"}],"collection":[{"href":"http:\/\/cordobadirecto.com\/index.php\/wp-json\/wp\/v2\/posts"}],"about":[{"href":"http:\/\/cordobadirecto.com\/index.php\/wp-json\/wp\/v2\/types\/post"}],"author":[{"embeddable":true,"href":"http:\/\/cordobadirecto.com\/index.php\/wp-json\/wp\/v2\/users\/1"}],"replies":[{"embeddable":true,"href":"http:\/\/cordobadirecto.com\/index.php\/wp-json\/wp\/v2\/comments?post=7008"}],"version-history":[{"count":0,"href":"http:\/\/cordobadirecto.com\/index.php\/wp-json\/wp\/v2\/posts\/7008\/revisions"}],"wp:featuredmedia":[{"embeddable":true,"href":"http:\/\/cordobadirecto.com\/index.php\/wp-json\/wp\/v2\/media\/7009"}],"wp:attachment":[{"href":"http:\/\/cordobadirecto.com\/index.php\/wp-json\/wp\/v2\/media?parent=7008"}],"wp:term":[{"taxonomy":"category","embeddable":true,"href":"http:\/\/cordobadirecto.com\/index.php\/wp-json\/wp\/v2\/categories?post=7008"},{"taxonomy":"post_tag","embeddable":true,"href":"http:\/\/cordobadirecto.com\/index.php\/wp-json\/wp\/v2\/tags?post=7008"}],"curies":[{"name":"wp","href":"https:\/\/api.w.org\/{rel}","templated":true}]}}