{"id":7013,"date":"2021-05-24T18:17:00","date_gmt":"2021-05-24T18:17:00","guid":{"rendered":"https:\/\/lmdiario.com.ar\/contenido\/290058\/pesar-por-el-fallecimiento-de-la-reconocida-escritora-mariela-laudecina"},"modified":"2021-05-24T18:17:00","modified_gmt":"2021-05-24T18:17:00","slug":"pesar-por-el-fallecimiento-de-la-reconocida-escritora-mariela-laudecina","status":"publish","type":"post","link":"http:\/\/cordobadirecto.com\/index.php\/2021\/05\/24\/pesar-por-el-fallecimiento-de-la-reconocida-escritora-mariela-laudecina\/","title":{"rendered":"Pesar por el fallecimiento de la reconocida escritora Mariela Laudecina"},"content":{"rendered":"<div readability=\"32\"> <img alt=\"Laudecina\" class=\"img-responsive\" height=\"680\" loading=\"lazy\" sizes=\"auto\" src=\"http:\/\/cordobadirecto.com\/wp-content\/uploads\/2021\/05\/pesar-por-el-fallecimiento-de-la-reconocida-escritora-mariela-laudecina.jpg\" srcset=\"http:\/\/cordobadirecto.com\/wp-content\/uploads\/2021\/05\/pesar-por-el-fallecimiento-de-la-reconocida-escritora-mariela-laudecina.jpg 800w, http:\/\/cordobadirecto.com\/wp-content\/uploads\/2021\/05\/pesar-por-el-fallecimiento-de-la-reconocida-escritora-mariela-laudecina-1.jpg 352w\" width=\"800\"> <\/p>\n<p> <span>La escritora public\u00f3 diferentes libros de poemas en sellos independientes.<\/span> <span>Foto: Facebook.<\/span> <\/p>\n<\/p><\/div>\n<div readability=\"55.521201413428\">\n<p><strong>La reconocida escritora Mariela Laudecina falleci\u00f3 este lunes en la ciudad de C\u00f3rdoba. Ten\u00eda 46 a\u00f1os y se encontraba a la espera de un trasplante de m\u00e9dula, ya que desde hace tiempo se encontraba luchando contra la leucemia.<\/strong><\/p>\n<p>Naci\u00f3 en 1974, la provincia de Mendoza. Sin embargo, se radic\u00f3 en C\u00f3rdoba desde joven donde desarroll\u00f3 su actividad como cronista, poeta, narradora y docente en talleres literarios.<\/p>\n<p><strong>La escritora public\u00f3 diferentes libros de poemas en sellos independientes<\/strong>. &#8220;Hacia la cavidad&#8221;, &#8220;Tomo las decisiones con los pies&#8221;, &#8220;Perfume de jarilla&#8221; y &#8220;Ciruelas&#8221; formaron parte del cat\u00e1logo de Llantodemudo. &#8220;Intiyaco&#8221; fue publicado por Flor de Cardo, y &#8220;La culpa es del sue\u00f1o&#8221;, por Yaugur\u00fa. Su novela &#8220;El cielo es para los \u00e1ngeles&#8221;, que fue reeditada con ilustraciones de Cuqui, sali\u00f3 en Textos de Cart\u00f3n. En 2020, dio a conocer &#8220;Los caprichos de Leonora&#8221; (Caleta Olivia).<\/p>\n<p><strong>Su fallecimiento conmocion\u00f3 al mundo de la cultura local y fueron numerosos los mensajes de despedida que se compartieron a trav\u00e9s de las redes sociales<\/strong>.<\/p>\n<p>Compartimos la presentaci\u00f3n la lectura de un fragmento de &#8220;El Bosque de las Mujeres Amadas&#8221; realizado por Mariela Laudecina en Radio 102.3.<\/p>\n<p class=\"embed-responsive embed-responsive-16by9\" contenteditable=\"false\"><iframe allowfullscreen=\"allowfullscreen\" class=\"embed-responsive-item\" height=\"300\" loading=\"lazy\" src=\"https:\/\/www.youtube.com\/embed\/O_yipqGPoXY\" width=\"500\">[embedded content]<\/iframe><\/p>\n<\/p><\/div>\n","protected":false},"excerpt":{"rendered":"<p>La escritora public\u00f3 diferentes libros de poemas en sellos independientes. Foto: Facebook. La reconocida escritora Mariela Laudecina falleci\u00f3 este lunes en la ciudad de C\u00f3rdoba. Ten\u00eda 46 a\u00f1os y se encontraba a la espera de un trasplante de m\u00e9dula, ya que desde hace tiempo se encontraba luchando contra la leucemia. Naci\u00f3 en 1974, la provincia [&hellip;]<\/p>\n","protected":false},"author":1,"featured_media":7014,"comment_status":"closed","ping_status":"closed","sticky":false,"template":"","format":"standard","meta":[],"categories":[20],"tags":[],"_links":{"self":[{"href":"http:\/\/cordobadirecto.com\/index.php\/wp-json\/wp\/v2\/posts\/7013"}],"collection":[{"href":"http:\/\/cordobadirecto.com\/index.php\/wp-json\/wp\/v2\/posts"}],"about":[{"href":"http:\/\/cordobadirecto.com\/index.php\/wp-json\/wp\/v2\/types\/post"}],"author":[{"embeddable":true,"href":"http:\/\/cordobadirecto.com\/index.php\/wp-json\/wp\/v2\/users\/1"}],"replies":[{"embeddable":true,"href":"http:\/\/cordobadirecto.com\/index.php\/wp-json\/wp\/v2\/comments?post=7013"}],"version-history":[{"count":0,"href":"http:\/\/cordobadirecto.com\/index.php\/wp-json\/wp\/v2\/posts\/7013\/revisions"}],"wp:featuredmedia":[{"embeddable":true,"href":"http:\/\/cordobadirecto.com\/index.php\/wp-json\/wp\/v2\/media\/7014"}],"wp:attachment":[{"href":"http:\/\/cordobadirecto.com\/index.php\/wp-json\/wp\/v2\/media?parent=7013"}],"wp:term":[{"taxonomy":"category","embeddable":true,"href":"http:\/\/cordobadirecto.com\/index.php\/wp-json\/wp\/v2\/categories?post=7013"},{"taxonomy":"post_tag","embeddable":true,"href":"http:\/\/cordobadirecto.com\/index.php\/wp-json\/wp\/v2\/tags?post=7013"}],"curies":[{"name":"wp","href":"https:\/\/api.w.org\/{rel}","templated":true}]}}