{"id":7015,"date":"2021-05-24T16:13:00","date_gmt":"2021-05-24T16:13:00","guid":{"rendered":"https:\/\/lmdiario.com.ar\/contenido\/290043\/godin-reconocio-que-el-cacique-lo-llamo-para-sumarse-a-talleres"},"modified":"2021-05-24T16:13:00","modified_gmt":"2021-05-24T16:13:00","slug":"godin-reconocio-que-el-cacique-lo-llamo-para-sumarse-a-talleres","status":"publish","type":"post","link":"http:\/\/cordobadirecto.com\/index.php\/2021\/05\/24\/godin-reconocio-que-el-cacique-lo-llamo-para-sumarse-a-talleres\/","title":{"rendered":"God\u00edn reconoci\u00f3 que el &#8220;Cacique&#8221; lo llam\u00f3 para sumarse a Talleres"},"content":{"rendered":"<div readability=\"34\"> <img alt=\"medica godin\" class=\"img-responsive\" height=\"666\" loading=\"lazy\" sizes=\"auto\" src=\"http:\/\/cordobadirecto.com\/wp-content\/uploads\/2021\/05\/godin-reconocio-que-el-cacique-lo-llamo-para-sumarse-a-talleres.jpg\" srcset=\"http:\/\/cordobadirecto.com\/wp-content\/uploads\/2021\/05\/godin-reconocio-que-el-cacique-lo-llamo-para-sumarse-a-talleres.jpg 1188w, http:\/\/cordobadirecto.com\/wp-content\/uploads\/2021\/05\/godin-reconocio-que-el-cacique-lo-llamo-para-sumarse-a-talleres-1.jpg 400w\" width=\"1188\"> <\/p>\n<p> <span>&#8220;El Cacique Medina me ha llamado varias veces para que vaya a Talleres&#8221;, expres\u00f3 el defensor.<\/span> <span>Foto: captura de pantalla.<\/span> <\/p>\n<\/p><\/div>\n<div readability=\"52.159624413146\">\n<p><strong>En Talleres hay ilusi\u00f3n para poder sumar un refuerzo de fuste, tres veces mundialista con la Selecci\u00f3n de Uruguay. <\/strong>Es que seg\u00fan trascendi\u00f3, <strong>el DT albiazul, Alexander Medina, llam\u00f3 al defensor Diego Godin <\/strong>para que se sume al proyecto en barrio Jard\u00edn.&nbsp;<\/p>\n<p>&#8220;<strong>El Cacique Medina me ha llamado varias veces para que vaya a Talleres<\/strong>&#8220;, expres\u00f3 el defensor en el programa &#8220;Punto penal&#8221; de Canal 10 de Montevideo.<\/p>\n<p><strong>El &nbsp;ex jugador de Atl\u00e9tico de Madrid, Inter y ahora en Cagliari <\/strong>mantiene una relaci\u00f3n de amistad con el director t\u00e9cnico de Talleres, e incluso le dedic\u00f3 un gol con el habitual festejo de Medina en tiempos de delantero, arrodillado para tirar una flecha. <strong>El v\u00ednculo con el Cagliari, vence en junio de 2023<\/strong>.&nbsp;<\/p>\n<p>De todas maneras, la posibilidad luce improbable desde lo econ\u00f3mico pero al menos hubo un contacto.&nbsp;<\/p>\n<\/p><\/div>\n","protected":false},"excerpt":{"rendered":"<p>&#8220;El Cacique Medina me ha llamado varias veces para que vaya a Talleres&#8221;, expres\u00f3 el defensor. Foto: captura de pantalla. En Talleres hay ilusi\u00f3n para poder sumar un refuerzo de fuste, tres veces mundialista con la Selecci\u00f3n de Uruguay. Es que seg\u00fan trascendi\u00f3, el DT albiazul, Alexander Medina, llam\u00f3 al defensor Diego Godin para que [&hellip;]<\/p>\n","protected":false},"author":1,"featured_media":7016,"comment_status":"open","ping_status":"closed","sticky":false,"template":"","format":"standard","meta":[],"categories":[21],"tags":[],"_links":{"self":[{"href":"http:\/\/cordobadirecto.com\/index.php\/wp-json\/wp\/v2\/posts\/7015"}],"collection":[{"href":"http:\/\/cordobadirecto.com\/index.php\/wp-json\/wp\/v2\/posts"}],"about":[{"href":"http:\/\/cordobadirecto.com\/index.php\/wp-json\/wp\/v2\/types\/post"}],"author":[{"embeddable":true,"href":"http:\/\/cordobadirecto.com\/index.php\/wp-json\/wp\/v2\/users\/1"}],"replies":[{"embeddable":true,"href":"http:\/\/cordobadirecto.com\/index.php\/wp-json\/wp\/v2\/comments?post=7015"}],"version-history":[{"count":0,"href":"http:\/\/cordobadirecto.com\/index.php\/wp-json\/wp\/v2\/posts\/7015\/revisions"}],"wp:featuredmedia":[{"embeddable":true,"href":"http:\/\/cordobadirecto.com\/index.php\/wp-json\/wp\/v2\/media\/7016"}],"wp:attachment":[{"href":"http:\/\/cordobadirecto.com\/index.php\/wp-json\/wp\/v2\/media?parent=7015"}],"wp:term":[{"taxonomy":"category","embeddable":true,"href":"http:\/\/cordobadirecto.com\/index.php\/wp-json\/wp\/v2\/categories?post=7015"},{"taxonomy":"post_tag","embeddable":true,"href":"http:\/\/cordobadirecto.com\/index.php\/wp-json\/wp\/v2\/tags?post=7015"}],"curies":[{"name":"wp","href":"https:\/\/api.w.org\/{rel}","templated":true}]}}