{"id":7042,"date":"2021-05-25T14:03:01","date_gmt":"2021-05-25T14:03:01","guid":{"rendered":"https:\/\/puntoapunto.com.ar\/?p=278115"},"modified":"2021-05-25T14:03:01","modified_gmt":"2021-05-25T14:03:01","slug":"perfil-cordoba-cumple-cuatro-anos-se-viene-una-edicion-especial","status":"publish","type":"post","link":"http:\/\/cordobadirecto.com\/index.php\/2021\/05\/25\/perfil-cordoba-cumple-cuatro-anos-se-viene-una-edicion-especial\/","title":{"rendered":"Perfil C\u00f3rdoba cumple cuatro a\u00f1os (se viene una edici\u00f3n especial)"},"content":{"rendered":"<p><!-- image --><\/p>\n<div class=\"td-post-featured-image\"><a href=\"http:\/\/cordobadirecto.com\/wp-content\/uploads\/2021\/05\/perfil-cordoba-cumple-cuatro-anos-se-viene-una-edicion-especial.jpg\" data-caption><img loading=\"lazy\" width=\"639\" height=\"396\" class=\"entry-thumb td-modal-image\" src=\"http:\/\/cordobadirecto.com\/wp-content\/uploads\/2021\/05\/perfil-cordoba-cumple-cuatro-anos-se-viene-una-edicion-especial.jpg\" srcset=\"http:\/\/cordobadirecto.com\/wp-content\/uploads\/2021\/05\/perfil-cordoba-cumple-cuatro-anos-se-viene-una-edicion-especial.jpg 639w, http:\/\/cordobadirecto.com\/wp-content\/uploads\/2021\/05\/perfil-cordoba-cumple-cuatro-anos-se-viene-una-edicion-especial-1.jpg 300w, http:\/\/cordobadirecto.com\/wp-content\/uploads\/2021\/05\/perfil-cordoba-cumple-cuatro-anos-se-viene-una-edicion-especial-2.jpg 150w, http:\/\/cordobadirecto.com\/wp-content\/uploads\/2021\/05\/perfil-cordoba-cumple-cuatro-anos-se-viene-una-edicion-especial-3.jpg 356w\" sizes=\"(max-width: 639px) 100vw, 639px\" alt title=\"Perfil 4 a\u00f1os logo\"><\/a><\/div>\n<p> <!-- content --><\/p>\n<div class=\"td-a-rec td-a-rec-id-content_top tdi_73_edc td_block_template_10\">\n<div class=\"g g-34\">\n<div class=\"g-single a-299\"><a class=\"gofollow\" data-track=\"Mjk5LDM0LDEsNjA=\" href=\"http:\/\/www.grupocanter.com.ar\/landing\/blanqueo\/pap\/?utm_source=Punto%20a%20Punto&amp;utm_medium=Banners&amp;utm_campaign=Blanqueo&amp;utm_term=950x187\"><img src=\"http:\/\/cordobadirecto.com\/wp-content\/uploads\/2021\/05\/perfil-cordoba-cumple-cuatro-anos-se-viene-una-edicion-especial.gif\"><\/a><\/div>\n<\/div>\n<\/div>\n<p>El 28 de mayo de 2017 se puso en marcha en C\u00f3rdoba un proyecto period\u00edstico que al poco<br \/>tiempo se consolid\u00f3 como <a href=\"https:\/\/puntoapunto.com.ar\/tag\/una\/\" class=\"st_tag internal_tag\" rel=\"tag\" title=\"Posts tagged with UNA\">una<\/a> <a href=\"https:\/\/puntoapunto.com.ar\/tag\/realidad\/\" class=\"st_tag internal_tag\" rel=\"tag\" title=\"Posts tagged with realidad\">realidad<\/a>.<\/p>\n<p>Aquella propuesta period\u00edstica que apuntaba al rigor en los contenidos, al an\u00e1lisis de fondo<br \/>y a la lectura sin concesiones sobre la realidad que vivimos, pronto super\u00f3 las <a href=\"https:\/\/puntoapunto.com.ar\/tag\/expectativas\/\" class=\"st_tag internal_tag\" rel=\"tag\" title=\"Posts tagged with Expectativas\">expectativas<\/a><br \/>y est\u00e1 cumpliendo cuatro a\u00f1os en el mercado editorial de C\u00f3rdoba.<\/p>\n<p><strong>Perfil C\u00f3rdoba<\/strong>, con motivo de su nuevo aniversario<strong>, lanzar\u00e1 el 6 de junio una edici\u00f3n<\/strong><br \/><strong>especial con informes especiales y entrevistas a los l\u00edderes y referentes m\u00e1s destacados de<\/strong><br \/><strong>C\u00f3rdoba y el pa\u00eds.<\/strong><\/p>\n<p>Qu\u00e9 ven, qu\u00e9 esperan y qu\u00e9 proyectan los que deciden el rumbo de la pol\u00edtica, la econom\u00eda,<br \/>la justicia, la salud, la religi\u00f3n, la cultura y el deporte.<\/p>\n<p>Se trata de una edici\u00f3n especial que tiene por objetivo renovar el compromiso asumido en<br \/>2017 y que se mantiene en la actualidad con el periodismo independiente y con el an\u00e1lisis<br \/>cr\u00edtico y profundo, con un solo fin: ayudar a entender m\u00e1s y mejor, lo que pas\u00f3, lo que pasa y lo que viene.<\/p>\n<h5><strong>Su empresa puede ser parte de este n\u00famero especial acompa\u00f1ando comercialmente. Para <\/strong><strong>mayor informaci\u00f3n, comunicarse al (0351) 5-891500 interno 121.<\/strong><\/h5>\n<p>No tags for this post. <!-- A generated by theme --> <!-- end A --> <\/p>\n","protected":false},"excerpt":{"rendered":"<p>El 28 de mayo de 2017 se puso en marcha en C\u00f3rdoba un proyecto period\u00edstico que al pocotiempo se consolid\u00f3 como una realidad. Aquella propuesta period\u00edstica que apuntaba al rigor en los contenidos, al an\u00e1lisis de fondoy a la lectura sin concesiones sobre la realidad que vivimos, pronto super\u00f3 las expectativasy est\u00e1 cumpliendo cuatro a\u00f1os [&hellip;]<\/p>\n","protected":false},"author":1,"featured_media":7043,"comment_status":"closed","ping_status":"closed","sticky":false,"template":"","format":"standard","meta":[],"categories":[25],"tags":[],"_links":{"self":[{"href":"http:\/\/cordobadirecto.com\/index.php\/wp-json\/wp\/v2\/posts\/7042"}],"collection":[{"href":"http:\/\/cordobadirecto.com\/index.php\/wp-json\/wp\/v2\/posts"}],"about":[{"href":"http:\/\/cordobadirecto.com\/index.php\/wp-json\/wp\/v2\/types\/post"}],"author":[{"embeddable":true,"href":"http:\/\/cordobadirecto.com\/index.php\/wp-json\/wp\/v2\/users\/1"}],"replies":[{"embeddable":true,"href":"http:\/\/cordobadirecto.com\/index.php\/wp-json\/wp\/v2\/comments?post=7042"}],"version-history":[{"count":0,"href":"http:\/\/cordobadirecto.com\/index.php\/wp-json\/wp\/v2\/posts\/7042\/revisions"}],"wp:featuredmedia":[{"embeddable":true,"href":"http:\/\/cordobadirecto.com\/index.php\/wp-json\/wp\/v2\/media\/7043"}],"wp:attachment":[{"href":"http:\/\/cordobadirecto.com\/index.php\/wp-json\/wp\/v2\/media?parent=7042"}],"wp:term":[{"taxonomy":"category","embeddable":true,"href":"http:\/\/cordobadirecto.com\/index.php\/wp-json\/wp\/v2\/categories?post=7042"},{"taxonomy":"post_tag","embeddable":true,"href":"http:\/\/cordobadirecto.com\/index.php\/wp-json\/wp\/v2\/tags?post=7042"}],"curies":[{"name":"wp","href":"https:\/\/api.w.org\/{rel}","templated":true}]}}